{"id":40995,"date":"2015-09-18T10:21:23","date_gmt":"2015-09-18T13:21:23","guid":{"rendered":"http:\/\/prensa.mendoza.gov.ar\/?p=40995"},"modified":"2015-09-18T10:21:23","modified_gmt":"2015-09-18T13:21:23","slug":"mas-actividades-en-el-parque-general-san-martin","status":"publish","type":"post","link":"https:\/\/www.mendoza.gov.ar\/prensa\/mas-actividades-en-el-parque-general-san-martin\/","title":{"rendered":"Agenda de actividades en el Parque General San Mart\u00edn este fin de semana"},"content":{"rendered":"<!DOCTYPE html PUBLIC \"-\/\/W3C\/\/DTD HTML 4.0 Transitional\/\/EN\" \"http:\/\/www.w3.org\/TR\/REC-html40\/loose.dtd\">\n<html><body><p>La Administraci&oacute;n&nbsp;de Parques y Zool&oacute;gicos informa que desde este&nbsp;jueves 17 de septiembre&nbsp;y hasta el pr&oacute;ximo lunes&nbsp;21 se realizar&aacute;n dos eventos muy convocantes: la Expo Cuero Mendoza 2015 y&nbsp; la &ldquo;Semana de&nbsp;la Movilidad Sostenible&rdquo;.<\/p>\n<p>La <a href=\"https:\/\/www.mendoza.gov.ar\/prensa\/comenzo-la-3o-edicion-de-la-expo-cuero-en-el-parque-general-san-martin\/\">Expo Cuero<\/a>, en la cual artesanos y emprendedores de marroquiner&iacute;a, talabarter&iacute;a, cuero crudo, indumentaria y calzados, de la provincia y del pa&iacute;s ofrecer&aacute;n sus productos en el Parque General San Mart&iacute;n, que se extender&aacute; desde hoy hasta el pr&oacute;ximo domingo 20.<\/p>\n<p>Por este motivo, para los mendocinos que atraviesan y circulan habitualmente se adjunta mapa con las v&iacute;as alternativas de circulaci&oacute;n dentro del Parque:<\/p>\n<p><a href=\"https:\/\/www.mendoza.gov.ar\/prensa\/wp-content\/uploads\/sites\/23\/17-09-15circulacion-expocuero.jpg\"><img loading=\"lazy\" class=\"alignnone wp-image-41001 img-responsive center-block\" src=\"https:\/\/www.mendoza.gov.ar\/prensa\/wp-content\/uploads\/sites\/23\/17-09-15circulacion-expocuero.jpg\" alt=\"\" width=\"650\" height=\"770\"><\/a><\/p>\n<p>Por otra parte, el lunes 21 de septiembre, en el marco de la &ldquo;Semana de&nbsp;la Movilidad Sostenible&rdquo;, el Ministerio de Tierras, Ambiente y Recursos Naturales &nbsp;invita a participar de los festejos del &ldquo;D&iacute;a Internacional Sin Autos&rdquo; y de&nbsp;la Primavera&nbsp;en el Parque General San Mart&iacute;n.<\/p>\n<p>Esta iniciativa internacional, a la que se adhirieron m&aacute;s de 2.000 ciudades del mundo, tiene como objetivo sensibilizar a la poblaci&oacute;n acerca del impacto positivo que se produce al realizar la combinaci&oacute;n correcta de transportes fomentando el uso de la movilidad P&uacute;blica animando a los ciudadanos a mejorar su salud y bienestar optando por un cambio en sus &nbsp;pautas de movilidad cotidianas.<\/p>\n<p>A continuaci&oacute;n se adjunta mapa de las v&iacute;as alternativas de circulaci&oacute;n dentro del Parque, debido a la &ldquo;Semana de&nbsp;la Movilidad Sostenible&rdquo;:<\/p>\n<p><a href=\"https:\/\/www.mendoza.gov.ar\/prensa\/wp-content\/uploads\/sites\/23\/17-09-15circulacion-sin-autos.jpg\"><img loading=\"lazy\" class=\"alignnone wp-image-41002 img-responsive center-block\" src=\"https:\/\/www.mendoza.gov.ar\/prensa\/wp-content\/uploads\/sites\/23\/17-09-15circulacion-sin-autos.jpg\" alt=\"plano parque grande\" width=\"546\" height=\"647\"><\/a><\/p>\n<p>&nbsp;<\/p>\n<p><strong>Notas relacionadas<\/strong><\/p>\n<h2><a href=\"https:\/\/www.mendoza.gov.ar\/prensa\/operativos-ambiente-controlara-los-espejos-de-agua-este-fin-de-semana\/\">Operativos: Ambiente controlar&aacute; los espejos de agua este fin de semana<\/a><\/h2>\n<h2><a href=\"https:\/\/www.mendoza.gov.ar\/prensa\/el-gobierno-implementara-un-operativo-conjunto-para-el-fin-de-semana-por-el-dia-del-estudiante\/\">El Gobierno implementar&aacute; un operativo conjunto para el fin de semana por el &ldquo;D&iacute;a del Estudiante&rdquo;<\/a><\/h2>\n<h2><a href=\"https:\/\/www.mendoza.gov.ar\/prensa\/salud-festejara-el-dia-del-estudiante-con-multiples-actividades-de-promocion-en-el-parque-general-san-martin\/\">Salud festejar&aacute; el D&iacute;a del Estudiante con m&uacute;ltiples actividades de promoci&oacute;n en el Parque General San Mart&iacute;n<\/a><\/h2>\n<h2><a href=\"https:\/\/www.mendoza.gov.ar\/prensa\/agroindustria-realizara-controles-por-el-dia-del-estudiante\/\">Agroindustria realizar&aacute; controles por el d&iacute;a del estudiante<\/a><\/h2>\n<\/body><\/html>\n","protected":false},"excerpt":{"rendered":"A la Expo Cuero que comenz\u00f3 hoy, se sumar\u00e1 el D\u00eda Internacional sin Autos, en el marco de la semana de la Movilidad Sostenible.","protected":false},"author":3,"featured_media":41000,"comment_status":"open","ping_status":"open","sticky":false,"template":"","format":"standard","meta":[],"categories":[3],"tags":[],"_links":{"self":[{"href":"https:\/\/www.mendoza.gov.ar\/prensa\/wp-json\/wp\/v2\/posts\/40995"}],"collection":[{"href":"https:\/\/www.mendoza.gov.ar\/prensa\/wp-json\/wp\/v2\/posts"}],"about":[{"href":"https:\/\/www.mendoza.gov.ar\/prensa\/wp-json\/wp\/v2\/types\/post"}],"author":[{"embeddable":true,"href":"https:\/\/www.mendoza.gov.ar\/prensa\/wp-json\/wp\/v2\/users\/3"}],"replies":[{"embeddable":true,"href":"https:\/\/www.mendoza.gov.ar\/prensa\/wp-json\/wp\/v2\/comments?post=40995"}],"version-history":[{"count":0,"href":"https:\/\/www.mendoza.gov.ar\/prensa\/wp-json\/wp\/v2\/posts\/40995\/revisions"}],"wp:featuredmedia":[{"embeddable":true,"href":"https:\/\/www.mendoza.gov.ar\/prensa\/wp-json\/wp\/v2\/media\/41000"}],"wp:attachment":[{"href":"https:\/\/www.mendoza.gov.ar\/prensa\/wp-json\/wp\/v2\/media?parent=40995"}],"wp:term":[{"taxonomy":"category","embeddable":true,"href":"https:\/\/www.mendoza.gov.ar\/prensa\/wp-json\/wp\/v2\/categories?post=40995"},{"taxonomy":"post_tag","embeddable":true,"href":"https:\/\/www.mendoza.gov.ar\/prensa\/wp-json\/wp\/v2\/tags?post=40995"}],"curies":[{"name":"wp","href":"https:\/\/api.w.org\/{rel}","templated":true}]}}