{"id":41015,"date":"2015-09-20T10:00:44","date_gmt":"2015-09-20T13:00:44","guid":{"rendered":"http:\/\/prensa.mendoza.gov.ar\/?p=41015"},"modified":"2015-09-20T10:00:44","modified_gmt":"2015-09-20T13:00:44","slug":"el-gobierno-implementara-un-operativo-conjunto-para-el-fin-de-semana-por-el-dia-del-estudiante","status":"publish","type":"post","link":"https:\/\/www.mendoza.gov.ar\/prensa\/el-gobierno-implementara-un-operativo-conjunto-para-el-fin-de-semana-por-el-dia-del-estudiante\/","title":{"rendered":"El Gobierno implementar\u00e1 un operativo conjunto para el fin de semana por el \u201cD\u00eda del Estudiante\u201d"},"content":{"rendered":"<!DOCTYPE html PUBLIC \"-\/\/W3C\/\/DTD HTML 4.0 Transitional\/\/EN\" \"http:\/\/www.w3.org\/TR\/REC-html40\/loose.dtd\">\n<html><body><p>La Provincia&nbsp;ha organizado una serie de operativos y controles en toda la provincia con motivo de desarrollarse los festejos del &ldquo;D&iacute;a de la Primavera&rdquo; y &ldquo;del Estudiante&rdquo;, previstos para los d&iacute;as 20 y 21.<\/p>\n<p>Los ministerios de Seguridad y Transporte han dispuesto operativos&nbsp;especiales para la seguridad de las personas y el desarrollo armonioso de los festejos en todo el territorio provincial.<\/p>\n<p>Las medidas buscan prevenir situaciones delictivas y contravencionales y garantizar la seguridad en el traslado de los j&oacute;venes.<\/p>\n<p><strong>Operativo de Seguridad<\/strong><\/p>\n<p>El Ministerio de Seguridad ha implementado una serie de controles que afectar&aacute;n a 1.200 efectivos que&nbsp;tendr&aacute; como objetivo principal prevenir situaciones delictivas y contravencionales, especialmente, en aquellos lugares asignados para tal fin.<\/p>\n<p>El Parque General San Mart&iacute;n, espacios verdes departamentales, espejos de agua, diversi&oacute;n nocturna, recitales, circuito de monta&ntilde;a y camping entre otros, ser&aacute;n controlados exhaustivamente por la polic&iacute;a.<\/p>\n<p>En los departamentos del sur provincial se prestar&aacute; especial atenci&oacute;n a los diques Valle Grande y Nihuil, mientras que en el departamento de Lujan de Cuyo, se har&aacute; lo propio en los diques Potrerillos y El Carrizal.<\/p>\n<p>Mientras tanto, se intensificar&aacute;n los controles viales diurnos y nocturnos, con la implementaci&oacute;n de controles de dosajes de alcohol a la salida de los boliches y en diferentes puestos m&oacute;viles en rutas y accesos.<\/p>\n<p><strong>Espect&aacute;culos musicales<\/strong><\/p>\n<p>Adem&aacute;s el ministerio reforzar&aacute; las medidas de prevenci&oacute;n y seguridad en lugares de mayor concurrencia de p&uacute;blico, donde actuar&aacute;n bandas musicales. Esto ser&aacute; en los departamentos de San Mart&iacute;n, Rivadavia, Jun&iacute;n, Santa Rosa y La Paz.<\/p>\n<p>Cabe destacar que entre los recitales a desarrollarse se detallan:<\/p>\n<ul>\n<li>La Fiesta y Gaby Amato en el boliche El Santo en Maip&uacute;,<\/li>\n<li>los grupos Estelares y No te va gustar que brindar&aacute;n su show en el Parque Agnesi de San Mart&iacute;n,<\/li>\n<li>Los Caligaris en el anfiteatro Cesar Plastina de Rivadavia;<\/li>\n<li>Las Pastillas del Abuelo en el Teatro Municipal Ney&uacute; Map&uacute; de San Carlos,<\/li>\n<li>La Konga en el Parque Due&ntilde;o del Sol de Jun&iacute;n,<\/li>\n<li>La Beriso en el Polideportivo de la Democracia en la La Paz;<\/li>\n<li>La Konga en el Club Angelino Arenas Raffo en Las Catitas de Santa Rosa;<\/li>\n<li>Miss Bolivia en el Predio de la Facultad de Ciencias Pol&iacute;ticas y Sociales de la UNCuyo y<\/li>\n<li>La Bersuit Vergarabat en el Anfiteatro Municipal de Tunuy&aacute;n.<\/li>\n<\/ul>\n<p>Adem&aacute;s se informa que existen tres lugares habilitados para los festejos entre los que podemos mencionar: el complejo &ldquo;Las Rosas&rdquo; ubicado en el departamento de Las Heras, el camping &ldquo;Club San Mart&iacute;n&rdquo; en zona Carrizal del Abajo en Lujan de Cuyo y el camping &ldquo;Rinc&oacute;n de la Ensenada&rdquo;.<\/p>\n<p><b>Transporte realizar&aacute; controles&nbsp;<\/b><\/p>\n<p>El Ministerio de Transporte realizar&aacute; controles en puntos estrat&eacute;gicos de la provincia, con el objetivo de garantizar la seguridad en el traslado de los j&oacute;venes.<\/p>\n<p>Los puestos&nbsp;estar&aacute;n ubicados en la Terminal de &Oacute;mnibus Padre Contreras, Potrerillos y El Carrizal, acompa&ntilde;ados por Polic&iacute;a Vial de Luj&aacute;n.<\/p>\n<p>En tanto que los inspectores de las empresas de colectivos junto a la Polic&iacute;a de Mendoza, controlar&aacute;n, durante el domingo 20, el servicio regular en: Salta y C&oacute;rdoba; San Mart&iacute;n y Arizu y en la Ruta 50 Rotonda de Top&oacute;n, &nbsp;para prevenir hechos de vandalismos&nbsp;y&nbsp;robos.<\/p>\n<p>Es importante que&nbsp;tanto los chicos como sus padres tomen ciertos recaudos a la hora de movilizarse, ya sea en taxi, remis o servicios contratados.<\/p>\n<p>Los requisitos con que deben contar los veh&iacute;culos contratados son:<\/p>\n<ul>\n<li>Permiso habilitante que emite el Ministerio de Transporte;<\/li>\n<li>Revisi&oacute;n t&eacute;cnica aprobada (lleva una calcoman&iacute;a identificatoria en el parabrisas del veh&iacute;culo);<\/li>\n<li>Seguro visado por Transporte, Cetax o Aprotam<\/li>\n<\/ul>\n<p>El ministerio ha dispuesto el refuerzo de las l&iacute;neas que llegan hasta la zona de El Carrizal y Potrerillos, Bartolom&eacute; Mitre-Grupo 850 y Buttini-Grupo 400, respectivamente.<\/p>\n<p>Se recomienda a los j&oacute;venes que en caso que decidan utilizar colectivos, es importante que al regreso de los festejos no esperen a la &uacute;ltima frecuencia ya que &eacute;sta suele venir colmada&nbsp;y corren el riesgo de quedar&nbsp;sin servicio.<\/p>\n<p>Por consultas, los interesados en obtener mayor informaci&oacute;n pueden comunicarse al 0800-999-2001 o bien a trav&eacute;s de Facebook: Ministerio de Transporte Mendoza y Twitter: @TransporteMza.<\/p>\n<p><strong>&nbsp;Notas relacionadas<\/strong><\/p>\n<p><a href=\"https:\/\/www.mendoza.gov.ar\/prensa\/operativos-ambiente-controlara-los-espejos-de-agua-este-fin-de-semana\/\">Operativos: Ambiente controlar&aacute; los espejos de agua este fin de semana<\/a><\/p>\n<p><a href=\"https:\/\/www.mendoza.gov.ar\/prensa\/salud-festejara-el-dia-del-estudiante-con-multiples-actividades-de-promocion-en-el-parque-general-san-martin\/\">Salud festejar&aacute; el D&iacute;a del Estudiante con m&uacute;ltiples actividades de promoci&oacute;n en el Parque General San Mart&iacute;n<\/a><\/p>\n<p><a href=\"https:\/\/www.mendoza.gov.ar\/prensa\/mas-actividades-en-el-parque-general-san-martin\/\">Agenda de actividades en el Parque General San Mart&iacute;n este fin de semana<\/a><\/p>\n<p><a href=\"https:\/\/www.mendoza.gov.ar\/prensa\/agroindustria-realizara-controles-por-el-dia-del-estudiante\/\">Agroindustria realizar&aacute; controles por el d&iacute;a del estudiante<\/a><\/p>\n<p><a href=\"https:\/\/www.mendoza.gov.ar\/prensa\/juventud-informo-el-cronograma-de-fiestas-habilitadas-para-los-festejos-del-estudiante\/\">Juventud inform&oacute; el cronograma de fiestas habilitadas para los festejos del estudiante<\/a><\/p>\n<\/body><\/html>\n","protected":false},"excerpt":{"rendered":"Desde Seguridad han dispuesto una serie de operativos de prevenci\u00f3n en toda la provincia. Transporte instalar\u00e1 puestos de control de transporte en los principales lugares a los que asistir\u00e1n los j\u00f3venes a festejar su d\u00eda. ","protected":false},"author":3,"featured_media":41102,"comment_status":"open","ping_status":"open","sticky":false,"template":"","format":"standard","meta":[],"categories":[19],"tags":[],"_links":{"self":[{"href":"https:\/\/www.mendoza.gov.ar\/prensa\/wp-json\/wp\/v2\/posts\/41015"}],"collection":[{"href":"https:\/\/www.mendoza.gov.ar\/prensa\/wp-json\/wp\/v2\/posts"}],"about":[{"href":"https:\/\/www.mendoza.gov.ar\/prensa\/wp-json\/wp\/v2\/types\/post"}],"author":[{"embeddable":true,"href":"https:\/\/www.mendoza.gov.ar\/prensa\/wp-json\/wp\/v2\/users\/3"}],"replies":[{"embeddable":true,"href":"https:\/\/www.mendoza.gov.ar\/prensa\/wp-json\/wp\/v2\/comments?post=41015"}],"version-history":[{"count":0,"href":"https:\/\/www.mendoza.gov.ar\/prensa\/wp-json\/wp\/v2\/posts\/41015\/revisions"}],"wp:featuredmedia":[{"embeddable":true,"href":"https:\/\/www.mendoza.gov.ar\/prensa\/wp-json\/wp\/v2\/media\/41102"}],"wp:attachment":[{"href":"https:\/\/www.mendoza.gov.ar\/prensa\/wp-json\/wp\/v2\/media?parent=41015"}],"wp:term":[{"taxonomy":"category","embeddable":true,"href":"https:\/\/www.mendoza.gov.ar\/prensa\/wp-json\/wp\/v2\/categories?post=41015"},{"taxonomy":"post_tag","embeddable":true,"href":"https:\/\/www.mendoza.gov.ar\/prensa\/wp-json\/wp\/v2\/tags?post=41015"}],"curies":[{"name":"wp","href":"https:\/\/api.w.org\/{rel}","templated":true}]}}