{"id":41087,"date":"2015-09-18T13:49:09","date_gmt":"2015-09-18T16:49:09","guid":{"rendered":"http:\/\/prensa.mendoza.gov.ar\/?p=41087"},"modified":"2015-09-18T13:49:09","modified_gmt":"2015-09-18T16:49:09","slug":"dia-del-estudiante-transporte-estara-presente-a-traves-de-los-controles-a-los-distintos-servicios","status":"publish","type":"post","link":"https:\/\/www.mendoza.gov.ar\/prensa\/dia-del-estudiante-transporte-estara-presente-a-traves-de-los-controles-a-los-distintos-servicios\/","title":{"rendered":"D\u00eda del Estudiante: Transporte estar\u00e1 presente a trav\u00e9s de los controles a los distintos servicios"},"content":{"rendered":"<!DOCTYPE html PUBLIC \"-\/\/W3C\/\/DTD HTML 4.0 Transitional\/\/EN\" \"http:\/\/www.w3.org\/TR\/REC-html40\/loose.dtd\">\n<html><body><p>Debido a los festejos que se realizar&aacute;n para el D&iacute;a del Estudiante y la Primavera, el Ministerio de&nbsp; Transporte se suma a los operativos conjuntos del Gobierno de la Provincia a trav&eacute;s&nbsp;de los controles que se desarrollar&aacute;n en puntos estrat&eacute;gicos de la provincia, con el objetivo de garantizar la seguridad en el traslado de los j&oacute;venes.<\/p>\n<p>Los inspectores de transporte estar&aacute;n en la Terminal de &Oacute;mnibus Padre Contreras, Potrerillos y El Carrizal, acompa&ntilde;ados por Polic&iacute;a Vial de Luj&aacute;n. En tanto que los inspectores de las empresas de colectivos junto a la Polic&iacute;a de Mendoza, durante el domingo 20 realizar&aacute;n controles al servicio regular en distintos puntos como son: Salta y C&oacute;rdoba; San Mart&iacute;n y Arizu; y en la Ruta 50 Rotonda de Top&oacute;n, con estos trabajos se pretende prevenir hechos de vandalismos y robos.<\/p>\n<p>Transporte ha comunicado que&nbsp;tanto los chicos como sus padres tomen ciertos recaudos a la hora de movilizarse, ya sea en taxi, remis o servicios contratados; a continuaci&oacute;n se detallan los requisitos con que deben contar estos veh&iacute;culos:<\/p>\n<ul>\n<li>Permiso habilitante;<\/li>\n<li>Revisi&oacute;n t&eacute;cnica aprobada (lleva una calcoman&iacute;a identificatoria en el parabrisas del veh&iacute;culo);<\/li>\n<li>Seguro visado por Transporte, Cetax o Aprotam<\/li>\n<\/ul>\n<p>Adem&aacute;s, el Ministerio ha dispuesto el refuerzo de las l&iacute;neas que llegan hasta la zona de El Carrizal y Potrerillos, Bartolom&eacute; Mitre-Grupo 850 y Buttini-Grupo 400 respectivamente.<\/p>\n<p>En caso que decidan utilizar colectivos, es important&iacute;simo que al regreso de los festejos no esperen a la &uacute;ltima frecuencia ya que &eacute;sta suele venir colmada; esta consideraci&oacute;n pretende evitar que los j&oacute;venes se queden sin servicio.<\/p>\n<p>Por consultas pueden comunicarse al 0800-999-2001, o bien a trav&eacute;s de Facebook: Ministerio de Transporte Mendoza y Twitter: @TransporteMza.<\/p>\n<\/body><\/html>\n","protected":false},"excerpt":{"rendered":"El ministerio de transporte realizar\u00e1 acompa\u00f1ar\u00e1 en elOperativo de Seguridad durante los controles en puntos estrat\u00e9gicos de la provincia.","protected":false},"author":3,"featured_media":41116,"comment_status":"open","ping_status":"open","sticky":false,"template":"","format":"standard","meta":[],"categories":[1],"tags":[],"_links":{"self":[{"href":"https:\/\/www.mendoza.gov.ar\/prensa\/wp-json\/wp\/v2\/posts\/41087"}],"collection":[{"href":"https:\/\/www.mendoza.gov.ar\/prensa\/wp-json\/wp\/v2\/posts"}],"about":[{"href":"https:\/\/www.mendoza.gov.ar\/prensa\/wp-json\/wp\/v2\/types\/post"}],"author":[{"embeddable":true,"href":"https:\/\/www.mendoza.gov.ar\/prensa\/wp-json\/wp\/v2\/users\/3"}],"replies":[{"embeddable":true,"href":"https:\/\/www.mendoza.gov.ar\/prensa\/wp-json\/wp\/v2\/comments?post=41087"}],"version-history":[{"count":0,"href":"https:\/\/www.mendoza.gov.ar\/prensa\/wp-json\/wp\/v2\/posts\/41087\/revisions"}],"wp:featuredmedia":[{"embeddable":true,"href":"https:\/\/www.mendoza.gov.ar\/prensa\/wp-json\/wp\/v2\/media\/41116"}],"wp:attachment":[{"href":"https:\/\/www.mendoza.gov.ar\/prensa\/wp-json\/wp\/v2\/media?parent=41087"}],"wp:term":[{"taxonomy":"category","embeddable":true,"href":"https:\/\/www.mendoza.gov.ar\/prensa\/wp-json\/wp\/v2\/categories?post=41087"},{"taxonomy":"post_tag","embeddable":true,"href":"https:\/\/www.mendoza.gov.ar\/prensa\/wp-json\/wp\/v2\/tags?post=41087"}],"curies":[{"name":"wp","href":"https:\/\/api.w.org\/{rel}","templated":true}]}}