{"id":411693,"date":"2024-05-25T12:27:52","date_gmt":"2024-05-25T15:27:52","guid":{"rendered":"https:\/\/www.mendoza.gov.ar\/prensa\/?p=411693"},"modified":"2024-05-25T14:47:09","modified_gmt":"2024-05-25T17:47:09","slug":"alfredo-cornejo-escucho-el-toque-de-diana-y-compartio-el-desayuno-tipico-del-25-de-mayo","status":"publish","type":"post","link":"https:\/\/www.mendoza.gov.ar\/prensa\/alfredo-cornejo-escucho-el-toque-de-diana-y-compartio-el-desayuno-tipico-del-25-de-mayo\/","title":{"rendered":"Alfredo Cornejo escuch\u00f3 el toque de diana y comparti\u00f3 el desayuno t\u00edpico del 25 de Mayo"},"content":{"rendered":"<!DOCTYPE html PUBLIC \"-\/\/W3C\/\/DTD HTML 4.0 Transitional\/\/EN\" \"http:\/\/www.w3.org\/TR\/REC-html40\/loose.dtd\">\n<html><body><p><strong>En todos los departamentos habr&aacute; una agenda de celebraciones por el d&iacute;a patrio. Funcionarios, legisladores nacionales y vecinos acompa&ntilde;aron al Gobernador en este tradicional acto.<\/strong><\/p>\n\n\n\n<p>En la ma&ntilde;ana de este 25 de Mayo, Alfredo Cornejo recibi&oacute; en la residencia oficial, ubicada en la calle Francia 809 de La Puntilla, Luj&aacute;n, a parte del Gabinete provincial, legisladores nacionales, intendentes y vecinos que acudieron a compartir la tradicional&nbsp;celebraci&oacute;n mendocina.<\/p>\n\n\n\n<p>La ma&ntilde;ana del d&iacute;a patrio estuvo estuvo especialmente fr&iacute;a y nublada, ocasi&oacute;n especial para que el Gobernador compartiera con los asistentes un desayuno de caf&eacute; y pastelitos, luego de escuchar la intervenci&oacute;n de la Banda de M&uacute;sica de la Polic&iacute;a de Mendoza.<\/p>\n\n\n\n<p>El acto es tradicional en nuestra provincia y abre el calendario de festejos que se extienden por todas las comunas y los distritos.<\/p>\n\n\n\n<p><\/p>\n\n\n\n<figure class=\"wp-block-gallery columns-3 is-cropped\"><ul class=\"blocks-gallery-grid\"><li class=\"blocks-gallery-item\"><figure><img loading=\"lazy\" width=\"700\" height=\"466\" src=\"https:\/\/www.mendoza.gov.ar\/wp-content\/uploads\/sites\/5\/2024\/05\/1DSC_6433-700x466.jpg\" alt=\"\" data-id=\"411694\" data-full-url=\"https:\/\/www.mendoza.gov.ar\/wp-content\/uploads\/sites\/5\/2024\/05\/1DSC_6433.jpg\" data-link=\"https:\/\/www.mendoza.gov.ar\/prensa\/?attachment_id=411694\" class=\"wp-image-411694 img-responsive center-block\" srcset=\"https:\/\/www.mendoza.gov.ar\/wp-content\/uploads\/sites\/5\/2024\/05\/1DSC_6433-700x466.jpg 700w, https:\/\/www.mendoza.gov.ar\/wp-content\/uploads\/sites\/5\/2024\/05\/1DSC_6433-250x167.jpg 250w, https:\/\/www.mendoza.gov.ar\/wp-content\/uploads\/sites\/5\/2024\/05\/1DSC_6433-768x512.jpg 768w, https:\/\/www.mendoza.gov.ar\/wp-content\/uploads\/sites\/5\/2024\/05\/1DSC_6433-1536x1023.jpg 1536w, https:\/\/www.mendoza.gov.ar\/wp-content\/uploads\/sites\/5\/2024\/05\/1DSC_6433-2048x1364.jpg 2048w, https:\/\/www.mendoza.gov.ar\/wp-content\/uploads\/sites\/5\/2024\/05\/1DSC_6433-120x80.jpg 120w\" sizes=\"(max-width: 700px) 100vw, 700px\"><\/figure><\/li><li class=\"blocks-gallery-item\"><figure><img loading=\"lazy\" width=\"700\" height=\"466\" src=\"https:\/\/www.mendoza.gov.ar\/wp-content\/uploads\/sites\/5\/2024\/05\/1DSC_6434-700x466.jpg\" alt=\"\" data-id=\"411695\" data-full-url=\"https:\/\/www.mendoza.gov.ar\/wp-content\/uploads\/sites\/5\/2024\/05\/1DSC_6434.jpg\" data-link=\"https:\/\/www.mendoza.gov.ar\/prensa\/?attachment_id=411695\" class=\"wp-image-411695 img-responsive center-block\" srcset=\"https:\/\/www.mendoza.gov.ar\/wp-content\/uploads\/sites\/5\/2024\/05\/1DSC_6434-700x466.jpg 700w, https:\/\/www.mendoza.gov.ar\/wp-content\/uploads\/sites\/5\/2024\/05\/1DSC_6434-250x167.jpg 250w, https:\/\/www.mendoza.gov.ar\/wp-content\/uploads\/sites\/5\/2024\/05\/1DSC_6434-768x512.jpg 768w, https:\/\/www.mendoza.gov.ar\/wp-content\/uploads\/sites\/5\/2024\/05\/1DSC_6434-1536x1023.jpg 1536w, https:\/\/www.mendoza.gov.ar\/wp-content\/uploads\/sites\/5\/2024\/05\/1DSC_6434-2048x1364.jpg 2048w, https:\/\/www.mendoza.gov.ar\/wp-content\/uploads\/sites\/5\/2024\/05\/1DSC_6434-120x80.jpg 120w\" sizes=\"(max-width: 700px) 100vw, 700px\"><\/figure><\/li><li class=\"blocks-gallery-item\"><figure><img loading=\"lazy\" width=\"700\" height=\"466\" src=\"https:\/\/www.mendoza.gov.ar\/wp-content\/uploads\/sites\/5\/2024\/05\/1DSC_6436-700x466.jpg\" alt=\"\" data-id=\"411696\" data-full-url=\"https:\/\/www.mendoza.gov.ar\/wp-content\/uploads\/sites\/5\/2024\/05\/1DSC_6436.jpg\" data-link=\"https:\/\/www.mendoza.gov.ar\/prensa\/?attachment_id=411696\" class=\"wp-image-411696 img-responsive center-block\" srcset=\"https:\/\/www.mendoza.gov.ar\/wp-content\/uploads\/sites\/5\/2024\/05\/1DSC_6436-700x466.jpg 700w, https:\/\/www.mendoza.gov.ar\/wp-content\/uploads\/sites\/5\/2024\/05\/1DSC_6436-250x167.jpg 250w, https:\/\/www.mendoza.gov.ar\/wp-content\/uploads\/sites\/5\/2024\/05\/1DSC_6436-768x512.jpg 768w, https:\/\/www.mendoza.gov.ar\/wp-content\/uploads\/sites\/5\/2024\/05\/1DSC_6436-1536x1023.jpg 1536w, https:\/\/www.mendoza.gov.ar\/wp-content\/uploads\/sites\/5\/2024\/05\/1DSC_6436-2048x1364.jpg 2048w, https:\/\/www.mendoza.gov.ar\/wp-content\/uploads\/sites\/5\/2024\/05\/1DSC_6436-120x80.jpg 120w\" sizes=\"(max-width: 700px) 100vw, 700px\"><\/figure><\/li><li class=\"blocks-gallery-item\"><figure><img loading=\"lazy\" width=\"700\" height=\"466\" src=\"https:\/\/www.mendoza.gov.ar\/wp-content\/uploads\/sites\/5\/2024\/05\/1DSC_6452-700x466.jpg\" alt=\"\" data-id=\"411697\" data-full-url=\"https:\/\/www.mendoza.gov.ar\/wp-content\/uploads\/sites\/5\/2024\/05\/1DSC_6452.jpg\" data-link=\"https:\/\/www.mendoza.gov.ar\/prensa\/?attachment_id=411697\" class=\"wp-image-411697 img-responsive center-block\" srcset=\"https:\/\/www.mendoza.gov.ar\/wp-content\/uploads\/sites\/5\/2024\/05\/1DSC_6452-700x466.jpg 700w, https:\/\/www.mendoza.gov.ar\/wp-content\/uploads\/sites\/5\/2024\/05\/1DSC_6452-250x167.jpg 250w, https:\/\/www.mendoza.gov.ar\/wp-content\/uploads\/sites\/5\/2024\/05\/1DSC_6452-768x512.jpg 768w, https:\/\/www.mendoza.gov.ar\/wp-content\/uploads\/sites\/5\/2024\/05\/1DSC_6452-1536x1023.jpg 1536w, https:\/\/www.mendoza.gov.ar\/wp-content\/uploads\/sites\/5\/2024\/05\/1DSC_6452-2048x1364.jpg 2048w, https:\/\/www.mendoza.gov.ar\/wp-content\/uploads\/sites\/5\/2024\/05\/1DSC_6452-120x80.jpg 120w\" sizes=\"(max-width: 700px) 100vw, 700px\"><\/figure><\/li><li class=\"blocks-gallery-item\"><figure><img loading=\"lazy\" width=\"700\" height=\"466\" src=\"https:\/\/www.mendoza.gov.ar\/wp-content\/uploads\/sites\/5\/2024\/05\/1DSC_6464-700x466.jpg\" alt=\"\" data-id=\"411698\" data-full-url=\"https:\/\/www.mendoza.gov.ar\/wp-content\/uploads\/sites\/5\/2024\/05\/1DSC_6464.jpg\" data-link=\"https:\/\/www.mendoza.gov.ar\/prensa\/?attachment_id=411698\" class=\"wp-image-411698 img-responsive center-block\" srcset=\"https:\/\/www.mendoza.gov.ar\/wp-content\/uploads\/sites\/5\/2024\/05\/1DSC_6464-700x466.jpg 700w, https:\/\/www.mendoza.gov.ar\/wp-content\/uploads\/sites\/5\/2024\/05\/1DSC_6464-250x167.jpg 250w, https:\/\/www.mendoza.gov.ar\/wp-content\/uploads\/sites\/5\/2024\/05\/1DSC_6464-768x512.jpg 768w, https:\/\/www.mendoza.gov.ar\/wp-content\/uploads\/sites\/5\/2024\/05\/1DSC_6464-1536x1023.jpg 1536w, https:\/\/www.mendoza.gov.ar\/wp-content\/uploads\/sites\/5\/2024\/05\/1DSC_6464-2048x1364.jpg 2048w, https:\/\/www.mendoza.gov.ar\/wp-content\/uploads\/sites\/5\/2024\/05\/1DSC_6464-120x80.jpg 120w\" sizes=\"(max-width: 700px) 100vw, 700px\"><\/figure><\/li><li class=\"blocks-gallery-item\"><figure><img loading=\"lazy\" width=\"700\" height=\"466\" src=\"https:\/\/www.mendoza.gov.ar\/wp-content\/uploads\/sites\/5\/2024\/05\/1DSC_6467-700x466.jpg\" alt=\"\" data-id=\"411699\" data-full-url=\"https:\/\/www.mendoza.gov.ar\/wp-content\/uploads\/sites\/5\/2024\/05\/1DSC_6467.jpg\" data-link=\"https:\/\/www.mendoza.gov.ar\/prensa\/?attachment_id=411699\" class=\"wp-image-411699 img-responsive center-block\" srcset=\"https:\/\/www.mendoza.gov.ar\/wp-content\/uploads\/sites\/5\/2024\/05\/1DSC_6467-700x466.jpg 700w, https:\/\/www.mendoza.gov.ar\/wp-content\/uploads\/sites\/5\/2024\/05\/1DSC_6467-250x167.jpg 250w, https:\/\/www.mendoza.gov.ar\/wp-content\/uploads\/sites\/5\/2024\/05\/1DSC_6467-768x512.jpg 768w, https:\/\/www.mendoza.gov.ar\/wp-content\/uploads\/sites\/5\/2024\/05\/1DSC_6467-1536x1023.jpg 1536w, https:\/\/www.mendoza.gov.ar\/wp-content\/uploads\/sites\/5\/2024\/05\/1DSC_6467-2048x1364.jpg 2048w, https:\/\/www.mendoza.gov.ar\/wp-content\/uploads\/sites\/5\/2024\/05\/1DSC_6467-120x80.jpg 120w\" sizes=\"(max-width: 700px) 100vw, 700px\"><\/figure><\/li><li class=\"blocks-gallery-item\"><figure><img loading=\"lazy\" width=\"700\" height=\"466\" src=\"https:\/\/www.mendoza.gov.ar\/wp-content\/uploads\/sites\/5\/2024\/05\/1DSC_6476-700x466.jpg\" alt=\"\" data-id=\"411700\" data-full-url=\"https:\/\/www.mendoza.gov.ar\/wp-content\/uploads\/sites\/5\/2024\/05\/1DSC_6476.jpg\" data-link=\"https:\/\/www.mendoza.gov.ar\/prensa\/?attachment_id=411700\" class=\"wp-image-411700 img-responsive center-block\" srcset=\"https:\/\/www.mendoza.gov.ar\/wp-content\/uploads\/sites\/5\/2024\/05\/1DSC_6476-700x466.jpg 700w, https:\/\/www.mendoza.gov.ar\/wp-content\/uploads\/sites\/5\/2024\/05\/1DSC_6476-250x167.jpg 250w, https:\/\/www.mendoza.gov.ar\/wp-content\/uploads\/sites\/5\/2024\/05\/1DSC_6476-768x512.jpg 768w, https:\/\/www.mendoza.gov.ar\/wp-content\/uploads\/sites\/5\/2024\/05\/1DSC_6476-1536x1023.jpg 1536w, https:\/\/www.mendoza.gov.ar\/wp-content\/uploads\/sites\/5\/2024\/05\/1DSC_6476-2048x1364.jpg 2048w, https:\/\/www.mendoza.gov.ar\/wp-content\/uploads\/sites\/5\/2024\/05\/1DSC_6476-120x80.jpg 120w\" sizes=\"(max-width: 700px) 100vw, 700px\"><\/figure><\/li><li class=\"blocks-gallery-item\"><figure><img loading=\"lazy\" width=\"700\" height=\"466\" src=\"https:\/\/www.mendoza.gov.ar\/wp-content\/uploads\/sites\/5\/2024\/05\/1DSC_6486-700x466.jpg\" alt=\"\" data-id=\"411701\" data-full-url=\"https:\/\/www.mendoza.gov.ar\/wp-content\/uploads\/sites\/5\/2024\/05\/1DSC_6486.jpg\" data-link=\"https:\/\/www.mendoza.gov.ar\/prensa\/?attachment_id=411701\" class=\"wp-image-411701 img-responsive center-block\" srcset=\"https:\/\/www.mendoza.gov.ar\/wp-content\/uploads\/sites\/5\/2024\/05\/1DSC_6486-700x466.jpg 700w, https:\/\/www.mendoza.gov.ar\/wp-content\/uploads\/sites\/5\/2024\/05\/1DSC_6486-250x167.jpg 250w, https:\/\/www.mendoza.gov.ar\/wp-content\/uploads\/sites\/5\/2024\/05\/1DSC_6486-768x512.jpg 768w, https:\/\/www.mendoza.gov.ar\/wp-content\/uploads\/sites\/5\/2024\/05\/1DSC_6486-1536x1023.jpg 1536w, https:\/\/www.mendoza.gov.ar\/wp-content\/uploads\/sites\/5\/2024\/05\/1DSC_6486-2048x1364.jpg 2048w, https:\/\/www.mendoza.gov.ar\/wp-content\/uploads\/sites\/5\/2024\/05\/1DSC_6486-120x80.jpg 120w\" sizes=\"(max-width: 700px) 100vw, 700px\"><\/figure><\/li><li class=\"blocks-gallery-item\"><figure><img loading=\"lazy\" width=\"700\" height=\"466\" src=\"https:\/\/www.mendoza.gov.ar\/wp-content\/uploads\/sites\/5\/2024\/05\/1DSC_6506-700x466.jpg\" alt=\"\" data-id=\"411702\" data-full-url=\"https:\/\/www.mendoza.gov.ar\/wp-content\/uploads\/sites\/5\/2024\/05\/1DSC_6506.jpg\" data-link=\"https:\/\/www.mendoza.gov.ar\/prensa\/?attachment_id=411702\" class=\"wp-image-411702 img-responsive center-block\" srcset=\"https:\/\/www.mendoza.gov.ar\/wp-content\/uploads\/sites\/5\/2024\/05\/1DSC_6506-700x466.jpg 700w, https:\/\/www.mendoza.gov.ar\/wp-content\/uploads\/sites\/5\/2024\/05\/1DSC_6506-250x167.jpg 250w, https:\/\/www.mendoza.gov.ar\/wp-content\/uploads\/sites\/5\/2024\/05\/1DSC_6506-768x512.jpg 768w, https:\/\/www.mendoza.gov.ar\/wp-content\/uploads\/sites\/5\/2024\/05\/1DSC_6506-1536x1023.jpg 1536w, https:\/\/www.mendoza.gov.ar\/wp-content\/uploads\/sites\/5\/2024\/05\/1DSC_6506-2048x1364.jpg 2048w, https:\/\/www.mendoza.gov.ar\/wp-content\/uploads\/sites\/5\/2024\/05\/1DSC_6506-120x80.jpg 120w\" sizes=\"(max-width: 700px) 100vw, 700px\"><\/figure><\/li><li class=\"blocks-gallery-item\"><figure><img loading=\"lazy\" width=\"700\" height=\"466\" src=\"https:\/\/www.mendoza.gov.ar\/wp-content\/uploads\/sites\/5\/2024\/05\/1DSC_6522-700x466.jpg\" alt=\"\" data-id=\"411703\" data-full-url=\"https:\/\/www.mendoza.gov.ar\/wp-content\/uploads\/sites\/5\/2024\/05\/1DSC_6522.jpg\" data-link=\"https:\/\/www.mendoza.gov.ar\/prensa\/?attachment_id=411703\" class=\"wp-image-411703 img-responsive center-block\" srcset=\"https:\/\/www.mendoza.gov.ar\/wp-content\/uploads\/sites\/5\/2024\/05\/1DSC_6522-700x466.jpg 700w, https:\/\/www.mendoza.gov.ar\/wp-content\/uploads\/sites\/5\/2024\/05\/1DSC_6522-250x167.jpg 250w, https:\/\/www.mendoza.gov.ar\/wp-content\/uploads\/sites\/5\/2024\/05\/1DSC_6522-768x512.jpg 768w, https:\/\/www.mendoza.gov.ar\/wp-content\/uploads\/sites\/5\/2024\/05\/1DSC_6522-1536x1023.jpg 1536w, https:\/\/www.mendoza.gov.ar\/wp-content\/uploads\/sites\/5\/2024\/05\/1DSC_6522-2048x1364.jpg 2048w, https:\/\/www.mendoza.gov.ar\/wp-content\/uploads\/sites\/5\/2024\/05\/1DSC_6522-120x80.jpg 120w\" sizes=\"(max-width: 700px) 100vw, 700px\"><\/figure><\/li><li class=\"blocks-gallery-item\"><figure><img loading=\"lazy\" width=\"700\" height=\"466\" src=\"https:\/\/www.mendoza.gov.ar\/wp-content\/uploads\/sites\/5\/2024\/05\/1DSC_6526-700x466.jpg\" alt=\"\" data-id=\"411704\" data-full-url=\"https:\/\/www.mendoza.gov.ar\/wp-content\/uploads\/sites\/5\/2024\/05\/1DSC_6526.jpg\" data-link=\"https:\/\/www.mendoza.gov.ar\/prensa\/?attachment_id=411704\" class=\"wp-image-411704 img-responsive center-block\" srcset=\"https:\/\/www.mendoza.gov.ar\/wp-content\/uploads\/sites\/5\/2024\/05\/1DSC_6526-700x466.jpg 700w, https:\/\/www.mendoza.gov.ar\/wp-content\/uploads\/sites\/5\/2024\/05\/1DSC_6526-250x167.jpg 250w, https:\/\/www.mendoza.gov.ar\/wp-content\/uploads\/sites\/5\/2024\/05\/1DSC_6526-768x512.jpg 768w, https:\/\/www.mendoza.gov.ar\/wp-content\/uploads\/sites\/5\/2024\/05\/1DSC_6526-1536x1023.jpg 1536w, https:\/\/www.mendoza.gov.ar\/wp-content\/uploads\/sites\/5\/2024\/05\/1DSC_6526-2048x1364.jpg 2048w, https:\/\/www.mendoza.gov.ar\/wp-content\/uploads\/sites\/5\/2024\/05\/1DSC_6526-120x80.jpg 120w\" sizes=\"(max-width: 700px) 100vw, 700px\"><\/figure><\/li><\/ul><\/figure>\n\n\n\n<figure class=\"wp-block-gallery columns-1 is-cropped\"><ul class=\"blocks-gallery-grid\"><li class=\"blocks-gallery-item\"><figure><a href=\"https:\/\/www.mendoza.gov.ar\/wp-content\/uploads\/sites\/5\/2024\/05\/1DSC_6411-1.jpg\"><img loading=\"lazy\" width=\"700\" height=\"466\" src=\"https:\/\/www.mendoza.gov.ar\/wp-content\/uploads\/sites\/5\/2024\/05\/1DSC_6411-1-700x466.jpg\" alt=\"\" data-id=\"411719\" data-full-url=\"https:\/\/www.mendoza.gov.ar\/wp-content\/uploads\/sites\/5\/2024\/05\/1DSC_6411-1.jpg\" data-link=\"https:\/\/www.mendoza.gov.ar\/prensa\/alfredo-cornejo-escucho-el-toque-de-diana-y-compartio-el-desayuno-tipico-del-25-de-mayo\/1dsc_6411-1\/\" class=\"wp-image-411719 img-responsive center-block\" srcset=\"https:\/\/www.mendoza.gov.ar\/wp-content\/uploads\/sites\/5\/2024\/05\/1DSC_6411-1-700x466.jpg 700w, https:\/\/www.mendoza.gov.ar\/wp-content\/uploads\/sites\/5\/2024\/05\/1DSC_6411-1-250x167.jpg 250w, https:\/\/www.mendoza.gov.ar\/wp-content\/uploads\/sites\/5\/2024\/05\/1DSC_6411-1-768x512.jpg 768w, https:\/\/www.mendoza.gov.ar\/wp-content\/uploads\/sites\/5\/2024\/05\/1DSC_6411-1-1536x1023.jpg 1536w, https:\/\/www.mendoza.gov.ar\/wp-content\/uploads\/sites\/5\/2024\/05\/1DSC_6411-1-2048x1364.jpg 2048w, https:\/\/www.mendoza.gov.ar\/wp-content\/uploads\/sites\/5\/2024\/05\/1DSC_6411-1-120x80.jpg 120w\" sizes=\"(max-width: 700px) 100vw, 700px\"><\/a><\/figure><\/li><\/ul><\/figure>\n<\/body><\/html>\n","protected":false},"excerpt":{"rendered":"En todos los departamentos habr&aacute; una agenda de celebraciones por el d&iacute;a patrio. Funcionarios, legisladores nacionales y vecinos acompa&ntilde;aron al Gobernador en este tradicional acto. En la ma&ntilde;ana de este 25 de Mayo, Alfredo Cornejo recibi&oacute; en la residencia oficial, ubicada en la calle Francia 809 de La Puntilla, Luj&aacute;n, a parte del Gabinete provincial,&#8230; <a class=\"view-article\" href=\"https:\/\/www.mendoza.gov.ar\/prensa\/alfredo-cornejo-escucho-el-toque-de-diana-y-compartio-el-desayuno-tipico-del-25-de-mayo\/\"><\/a>","protected":false},"author":78,"featured_media":411704,"comment_status":"open","ping_status":"open","sticky":false,"template":"","format":"standard","meta":[],"categories":[19],"tags":[],"_links":{"self":[{"href":"https:\/\/www.mendoza.gov.ar\/prensa\/wp-json\/wp\/v2\/posts\/411693"}],"collection":[{"href":"https:\/\/www.mendoza.gov.ar\/prensa\/wp-json\/wp\/v2\/posts"}],"about":[{"href":"https:\/\/www.mendoza.gov.ar\/prensa\/wp-json\/wp\/v2\/types\/post"}],"author":[{"embeddable":true,"href":"https:\/\/www.mendoza.gov.ar\/prensa\/wp-json\/wp\/v2\/users\/78"}],"replies":[{"embeddable":true,"href":"https:\/\/www.mendoza.gov.ar\/prensa\/wp-json\/wp\/v2\/comments?post=411693"}],"version-history":[{"count":12,"href":"https:\/\/www.mendoza.gov.ar\/prensa\/wp-json\/wp\/v2\/posts\/411693\/revisions"}],"predecessor-version":[{"id":411736,"href":"https:\/\/www.mendoza.gov.ar\/prensa\/wp-json\/wp\/v2\/posts\/411693\/revisions\/411736"}],"wp:featuredmedia":[{"embeddable":true,"href":"https:\/\/www.mendoza.gov.ar\/prensa\/wp-json\/wp\/v2\/media\/411704"}],"wp:attachment":[{"href":"https:\/\/www.mendoza.gov.ar\/prensa\/wp-json\/wp\/v2\/media?parent=411693"}],"wp:term":[{"taxonomy":"category","embeddable":true,"href":"https:\/\/www.mendoza.gov.ar\/prensa\/wp-json\/wp\/v2\/categories?post=411693"},{"taxonomy":"post_tag","embeddable":true,"href":"https:\/\/www.mendoza.gov.ar\/prensa\/wp-json\/wp\/v2\/tags?post=411693"}],"curies":[{"name":"wp","href":"https:\/\/api.w.org\/{rel}","templated":true}]}}