{"id":41230,"date":"2015-09-21T15:56:11","date_gmt":"2015-09-21T18:56:11","guid":{"rendered":"http:\/\/prensa.mendoza.gov.ar\/?p=41230"},"modified":"2015-09-21T15:56:11","modified_gmt":"2015-09-21T18:56:11","slug":"vinateros-de-tupungato-recibieron-maquinaria-comunitaria","status":"publish","type":"post","link":"https:\/\/www.mendoza.gov.ar\/prensa\/vinateros-de-tupungato-recibieron-maquinaria-comunitaria\/","title":{"rendered":"Vi\u00f1ateros de Tupungato recibieron maquinaria comunitaria"},"content":{"rendered":"<!DOCTYPE html PUBLIC \"-\/\/W3C\/\/DTD HTML 4.0 Transitional\/\/EN\" \"http:\/\/www.w3.org\/TR\/REC-html40\/loose.dtd\">\n<html><body><p>El Ministerio de Agroindustria y Tecnolog&iacute;a realiz&oacute; una nueva entrega del programa Maquinaria Agr&iacute;cola Comunitaria. En esta oportunidad los beneficiarios fueron 8 productores &nbsp;de vid del distrito el Zampal, quienes administran propiedades peque&ntilde;as: en total suman 30 hect&aacute;reas. El reglamento del programa plantea que los integrantes de los grupos no deben tener propiedades menores a 30 hect&aacute;reas.<\/p>\n<p>La maquinaria recibida se trata de un tractor Hanomag 4&times;4, modelo 304 preparado para las labores de la vid, equipado con implementos y una atomizadora marca Pehuenche P-80 con bomba de tres pistones y caudal 80 litros.<\/p>\n<p>El Programa Maquinaria Agr&iacute;cola Comunitaria est&aacute; dividido en 3 etapas. En la primera instancia, se seleccionan los beneficiarios que cumplen con los requerimientos exigidos. La segunda etapa, incluye capacitaciones sobre el &nbsp;reglamento operativo del manejo de la maquinaria y la entrega y puesta en marcha de los tractores, forma parte de la tercera etapa.<\/p>\n<p><a href=\"https:\/\/www.mendoza.gov.ar\/prensa\/wp-content\/uploads\/sites\/23\/21-09-15entrega-tractor.jpg\"><img loading=\"lazy\" class=\"alignnone wp-image-41237 img-responsive center-block\" src=\"https:\/\/www.mendoza.gov.ar\/prensa\/wp-content\/uploads\/sites\/23\/21-09-15entrega-tractor.jpg\" alt=\"21-09-15entrega tractor\" width=\"650\" height=\"433\"><\/a><\/p>\n<\/body><\/html>\n","protected":false},"excerpt":{"rendered":"Son productores peque\u00f1os que conforman una asociaci\u00f3n. Se les entreg\u00f3 un tractor y una atomizadora.","protected":false},"author":3,"featured_media":41236,"comment_status":"open","ping_status":"open","sticky":false,"template":"","format":"standard","meta":[],"categories":[1],"tags":[],"_links":{"self":[{"href":"https:\/\/www.mendoza.gov.ar\/prensa\/wp-json\/wp\/v2\/posts\/41230"}],"collection":[{"href":"https:\/\/www.mendoza.gov.ar\/prensa\/wp-json\/wp\/v2\/posts"}],"about":[{"href":"https:\/\/www.mendoza.gov.ar\/prensa\/wp-json\/wp\/v2\/types\/post"}],"author":[{"embeddable":true,"href":"https:\/\/www.mendoza.gov.ar\/prensa\/wp-json\/wp\/v2\/users\/3"}],"replies":[{"embeddable":true,"href":"https:\/\/www.mendoza.gov.ar\/prensa\/wp-json\/wp\/v2\/comments?post=41230"}],"version-history":[{"count":0,"href":"https:\/\/www.mendoza.gov.ar\/prensa\/wp-json\/wp\/v2\/posts\/41230\/revisions"}],"wp:featuredmedia":[{"embeddable":true,"href":"https:\/\/www.mendoza.gov.ar\/prensa\/wp-json\/wp\/v2\/media\/41236"}],"wp:attachment":[{"href":"https:\/\/www.mendoza.gov.ar\/prensa\/wp-json\/wp\/v2\/media?parent=41230"}],"wp:term":[{"taxonomy":"category","embeddable":true,"href":"https:\/\/www.mendoza.gov.ar\/prensa\/wp-json\/wp\/v2\/categories?post=41230"},{"taxonomy":"post_tag","embeddable":true,"href":"https:\/\/www.mendoza.gov.ar\/prensa\/wp-json\/wp\/v2\/tags?post=41230"}],"curies":[{"name":"wp","href":"https:\/\/api.w.org\/{rel}","templated":true}]}}