{"id":413200,"date":"2024-06-03T10:23:06","date_gmt":"2024-06-03T13:23:06","guid":{"rendered":"https:\/\/www.mendoza.gov.ar\/prensa\/?p=413200"},"modified":"2024-06-03T13:26:52","modified_gmt":"2024-06-03T16:26:52","slug":"la-federacion-mendocina-de-voleibol-presento-a-sus-selecciones-sub-16","status":"publish","type":"post","link":"https:\/\/www.mendoza.gov.ar\/prensa\/la-federacion-mendocina-de-voleibol-presento-a-sus-selecciones-sub-16\/","title":{"rendered":"La Federaci\u00f3n Mendocina de V\u00f3leibol present\u00f3 a sus selecciones Sub-16"},"content":{"rendered":"<!DOCTYPE html PUBLIC \"-\/\/W3C\/\/DTD HTML 4.0 Transitional\/\/EN\" \"http:\/\/www.w3.org\/TR\/REC-html40\/loose.dtd\">\n<html><body><h5>En una ceremonia en el Club General San Mart&iacute;n, la Federaci&oacute;n Mendocina de V&oacute;leibol present&oacute; los equipos que representar&aacute;n a la provincia en el Campeonato Argentino Sub-16, a disputarse en Santa Fe del 5 al 9 de junio.<\/h5>\n\n\n\n<p>La Federaci&oacute;n Mendocina de V&oacute;leibol present&oacute; oficialmente las selecciones de ambas ramas en la categor&iacute;a Sub-16. La ceremonia, que tuvo lugar en el Club Pac&iacute;fico de Ciudad, estuvo marcada por el entusiasmo y la emoci&oacute;n de los j&oacute;venes deportistas, sus familias y los cuerpos t&eacute;cnicos.<\/p>\n\n\n\n<p>La presidenta de la entidad, Celia Montaruli, dirigi&oacute; unas c&aacute;lidas palabras a los seleccionados, resaltando el esfuerzo y dedicaci&oacute;n que los llev&oacute; a formar parte de estos equipos. Montaruli tambi&eacute;n agradeci&oacute; a los padres por su continuo apoyo, y a los entrenadores, por su invaluable trabajo en la formaci&oacute;n de los atletas.<\/p>\n\n\n\n<p>Durante el evento, se entreg&oacute; la indumentaria oficial que los j&oacute;venes deportistas lucir&aacute;n en el pr&oacute;ximo Campeonato Argentino Sub-16. Este torneo, que se llevar&aacute; a cabo en la provincia de Santa Fe del 5 al 9 de junio, es organizado por la Federaci&oacute;n Argentina de V&oacute;leibol (FeVA) y re&uacute;ne a los mejores talentos juveniles del pa&iacute;s.<\/p>\n\n\n\n<p>Una vez m&aacute;s, Mendoza se prepara para decir presente en este prestigioso certamen nacional, con la esperanza de destacarse y dejar en alto el nombre de la provincia. La presentaci&oacute;n de las selecciones Sub-16 no solo marc&oacute; el inicio de su preparaci&oacute;n para el torneo, sino tambi&eacute;n un momento de celebraci&oacute;n y orgullo para toda la comunidad del v&oacute;leibol mendocino.<\/p>\n\n\n\n<p>Con el apoyo de la Federaci&oacute;n Mendocina de Voleibol y el compromiso de sus jugadores, Mendoza espera con ansias el Campeonato Argentino Sub-16, confiando en que sus integrantes mostrar&aacute;n su talento y dedicaci&oacute;n en cada partido.<\/p>\n\n\n\n<p><strong>Plantel Femenino<\/strong><\/p>\n\n\n\n<p>P\/R&nbsp;&nbsp;&nbsp;&nbsp;&nbsp;&nbsp;Echavarrieta, Paula<\/p>\n\n\n\n<p>C&nbsp;&nbsp;&nbsp;&nbsp;&nbsp;&nbsp;&nbsp;&nbsp;&nbsp;Ruiz, Martina<\/p>\n\n\n\n<p>A&nbsp;&nbsp;&nbsp;&nbsp;&nbsp;&nbsp;&nbsp;&nbsp;&nbsp;Henr&iacute;quez, Paloma<\/p>\n\n\n\n<p>P\/R&nbsp;&nbsp;&nbsp;&nbsp;&nbsp;&nbsp;Vaia, Guadalupe<\/p>\n\n\n\n<p>P\/R&nbsp;&nbsp;&nbsp;&nbsp;&nbsp;&nbsp;Llompart, Catalina<\/p>\n\n\n\n<p>C&nbsp;&nbsp;&nbsp;&nbsp;&nbsp;&nbsp;&nbsp;&nbsp;&nbsp;Arcucci, Catalina<\/p>\n\n\n\n<p>P\/R&nbsp;&nbsp;&nbsp;&nbsp;&nbsp;&nbsp;Ontivero, Sof&iacute;a<\/p>\n\n\n\n<p>L&nbsp;&nbsp;&nbsp;&nbsp;&nbsp;&nbsp;&nbsp;&nbsp;&nbsp;&nbsp;Arancibia, Pilar<\/p>\n\n\n\n<p>A&nbsp;&nbsp;&nbsp;&nbsp;&nbsp;&nbsp;&nbsp;&nbsp;&nbsp;Becerra, Juana<\/p>\n\n\n\n<p>O&nbsp;&nbsp;&nbsp;&nbsp;&nbsp;&nbsp;&nbsp;&nbsp;&nbsp;Juan, Isabella<\/p>\n\n\n\n<p>O&nbsp;&nbsp;&nbsp;&nbsp;&nbsp;&nbsp;&nbsp;&nbsp;&nbsp;Palacio, Julia<\/p>\n\n\n\n<p>P&nbsp;&nbsp;&nbsp;&nbsp;&nbsp;&nbsp;&nbsp;&nbsp;&nbsp;Marlia, Madellen<\/p>\n\n\n\n<p>C&nbsp;&nbsp;&nbsp;&nbsp;&nbsp;&nbsp;&nbsp;&nbsp;&nbsp;Orozco, Julia<\/p>\n\n\n\n<p>L&nbsp;&nbsp;&nbsp;&nbsp;&nbsp;&nbsp;&nbsp;&nbsp;&nbsp;&nbsp;Coria, Ana<\/p>\n\n\n\n<p>P\/R Punta Receptora C Central&nbsp;&nbsp;L L&iacute;bero&nbsp;&nbsp;A Armadora O Opuesto P Punta<\/p>\n\n\n\n<p>Equipo t&eacute;cnico: Oscar Rojas, Diego Marincovich y Gabriela Picco.<\/p>\n\n\n\n<p><strong>Plantel Masculino<\/strong><\/p>\n\n\n\n<p>&nbsp;O&nbsp;&nbsp;&nbsp;&nbsp;&nbsp;&nbsp;&nbsp;&nbsp;L&oacute;pez Gonz&aacute;lez, Martino<\/p>\n\n\n\n<p>&nbsp;P&nbsp;&nbsp;&nbsp;&nbsp;&nbsp;&nbsp;&nbsp;&nbsp;Gazziro, Jos&eacute; Miguel<\/p>\n\n\n\n<p>&nbsp;A&nbsp;&nbsp;&nbsp;&nbsp;&nbsp;&nbsp;&nbsp;&nbsp;Cerilli, Benjam&iacute;n<\/p>\n\n\n\n<p>&nbsp;P\/R&nbsp;&nbsp;&nbsp;&nbsp;&nbsp;Centeno, Bautista<\/p>\n\n\n\n<p>&nbsp;C&nbsp;&nbsp;&nbsp;&nbsp;&nbsp;&nbsp;&nbsp;&nbsp;Tello, Valentino<\/p>\n\n\n\n<p>&nbsp;C&nbsp;&nbsp;&nbsp;&nbsp;&nbsp;&nbsp;&nbsp;&nbsp;Contreras, Emiliano<\/p>\n\n\n\n<p>&nbsp;P\/R&nbsp;&nbsp;&nbsp;&nbsp;&nbsp;N&uacute;&ntilde;ez, Tiago<\/p>\n\n\n\n<p>&nbsp;L&nbsp;&nbsp;&nbsp;&nbsp;&nbsp;&nbsp;&nbsp;&nbsp;&nbsp;Bisogno, Javier<\/p>\n\n\n\n<p>&nbsp;O&nbsp;&nbsp;&nbsp;&nbsp;&nbsp;&nbsp;&nbsp;&nbsp;R&iacute;os, Agust&iacute;n<\/p>\n\n\n\n<p>&nbsp;A&nbsp;&nbsp;&nbsp;&nbsp;&nbsp;&nbsp;&nbsp;&nbsp;M&eacute;ndez, Benjam&iacute;n<\/p>\n\n\n\n<p>&nbsp;L&nbsp;&nbsp;&nbsp;&nbsp;&nbsp;&nbsp;&nbsp;&nbsp;&nbsp;Flores, Bruno<\/p>\n\n\n\n<p>&nbsp;C&nbsp;&nbsp;&nbsp;&nbsp;&nbsp;&nbsp;&nbsp;&nbsp;Calder&oacute;n, Lisandro<\/p>\n\n\n\n<p>P\/R&nbsp;&nbsp;&nbsp;&nbsp;&nbsp;&nbsp;Yapura, Valent&iacute;n<\/p>\n\n\n\n<p>&nbsp;P\/R&nbsp;&nbsp;&nbsp;&nbsp;&nbsp;Pechemiel, Bautista<\/p>\n\n\n\n<p>Equipo t&eacute;cnico: Mauricio S&aacute;nchez, Emanuel Del Curto y Bruno Soloa.<\/p>\n\n\n\n<p><strong>GALER&Iacute;A<\/strong><\/p>\n\n\n\n<figure class=\"wp-block-gallery columns-3\"><ul class=\"blocks-gallery-grid\"><li class=\"blocks-gallery-item\"><figure><a href=\"https:\/\/www.mendoza.gov.ar\/wp-content\/uploads\/sites\/5\/2024\/06\/WhatsApp-Image-2024-06-03-at-09.19.091.jpeg\"><img loading=\"lazy\" width=\"700\" height=\"933\" src=\"https:\/\/www.mendoza.gov.ar\/wp-content\/uploads\/sites\/5\/2024\/06\/WhatsApp-Image-2024-06-03-at-09.19.091-700x933.jpeg\" alt=\"\" data-id=\"413201\" data-full-url=\"https:\/\/www.mendoza.gov.ar\/wp-content\/uploads\/sites\/5\/2024\/06\/WhatsApp-Image-2024-06-03-at-09.19.091.jpeg\" data-link=\"https:\/\/www.mendoza.gov.ar\/prensa\/?attachment_id=413201\" class=\"wp-image-413201 img-responsive center-block\" srcset=\"https:\/\/www.mendoza.gov.ar\/wp-content\/uploads\/sites\/5\/2024\/06\/WhatsApp-Image-2024-06-03-at-09.19.091-700x933.jpeg 700w, https:\/\/www.mendoza.gov.ar\/wp-content\/uploads\/sites\/5\/2024\/06\/WhatsApp-Image-2024-06-03-at-09.19.091-250x333.jpeg 250w, https:\/\/www.mendoza.gov.ar\/wp-content\/uploads\/sites\/5\/2024\/06\/WhatsApp-Image-2024-06-03-at-09.19.091-768x1024.jpeg 768w, https:\/\/www.mendoza.gov.ar\/wp-content\/uploads\/sites\/5\/2024\/06\/WhatsApp-Image-2024-06-03-at-09.19.091-1152x1536.jpeg 1152w, https:\/\/www.mendoza.gov.ar\/wp-content\/uploads\/sites\/5\/2024\/06\/WhatsApp-Image-2024-06-03-at-09.19.091-1536x2048.jpeg 1536w, https:\/\/www.mendoza.gov.ar\/wp-content\/uploads\/sites\/5\/2024\/06\/WhatsApp-Image-2024-06-03-at-09.19.091-120x160.jpeg 120w\" sizes=\"(max-width: 700px) 100vw, 700px\"><\/a><\/figure><\/li><li class=\"blocks-gallery-item\"><figure><a href=\"https:\/\/www.mendoza.gov.ar\/wp-content\/uploads\/sites\/5\/2024\/06\/WhatsApp-Image-2024-06-03-at-09.19.092.jpeg\"><img loading=\"lazy\" width=\"700\" height=\"933\" src=\"https:\/\/www.mendoza.gov.ar\/wp-content\/uploads\/sites\/5\/2024\/06\/WhatsApp-Image-2024-06-03-at-09.19.092-700x933.jpeg\" alt=\"\" data-id=\"413202\" data-full-url=\"https:\/\/www.mendoza.gov.ar\/wp-content\/uploads\/sites\/5\/2024\/06\/WhatsApp-Image-2024-06-03-at-09.19.092.jpeg\" data-link=\"https:\/\/www.mendoza.gov.ar\/prensa\/?attachment_id=413202\" class=\"wp-image-413202 img-responsive center-block\" srcset=\"https:\/\/www.mendoza.gov.ar\/wp-content\/uploads\/sites\/5\/2024\/06\/WhatsApp-Image-2024-06-03-at-09.19.092-700x933.jpeg 700w, https:\/\/www.mendoza.gov.ar\/wp-content\/uploads\/sites\/5\/2024\/06\/WhatsApp-Image-2024-06-03-at-09.19.092-250x333.jpeg 250w, https:\/\/www.mendoza.gov.ar\/wp-content\/uploads\/sites\/5\/2024\/06\/WhatsApp-Image-2024-06-03-at-09.19.092-768x1024.jpeg 768w, https:\/\/www.mendoza.gov.ar\/wp-content\/uploads\/sites\/5\/2024\/06\/WhatsApp-Image-2024-06-03-at-09.19.092-1152x1536.jpeg 1152w, https:\/\/www.mendoza.gov.ar\/wp-content\/uploads\/sites\/5\/2024\/06\/WhatsApp-Image-2024-06-03-at-09.19.092-1536x2048.jpeg 1536w, https:\/\/www.mendoza.gov.ar\/wp-content\/uploads\/sites\/5\/2024\/06\/WhatsApp-Image-2024-06-03-at-09.19.092-120x160.jpeg 120w\" sizes=\"(max-width: 700px) 100vw, 700px\"><\/a><\/figure><\/li><li class=\"blocks-gallery-item\"><figure><a href=\"https:\/\/www.mendoza.gov.ar\/wp-content\/uploads\/sites\/5\/2024\/06\/WhatsApp-Image-2024-06-03-at-09.19.093.jpeg\"><img loading=\"lazy\" width=\"700\" height=\"933\" src=\"https:\/\/www.mendoza.gov.ar\/wp-content\/uploads\/sites\/5\/2024\/06\/WhatsApp-Image-2024-06-03-at-09.19.093-700x933.jpeg\" alt=\"\" data-id=\"413203\" data-full-url=\"https:\/\/www.mendoza.gov.ar\/wp-content\/uploads\/sites\/5\/2024\/06\/WhatsApp-Image-2024-06-03-at-09.19.093.jpeg\" data-link=\"https:\/\/www.mendoza.gov.ar\/prensa\/?attachment_id=413203\" class=\"wp-image-413203 img-responsive center-block\" srcset=\"https:\/\/www.mendoza.gov.ar\/wp-content\/uploads\/sites\/5\/2024\/06\/WhatsApp-Image-2024-06-03-at-09.19.093-700x933.jpeg 700w, https:\/\/www.mendoza.gov.ar\/wp-content\/uploads\/sites\/5\/2024\/06\/WhatsApp-Image-2024-06-03-at-09.19.093-250x333.jpeg 250w, https:\/\/www.mendoza.gov.ar\/wp-content\/uploads\/sites\/5\/2024\/06\/WhatsApp-Image-2024-06-03-at-09.19.093-768x1024.jpeg 768w, https:\/\/www.mendoza.gov.ar\/wp-content\/uploads\/sites\/5\/2024\/06\/WhatsApp-Image-2024-06-03-at-09.19.093-1152x1536.jpeg 1152w, https:\/\/www.mendoza.gov.ar\/wp-content\/uploads\/sites\/5\/2024\/06\/WhatsApp-Image-2024-06-03-at-09.19.093-1536x2048.jpeg 1536w, https:\/\/www.mendoza.gov.ar\/wp-content\/uploads\/sites\/5\/2024\/06\/WhatsApp-Image-2024-06-03-at-09.19.093-120x160.jpeg 120w\" sizes=\"(max-width: 700px) 100vw, 700px\"><\/a><\/figure><\/li><li class=\"blocks-gallery-item\"><figure><a href=\"https:\/\/www.mendoza.gov.ar\/wp-content\/uploads\/sites\/5\/2024\/06\/WhatsApp-Image-2024-06-03-at-09.19.094.jpeg\"><img loading=\"lazy\" width=\"700\" height=\"933\" src=\"https:\/\/www.mendoza.gov.ar\/wp-content\/uploads\/sites\/5\/2024\/06\/WhatsApp-Image-2024-06-03-at-09.19.094-700x933.jpeg\" alt=\"\" data-id=\"413204\" data-full-url=\"https:\/\/www.mendoza.gov.ar\/wp-content\/uploads\/sites\/5\/2024\/06\/WhatsApp-Image-2024-06-03-at-09.19.094.jpeg\" data-link=\"https:\/\/www.mendoza.gov.ar\/prensa\/?attachment_id=413204\" class=\"wp-image-413204 img-responsive center-block\" srcset=\"https:\/\/www.mendoza.gov.ar\/wp-content\/uploads\/sites\/5\/2024\/06\/WhatsApp-Image-2024-06-03-at-09.19.094-700x933.jpeg 700w, https:\/\/www.mendoza.gov.ar\/wp-content\/uploads\/sites\/5\/2024\/06\/WhatsApp-Image-2024-06-03-at-09.19.094-250x333.jpeg 250w, https:\/\/www.mendoza.gov.ar\/wp-content\/uploads\/sites\/5\/2024\/06\/WhatsApp-Image-2024-06-03-at-09.19.094-768x1024.jpeg 768w, https:\/\/www.mendoza.gov.ar\/wp-content\/uploads\/sites\/5\/2024\/06\/WhatsApp-Image-2024-06-03-at-09.19.094-1152x1536.jpeg 1152w, https:\/\/www.mendoza.gov.ar\/wp-content\/uploads\/sites\/5\/2024\/06\/WhatsApp-Image-2024-06-03-at-09.19.094-1536x2048.jpeg 1536w, https:\/\/www.mendoza.gov.ar\/wp-content\/uploads\/sites\/5\/2024\/06\/WhatsApp-Image-2024-06-03-at-09.19.094-120x160.jpeg 120w\" sizes=\"(max-width: 700px) 100vw, 700px\"><\/a><\/figure><\/li><li class=\"blocks-gallery-item\"><figure><a href=\"https:\/\/www.mendoza.gov.ar\/wp-content\/uploads\/sites\/5\/2024\/06\/WhatsApp-Image-2024-06-03-at-09.19.09.jpeg\"><img src=\"https:\/\/www.mendoza.gov.ar\/wp-content\/uploads\/sites\/5\/2024\/06\/WhatsApp-Image-2024-06-03-at-09.19.09-700x1016.jpeg\" alt=\"\" data-id=\"413205\" data-full-url=\"https:\/\/www.mendoza.gov.ar\/wp-content\/uploads\/sites\/5\/2024\/06\/WhatsApp-Image-2024-06-03-at-09.19.09.jpeg\" data-link=\"https:\/\/www.mendoza.gov.ar\/prensa\/?attachment_id=413205\" class=\"wp-image-413205 img-responsive center-block\"><\/a><\/figure><\/li><\/ul><\/figure>\n<\/body><\/html>\n","protected":false},"excerpt":{"rendered":"En una ceremonia en el Club General San Mart&iacute;n, la Federaci&oacute;n Mendocina de V&oacute;leibol present&oacute; los equipos que representar&aacute;n a la provincia en el Campeonato Argentino Sub-16, a disputarse en Santa Fe del 5 al 9 de junio. La Federaci&oacute;n Mendocina de V&oacute;leibol present&oacute; oficialmente las selecciones de ambas ramas en la categor&iacute;a Sub-16. La&#8230; <a class=\"view-article\" href=\"https:\/\/www.mendoza.gov.ar\/prensa\/la-federacion-mendocina-de-voleibol-presento-a-sus-selecciones-sub-16\/\"><\/a>","protected":false},"author":62,"featured_media":413205,"comment_status":"open","ping_status":"open","sticky":false,"template":"","format":"standard","meta":[],"categories":[10,32],"tags":[],"_links":{"self":[{"href":"https:\/\/www.mendoza.gov.ar\/prensa\/wp-json\/wp\/v2\/posts\/413200"}],"collection":[{"href":"https:\/\/www.mendoza.gov.ar\/prensa\/wp-json\/wp\/v2\/posts"}],"about":[{"href":"https:\/\/www.mendoza.gov.ar\/prensa\/wp-json\/wp\/v2\/types\/post"}],"author":[{"embeddable":true,"href":"https:\/\/www.mendoza.gov.ar\/prensa\/wp-json\/wp\/v2\/users\/62"}],"replies":[{"embeddable":true,"href":"https:\/\/www.mendoza.gov.ar\/prensa\/wp-json\/wp\/v2\/comments?post=413200"}],"version-history":[{"count":8,"href":"https:\/\/www.mendoza.gov.ar\/prensa\/wp-json\/wp\/v2\/posts\/413200\/revisions"}],"predecessor-version":[{"id":413234,"href":"https:\/\/www.mendoza.gov.ar\/prensa\/wp-json\/wp\/v2\/posts\/413200\/revisions\/413234"}],"wp:featuredmedia":[{"embeddable":true,"href":"https:\/\/www.mendoza.gov.ar\/prensa\/wp-json\/wp\/v2\/media\/413205"}],"wp:attachment":[{"href":"https:\/\/www.mendoza.gov.ar\/prensa\/wp-json\/wp\/v2\/media?parent=413200"}],"wp:term":[{"taxonomy":"category","embeddable":true,"href":"https:\/\/www.mendoza.gov.ar\/prensa\/wp-json\/wp\/v2\/categories?post=413200"},{"taxonomy":"post_tag","embeddable":true,"href":"https:\/\/www.mendoza.gov.ar\/prensa\/wp-json\/wp\/v2\/tags?post=413200"}],"curies":[{"name":"wp","href":"https:\/\/api.w.org\/{rel}","templated":true}]}}