{"id":413556,"date":"2024-06-05T12:56:49","date_gmt":"2024-06-05T15:56:49","guid":{"rendered":"https:\/\/www.mendoza.gov.ar\/prensa\/?p=413556"},"modified":"2024-06-05T13:20:17","modified_gmt":"2024-06-05T16:20:17","slug":"mendoza-cuenta-con-la-unica-formacion-de-nautica-andina-del-pais","status":"publish","type":"post","link":"https:\/\/www.mendoza.gov.ar\/prensa\/mendoza-cuenta-con-la-unica-formacion-de-nautica-andina-del-pais\/","title":{"rendered":"Mendoza cuenta con la \u00fanica formaci\u00f3n de n\u00e1utica andina del pa\u00eds"},"content":{"rendered":"<!DOCTYPE html PUBLIC \"-\/\/W3C\/\/DTD HTML 4.0 Transitional\/\/EN\" \"http:\/\/www.w3.org\/TR\/REC-html40\/loose.dtd\">\n<html><body><h5>La Direcci&oacute;n General de Escuelas, a trav&eacute;s del Instituto de Educaci&oacute;n F&iacute;sica, y el Emetur firmaron convenio para dar inicio a la novedosa especializaci&oacute;n que brinda conocimiento y seguridad a las propuestas de deporte, aventura y turismo en los r&iacute;os.<\/h5>\n\n\n\n<p>Este mi&eacute;rcoles, en las instalaciones de La Enoteca, ubicada en avenida Peltier 611 de ciudad, se llev&oacute; a cabo la firma de convenio entre la Direcci&oacute;n General de Escuelas (DGE) y el Ente Mendoza Turismo (Emetur) para la creaci&oacute;n de la carrera de Gu&iacute;a N&aacute;utico Andino. Se trata de la primera especializaci&oacute;n en el pa&iacute;s para la formaci&oacute;n de profesionales que aseguren la prevenci&oacute;n, control, regulaci&oacute;n y seguridad de las actividades que se desarrollen en los r&iacute;os y espejos de agua con los que cuenta la provincia.<\/p>\n\n\n\n<p>La firma cont&oacute; con la presencia de la presidenta del Emetur, Gabriela Testa; la directora de Educaci&oacute;n Superior de la DGE, Mariela Ramos; el rector del Instituto de Educaci&oacute;n F&iacute;sica 9-016 Dr. Jorge Eduardo Coll, Luis Castillo; el presidente de la Asociaci&oacute;n Argentina de Rafting, Mario Mateo; el jefe de formaci&oacute;n continua del Instituto de Educaci&oacute;n F&iacute;sica, Rodrigo Flores, otras autoridades y equipos de trabajo de las entidades mencionadas.<\/p>\n\n\n\n<p>Respecto de la actividad, la presidenta de Emetur declar&oacute;: &ldquo;Esto es muy importante para la provincia de Mendoza, que tiene r&iacute;os navegables en toda su longitud, de norte a sur, y que tiene una fama ganada dentro del turismo aventura en el elemento agua, ya que posibilita disfrutar de actividades como el rafting y el canotaje, entre otras disciplinas. En esta ocasi&oacute;n, la DGE ha tomado esta inquietud que elev&oacute; el Emetur a esta instituci&oacute;n. Junto con la Federaci&oacute;n de Gu&iacute;as de Rafting, que tiene la capacidad de certificar gracias a su expertise, han logrado conformar una carrera de cursado presencial con pr&aacute;cticas dentro del seno del Instituto de Educaci&oacute;n F&iacute;sica. Estamos satisfechos porque el objetivo final del ente de turismo es que el turista disfrute, pero para disfrutar es fundamental la seguridad, y es a trav&eacute;s del profesionalismo que se puede garantizar un buen manejo y buenas respuestas ante posibles emergencias&rdquo;, concluy&oacute; Testa.<\/p>\n\n\n\n<p>Por su lado, Mariela Ramos, directora de Educaci&oacute;n Superior, manifest&oacute;: &ldquo;Desde la Direcci&oacute;n, y como pol&iacute;tica ministerial, estamos trabajando en todas las demandas de los diferentes sectores productivos. En este caso especial del turismo, y en particular del gu&iacute;a n&aacute;utico, viene a aportarle al sector la certificaci&oacute;n y las competencias necesarias para que aquellas personas que trabajan o que quieran trabajar en nuestros r&iacute;os puedan hacerlo de forma capacitada, puedan planificar, puedan realizar el monitoreo y que ellos mismos est&eacute;n bien preparados para la seguridad de quienes realizan estas actividades. Es la primera en todo el pa&iacute;s y nos enorgullece que el Instituto de Educaci&oacute;n Superior 9-016 Jorge E. Coll la lleve a cabo. Esto habla del trabajo que tenemos en nuestros institutos, porque tenemos muchas formaciones que son &uacute;nicas en el pa&iacute;s. En Mendoza somos pioneros, dentro de la educaci&oacute;n superior, en muchas formaciones que atienden diferentes demandas&rdquo;, se&ntilde;al&oacute; Ramos.<\/p>\n\n\n\n<p><strong>FP3 Gu&iacute;a N&aacute;utico Andino<\/strong><\/p>\n\n\n\n<p>Cabe destacar que esta carrera es la primera en el pa&iacute;s en ofrecer dicha especializaci&oacute;n, tan necesaria para brindar seguridad y profesionalismo, para los mendocinos como para los turistas de todo el mundo que visitan nuestra provincia. Ser&aacute; de modalidad presencial, tendr&aacute; una carga horaria de 450 horas reloj, una duraci&oacute;n de un a&ntilde;o (dos cuatrimestres) y otorgar&aacute; el certificado de Gu&iacute;a N&aacute;utico.<\/p>\n\n\n\n<p>El presidente de la Asociaci&oacute;n Argentina de Rafting, Mario Mateo, destac&oacute;: &ldquo;Para nosotros es un gran logro del que venimos atr&aacute;s varios a&ntilde;os junto a Turismo y a los prestadores de servicios. Yo llevo muchos a&ntilde;os en el sector y se mueve mucha gente en los r&iacute;os, como para viajes de egresados, turismo internacional, nacional y provincial. Nosotros antes ten&iacute;amos muy marcado lo que era temporada baja y temporada alta, y hoy eso ha cambiado bastante debido a la conectividad que tenemos en la provincia y a las distintas alternativas. La gente opta por la aventura y el rafting en Mendoza; Potrerillos y el r&iacute;o Atuel son opciones siempre latentes para el turista&rdquo;, indic&oacute; Mateo.<\/p>\n\n\n\n<p>Por &uacute;ltimo, Luis Castillo, rector del Instituto de Educaci&oacute;n F&iacute;sica Dr. Jorge Eduardo Coll, expres&oacute;: &ldquo;Estoy muy emocionado. Son de esos d&iacute;as en los que uno se siente orgulloso de ser mendocino. Porque hay m&aacute;s de 200 instituciones que tienen la carrera de Educaci&oacute;n F&iacute;sica y no cambian ese patr&oacute;n seducidos por la matr&iacute;cula, cuando en realidad todos los pueblos est&aacute;n necesitando de ciertas formaciones que no requieren de ser profesores de Educaci&oacute;n F&iacute;sica y s&iacute; de especializaci&oacute;n adecuada a las necesidades. La Direcci&oacute;n General de Escuelas ha entendido esto, por lo cual podemos demostrar la carrera de Gu&iacute;a de Monta&ntilde;a, o la formaci&oacute;n de Guardavidas, y esta N&aacute;utica Andina, que incluso las provincias que tienen mucha m&aacute;s agua que nosotros no han tenido la iniciativa de llevarlo a cabo. Por lo tanto, nos enorgullece esta formaci&oacute;n para el desarrollo productivo y econ&oacute;mico de Mendoza. Todas estas intenciones no ser&iacute;an posibles si no tuvi&eacute;ramos un gobierno preocupado por la mejora, la calificaci&oacute;n y la cualificaci&oacute;n de las personas que van a trabajar con los mendocinos y con personas de todo el mundo&rdquo;, afirm&oacute; Castillo.&nbsp;<\/p>\n\n\n\n<p><strong>GALER&Iacute;A<\/strong><\/p>\n\n\n\n<figure class=\"wp-block-gallery columns-3\"><ul class=\"blocks-gallery-grid\"><li class=\"blocks-gallery-item\"><figure><a href=\"https:\/\/www.mendoza.gov.ar\/wp-content\/uploads\/sites\/5\/2024\/06\/DSC07104.jpg\"><img src=\"https:\/\/www.mendoza.gov.ar\/wp-content\/uploads\/sites\/5\/2024\/06\/DSC07104-700x467.jpg\" alt=\"\" data-id=\"413557\" data-full-url=\"https:\/\/www.mendoza.gov.ar\/wp-content\/uploads\/sites\/5\/2024\/06\/DSC07104.jpg\" data-link=\"https:\/\/www.mendoza.gov.ar\/prensa\/?attachment_id=413557\" class=\"wp-image-413557 img-responsive center-block\"><\/a><\/figure><\/li><li class=\"blocks-gallery-item\"><figure><a href=\"https:\/\/www.mendoza.gov.ar\/wp-content\/uploads\/sites\/5\/2024\/06\/DSC07142.jpg\"><img loading=\"lazy\" width=\"700\" height=\"467\" src=\"https:\/\/www.mendoza.gov.ar\/wp-content\/uploads\/sites\/5\/2024\/06\/DSC07142-700x467.jpg\" alt=\"\" data-id=\"413558\" data-full-url=\"https:\/\/www.mendoza.gov.ar\/wp-content\/uploads\/sites\/5\/2024\/06\/DSC07142.jpg\" data-link=\"https:\/\/www.mendoza.gov.ar\/prensa\/?attachment_id=413558\" class=\"wp-image-413558 img-responsive center-block\" srcset=\"https:\/\/www.mendoza.gov.ar\/wp-content\/uploads\/sites\/5\/2024\/06\/DSC07142-700x467.jpg 700w, https:\/\/www.mendoza.gov.ar\/wp-content\/uploads\/sites\/5\/2024\/06\/DSC07142-250x167.jpg 250w, https:\/\/www.mendoza.gov.ar\/wp-content\/uploads\/sites\/5\/2024\/06\/DSC07142-768x512.jpg 768w, https:\/\/www.mendoza.gov.ar\/wp-content\/uploads\/sites\/5\/2024\/06\/DSC07142-1536x1024.jpg 1536w, https:\/\/www.mendoza.gov.ar\/wp-content\/uploads\/sites\/5\/2024\/06\/DSC07142-2048x1365.jpg 2048w, https:\/\/www.mendoza.gov.ar\/wp-content\/uploads\/sites\/5\/2024\/06\/DSC07142-120x80.jpg 120w\" sizes=\"(max-width: 700px) 100vw, 700px\"><\/a><\/figure><\/li><li class=\"blocks-gallery-item\"><figure><a href=\"https:\/\/www.mendoza.gov.ar\/wp-content\/uploads\/sites\/5\/2024\/06\/DSC07199.jpg\"><img loading=\"lazy\" width=\"700\" height=\"467\" src=\"https:\/\/www.mendoza.gov.ar\/wp-content\/uploads\/sites\/5\/2024\/06\/DSC07199-700x467.jpg\" alt=\"\" data-id=\"413559\" data-full-url=\"https:\/\/www.mendoza.gov.ar\/wp-content\/uploads\/sites\/5\/2024\/06\/DSC07199.jpg\" data-link=\"https:\/\/www.mendoza.gov.ar\/prensa\/?attachment_id=413559\" class=\"wp-image-413559 img-responsive center-block\" srcset=\"https:\/\/www.mendoza.gov.ar\/wp-content\/uploads\/sites\/5\/2024\/06\/DSC07199-700x467.jpg 700w, https:\/\/www.mendoza.gov.ar\/wp-content\/uploads\/sites\/5\/2024\/06\/DSC07199-250x167.jpg 250w, https:\/\/www.mendoza.gov.ar\/wp-content\/uploads\/sites\/5\/2024\/06\/DSC07199-768x512.jpg 768w, https:\/\/www.mendoza.gov.ar\/wp-content\/uploads\/sites\/5\/2024\/06\/DSC07199-1536x1024.jpg 1536w, https:\/\/www.mendoza.gov.ar\/wp-content\/uploads\/sites\/5\/2024\/06\/DSC07199-2048x1365.jpg 2048w, https:\/\/www.mendoza.gov.ar\/wp-content\/uploads\/sites\/5\/2024\/06\/DSC07199-120x80.jpg 120w\" sizes=\"(max-width: 700px) 100vw, 700px\"><\/a><\/figure><\/li><li class=\"blocks-gallery-item\"><figure><a href=\"https:\/\/www.mendoza.gov.ar\/wp-content\/uploads\/sites\/5\/2024\/06\/DSC07206.jpg\"><img loading=\"lazy\" width=\"700\" height=\"467\" src=\"https:\/\/www.mendoza.gov.ar\/wp-content\/uploads\/sites\/5\/2024\/06\/DSC07206-700x467.jpg\" alt=\"\" data-id=\"413560\" data-full-url=\"https:\/\/www.mendoza.gov.ar\/wp-content\/uploads\/sites\/5\/2024\/06\/DSC07206.jpg\" data-link=\"https:\/\/www.mendoza.gov.ar\/prensa\/?attachment_id=413560\" class=\"wp-image-413560 img-responsive center-block\" srcset=\"https:\/\/www.mendoza.gov.ar\/wp-content\/uploads\/sites\/5\/2024\/06\/DSC07206-700x467.jpg 700w, https:\/\/www.mendoza.gov.ar\/wp-content\/uploads\/sites\/5\/2024\/06\/DSC07206-250x167.jpg 250w, https:\/\/www.mendoza.gov.ar\/wp-content\/uploads\/sites\/5\/2024\/06\/DSC07206-768x512.jpg 768w, https:\/\/www.mendoza.gov.ar\/wp-content\/uploads\/sites\/5\/2024\/06\/DSC07206-1536x1024.jpg 1536w, https:\/\/www.mendoza.gov.ar\/wp-content\/uploads\/sites\/5\/2024\/06\/DSC07206-2048x1365.jpg 2048w, https:\/\/www.mendoza.gov.ar\/wp-content\/uploads\/sites\/5\/2024\/06\/DSC07206-120x80.jpg 120w\" sizes=\"(max-width: 700px) 100vw, 700px\"><\/a><\/figure><\/li><li class=\"blocks-gallery-item\"><figure><a href=\"https:\/\/www.mendoza.gov.ar\/wp-content\/uploads\/sites\/5\/2024\/06\/DSC07214.jpg\"><img loading=\"lazy\" width=\"700\" height=\"467\" src=\"https:\/\/www.mendoza.gov.ar\/wp-content\/uploads\/sites\/5\/2024\/06\/DSC07214-700x467.jpg\" alt=\"\" data-id=\"413561\" data-full-url=\"https:\/\/www.mendoza.gov.ar\/wp-content\/uploads\/sites\/5\/2024\/06\/DSC07214.jpg\" data-link=\"https:\/\/www.mendoza.gov.ar\/prensa\/?attachment_id=413561\" class=\"wp-image-413561 img-responsive center-block\" srcset=\"https:\/\/www.mendoza.gov.ar\/wp-content\/uploads\/sites\/5\/2024\/06\/DSC07214-700x467.jpg 700w, https:\/\/www.mendoza.gov.ar\/wp-content\/uploads\/sites\/5\/2024\/06\/DSC07214-250x167.jpg 250w, https:\/\/www.mendoza.gov.ar\/wp-content\/uploads\/sites\/5\/2024\/06\/DSC07214-768x512.jpg 768w, https:\/\/www.mendoza.gov.ar\/wp-content\/uploads\/sites\/5\/2024\/06\/DSC07214-1536x1024.jpg 1536w, https:\/\/www.mendoza.gov.ar\/wp-content\/uploads\/sites\/5\/2024\/06\/DSC07214-2048x1365.jpg 2048w, https:\/\/www.mendoza.gov.ar\/wp-content\/uploads\/sites\/5\/2024\/06\/DSC07214-120x80.jpg 120w\" sizes=\"(max-width: 700px) 100vw, 700px\"><\/a><\/figure><\/li><\/ul><\/figure>\n<\/body><\/html>\n","protected":false},"excerpt":{"rendered":"La Direcci&oacute;n General de Escuelas, a trav&eacute;s del Instituto de Educaci&oacute;n F&iacute;sica, y el Emetur firmaron convenio para dar inicio a la novedosa especializaci&oacute;n que brinda conocimiento y seguridad a las propuestas de deporte, aventura y turismo en los r&iacute;os. Este mi&eacute;rcoles, en las instalaciones de La Enoteca, ubicada en avenida Peltier 611 de ciudad,&#8230; <a class=\"view-article\" href=\"https:\/\/www.mendoza.gov.ar\/prensa\/mendoza-cuenta-con-la-unica-formacion-de-nautica-andina-del-pais\/\"><\/a>","protected":false},"author":62,"featured_media":413557,"comment_status":"open","ping_status":"open","sticky":false,"template":"","format":"standard","meta":[],"categories":[12,37],"tags":[],"_links":{"self":[{"href":"https:\/\/www.mendoza.gov.ar\/prensa\/wp-json\/wp\/v2\/posts\/413556"}],"collection":[{"href":"https:\/\/www.mendoza.gov.ar\/prensa\/wp-json\/wp\/v2\/posts"}],"about":[{"href":"https:\/\/www.mendoza.gov.ar\/prensa\/wp-json\/wp\/v2\/types\/post"}],"author":[{"embeddable":true,"href":"https:\/\/www.mendoza.gov.ar\/prensa\/wp-json\/wp\/v2\/users\/62"}],"replies":[{"embeddable":true,"href":"https:\/\/www.mendoza.gov.ar\/prensa\/wp-json\/wp\/v2\/comments?post=413556"}],"version-history":[{"count":6,"href":"https:\/\/www.mendoza.gov.ar\/prensa\/wp-json\/wp\/v2\/posts\/413556\/revisions"}],"predecessor-version":[{"id":413568,"href":"https:\/\/www.mendoza.gov.ar\/prensa\/wp-json\/wp\/v2\/posts\/413556\/revisions\/413568"}],"wp:featuredmedia":[{"embeddable":true,"href":"https:\/\/www.mendoza.gov.ar\/prensa\/wp-json\/wp\/v2\/media\/413557"}],"wp:attachment":[{"href":"https:\/\/www.mendoza.gov.ar\/prensa\/wp-json\/wp\/v2\/media?parent=413556"}],"wp:term":[{"taxonomy":"category","embeddable":true,"href":"https:\/\/www.mendoza.gov.ar\/prensa\/wp-json\/wp\/v2\/categories?post=413556"},{"taxonomy":"post_tag","embeddable":true,"href":"https:\/\/www.mendoza.gov.ar\/prensa\/wp-json\/wp\/v2\/tags?post=413556"}],"curies":[{"name":"wp","href":"https:\/\/api.w.org\/{rel}","templated":true}]}}