{"id":41358,"date":"2015-09-23T11:42:05","date_gmt":"2015-09-23T14:42:05","guid":{"rendered":"http:\/\/prensa.mendoza.gov.ar\/?p=41358"},"modified":"2015-09-23T11:42:05","modified_gmt":"2015-09-23T14:42:05","slug":"agroindustria-entrego-el-tractor-numero-67-a-productores-de-barrancas","status":"publish","type":"post","link":"https:\/\/www.mendoza.gov.ar\/prensa\/agroindustria-entrego-el-tractor-numero-67-a-productores-de-barrancas\/","title":{"rendered":"Agroindustria entreg\u00f3 el tractor n\u00famero 67 a productores de Barrancas"},"content":{"rendered":"<!DOCTYPE html PUBLIC \"-\/\/W3C\/\/DTD HTML 4.0 Transitional\/\/EN\" \"http:\/\/www.w3.org\/TR\/REC-html40\/loose.dtd\">\n<html><body><p>&ldquo;Esto realmente nos beneficia mucho y era muy necesario para poder llevar adelante nuestro trabajo. Ac&aacute; hay gente que jam&aacute;s tuvo tractor. Quiero realmente agradecer en nombre del grupo la confianza que nos tuvieron&rdquo;.<\/p>\n<p>La frase corresponde a Luis Dimarco, uno de los 8 productores vitivin&iacute;colas de Barrancas Maip&uacute; que, de manos del subsecretario de Agricultura, Ganader&iacute;a y Alimentos, Leonardo Miranda, recibi&oacute; las llaves de un tractor Hanomag 4&times;4, modelo 304 y la atomizadora es una Pehuenche de 600 litros de arrastre, ambos de fabricaci&oacute;n nacional.<\/p>\n<p>El equipamiento que se entrega es para peque&ntilde;os productores en el marco del Programa Maquinaria Agr&iacute;cola Comunitaria, que con el tractor entregado en Barrancas ya suman 67 en toda la provincia y se espera terminar el 2015 con 74 repartidos en todos los oasis de Mendoza.<\/p>\n<p>El Programa Maquinaria Agr&iacute;cola Comunitaria est&aacute; dividido en 3 etapas. En la primera instancia, se seleccionan los beneficiarios que cumplen con los requerimientos exigidos. La segunda etapa, incluye capacitaciones sobre el&nbsp; reglamento operativo del manejo de la maquinaria, mientras que la entrega y puesta en marcha de los tractores, forma parte de la tercera etapa.<\/p>\n<p>Miranda destac&oacute; que la decisi&oacute;n de volcar los fondos de las retenciones a las exportaciones vitivin&iacute;colas a los sectores m&aacute;s d&eacute;biles de la cadena &ldquo;sin la intervenci&oacute;n del Estado es imposible una distribuci&oacute;n justa de la renta de la producci&oacute;n&rdquo;.<\/p>\n<p>Y agreg&oacute;: &ldquo;Apostamos a este programa convencidos de que el asociativismo es central para mejorar la competitividad y porque sabemos que estas herramientas generan m&aacute;s puestos de trabajo&rdquo;.<\/p>\n<p><strong>Maquinaria Comunitaria<\/strong><\/p>\n<p>El programa Maquinaria Agr&iacute;cola Comunitaria se puso en marcha en 2011 y trabaja con fondos provenientes de las retenciones a las exportaciones vitivin&iacute;colas. El IDR est&aacute; designado como unidad ejecutora.<\/p>\n<p>A trav&eacute;s de esta iniciativa, el Ministerio de Agroindustria apuesta a que los peque&ntilde;os productores tengan acceso a maquinaria agr&iacute;cola, y a su vez, promover estructuras econ&oacute;micas sustentables entre los peque&ntilde;os productores vit&iacute;colas.<\/p>\n<\/body><\/html>\n","protected":false},"excerpt":{"rendered":"Los beneficiarios en esta oportunidad son 8 productores vitivin\u00edcolas que suman 30 hect\u00e1reas en total. Tambi\u00e9n se les entreg\u00f3 una atomizadora.","protected":false},"author":3,"featured_media":41368,"comment_status":"open","ping_status":"open","sticky":false,"template":"","format":"standard","meta":[],"categories":[1],"tags":[],"_links":{"self":[{"href":"https:\/\/www.mendoza.gov.ar\/prensa\/wp-json\/wp\/v2\/posts\/41358"}],"collection":[{"href":"https:\/\/www.mendoza.gov.ar\/prensa\/wp-json\/wp\/v2\/posts"}],"about":[{"href":"https:\/\/www.mendoza.gov.ar\/prensa\/wp-json\/wp\/v2\/types\/post"}],"author":[{"embeddable":true,"href":"https:\/\/www.mendoza.gov.ar\/prensa\/wp-json\/wp\/v2\/users\/3"}],"replies":[{"embeddable":true,"href":"https:\/\/www.mendoza.gov.ar\/prensa\/wp-json\/wp\/v2\/comments?post=41358"}],"version-history":[{"count":0,"href":"https:\/\/www.mendoza.gov.ar\/prensa\/wp-json\/wp\/v2\/posts\/41358\/revisions"}],"wp:featuredmedia":[{"embeddable":true,"href":"https:\/\/www.mendoza.gov.ar\/prensa\/wp-json\/wp\/v2\/media\/41368"}],"wp:attachment":[{"href":"https:\/\/www.mendoza.gov.ar\/prensa\/wp-json\/wp\/v2\/media?parent=41358"}],"wp:term":[{"taxonomy":"category","embeddable":true,"href":"https:\/\/www.mendoza.gov.ar\/prensa\/wp-json\/wp\/v2\/categories?post=41358"},{"taxonomy":"post_tag","embeddable":true,"href":"https:\/\/www.mendoza.gov.ar\/prensa\/wp-json\/wp\/v2\/tags?post=41358"}],"curies":[{"name":"wp","href":"https:\/\/api.w.org\/{rel}","templated":true}]}}