{"id":41384,"date":"2015-09-23T14:15:41","date_gmt":"2015-09-23T17:15:41","guid":{"rendered":"http:\/\/prensa.mendoza.gov.ar\/?p=41384"},"modified":"2015-09-23T14:15:41","modified_gmt":"2015-09-23T17:15:41","slug":"agroindustria-promociona-el-consumo-de-productos-de-estacion","status":"publish","type":"post","link":"https:\/\/www.mendoza.gov.ar\/prensa\/agroindustria-promociona-el-consumo-de-productos-de-estacion\/","title":{"rendered":"El Gobierno promociona el consumo de productos de estaci\u00f3n"},"content":{"rendered":"<!DOCTYPE html PUBLIC \"-\/\/W3C\/\/DTD HTML 4.0 Transitional\/\/EN\" \"http:\/\/www.w3.org\/TR\/REC-html40\/loose.dtd\">\n<html><body><p>L&aacute;minas conteniendo &nbsp;las frutas y verduras de estaci&oacute;n correspondientes a invierno y primavera se entregaron en distintas verduler&iacute;as de Capital, Guaymall&eacute;n y Godoy Cruz. Este material promocional forma parte de las acciones que impulsa el Ministerio de Agroindustria y Tecnolog&iacute;a de Mendoza, a trav&eacute;s de su programa Disfruta y Verdura.<\/p>\n<p>La estrategia promocional busca poner en valor la producci&oacute;n estacional de la Provincia. Los afiches ilustran al consumidor sobre los productos temporada que pueden consumirse en esas dos &eacute;pocas del a&ntilde;o .Adem&aacute;s para el verdulero constituye un elemento did&aacute;ctico para su local.<\/p>\n<p>Se distribuyeron en locales de venta de frutas y verduras ubicados en el Mercado Central, Mercado Cooperativo de Guaymall&eacute;n y en s&uacute;per e h&iacute;per mercados. Adem&aacute;s se colocaron en verduler&iacute;as situadas en distintos barrios del Gran Mendoza.<\/p>\n<p>En todos los casos la recepci&oacute;n fue muy buena y los comerciantes valoraron el aporte que implica para el consumidor este tipo de materiales. Actualmente se est&aacute; trabajando en el afiche representativo de los productos de verano.<\/p>\n<p><strong>Productos de Invierno <\/strong><\/p>\n<p>En invierno se encuentran en estacionalidad la manzana, pera, frutos secos y desecados, cebollita de verdeo, cebolla, ajo, camote, papa, zapallo, zanahoria, remolacha, rabanito, aceituna, coliflor, br&oacute;coli, chaucha, espinaca, lechuga, berro, radicheta, perejil, apio, achicoria, puerro, acelga.<\/p>\n<p><strong>Productos de Primavera <\/strong><\/p>\n<p>En esta estaci&oacute;n las frutas y verduras promocionadas incluyen damasco, frutilla, cereza, durazno, tomate, ajo, cebollita de verdeo, berenjena, pimiento verde, pepino, zanahoria, zapallito italiano y redondo, rabanito, remolacha, alcaucil, habas, apio, escarola, esp&aacute;rragos, achicoria, albahaca, or&eacute;gano.<\/p>\n<\/body><\/html>\n","protected":false},"excerpt":{"rendered":"Las acciones se llevan adelante en verduler\u00edas, mercados cooperativos y s\u00faper e hipermercados a trav\u00e9s del programa Disfruta y Verdura de temporada que lleva a cabo el Ministerio de Agroindustria y Tecnolog\u00eda.","protected":false},"author":3,"featured_media":41389,"comment_status":"open","ping_status":"open","sticky":false,"template":"","format":"standard","meta":[],"categories":[1],"tags":[],"_links":{"self":[{"href":"https:\/\/www.mendoza.gov.ar\/prensa\/wp-json\/wp\/v2\/posts\/41384"}],"collection":[{"href":"https:\/\/www.mendoza.gov.ar\/prensa\/wp-json\/wp\/v2\/posts"}],"about":[{"href":"https:\/\/www.mendoza.gov.ar\/prensa\/wp-json\/wp\/v2\/types\/post"}],"author":[{"embeddable":true,"href":"https:\/\/www.mendoza.gov.ar\/prensa\/wp-json\/wp\/v2\/users\/3"}],"replies":[{"embeddable":true,"href":"https:\/\/www.mendoza.gov.ar\/prensa\/wp-json\/wp\/v2\/comments?post=41384"}],"version-history":[{"count":0,"href":"https:\/\/www.mendoza.gov.ar\/prensa\/wp-json\/wp\/v2\/posts\/41384\/revisions"}],"wp:featuredmedia":[{"embeddable":true,"href":"https:\/\/www.mendoza.gov.ar\/prensa\/wp-json\/wp\/v2\/media\/41389"}],"wp:attachment":[{"href":"https:\/\/www.mendoza.gov.ar\/prensa\/wp-json\/wp\/v2\/media?parent=41384"}],"wp:term":[{"taxonomy":"category","embeddable":true,"href":"https:\/\/www.mendoza.gov.ar\/prensa\/wp-json\/wp\/v2\/categories?post=41384"},{"taxonomy":"post_tag","embeddable":true,"href":"https:\/\/www.mendoza.gov.ar\/prensa\/wp-json\/wp\/v2\/tags?post=41384"}],"curies":[{"name":"wp","href":"https:\/\/api.w.org\/{rel}","templated":true}]}}