{"id":41397,"date":"2015-09-23T17:39:06","date_gmt":"2015-09-23T20:39:06","guid":{"rendered":"http:\/\/prensa.mendoza.gov.ar\/?p=41397"},"modified":"2015-09-23T17:39:06","modified_gmt":"2015-09-23T20:39:06","slug":"habra-desvios-de-colectivos-en-capital-por-el-rodaje-de-una-mini-serie","status":"publish","type":"post","link":"https:\/\/www.mendoza.gov.ar\/prensa\/habra-desvios-de-colectivos-en-capital-por-el-rodaje-de-una-mini-serie\/","title":{"rendered":"Habr\u00e1 desv\u00edos de colectivos en Capital por el rodaje de una mini serie"},"content":{"rendered":"<!DOCTYPE html PUBLIC \"-\/\/W3C\/\/DTD HTML 4.0 Transitional\/\/EN\" \"http:\/\/www.w3.org\/TR\/REC-html40\/loose.dtd\">\n<html><body><p>Este jueves comenzar&aacute; a rodarse la mini serie &ldquo;La educaci&oacute;n del rey&rdquo; donde se utilizar&aacute;n las calles del centro mendocino para la realizaci&oacute;n de diferentes escenas. En este sentido,&nbsp;ser&aacute; necesario realizar desv&iacute;os en los recorridos de algunas l&iacute;neas del transporte p&uacute;blico de pasajeros.<\/p>\n<p>Este jueves las l&iacute;neas 92-94 del Grupo 7 se desviar&aacute;n en Rodr&iacute;guez, A. Maure, Silva, Laprida, Rodr&iacute;guez.<\/p>\n<p>En tanto, el d&iacute;a viernes se ver&aacute;n afectadas las mismas l&iacute;neas junto a la l&iacute;nea 102 del Grupo 8, que circular&aacute;n por Olascoaga, Jarana, T. Benegas, A. Maure, Olascoaga. Otra modificaci&oacute;n ser&aacute; en el recorrido de la l&iacute;nea 93 del Grupo 7 que ir&aacute; por Olascoaga, Moldes y Paso de Los Andes. Estos desv&iacute;os comenzar&aacute;n a las 20 y se extender&aacute;n hasta las 02 del s&aacute;bado 26 de septiembre.<\/p>\n<p>Por otra&nbsp;parte, el lunes 28 de septiembre, de 15.30 a 19, se desviar&aacute;n las l&iacute;neas 93-95 en Granaderos, S&aacute;enz Pe&ntilde;a, Alpatacal, Juan B. Justo y luego retomar&aacute;n&nbsp;su recorrido normal; las l&iacute;neas 91 y 101 har&aacute;n su recorrido por Newbery, Alpatacal, Laprida y Granadero. Adem&aacute;s, de 20 a 23 se cortar&aacute; la circulaci&oacute;n en calle Patricias Mendocinas esquina Pedro Molina, entre rotonda La Pampa y Espa&ntilde;a por lo que se desviar&aacute;n las l&iacute;neas&nbsp;A21-23-25 B21-23-25-26-27; l&iacute;nea 112; l&iacute;nea 124; l&iacute;neas 81-84-86 y l&iacute;neas 61-63-68-62 y 65&nbsp;que&nbsp;circular&aacute;n por Patricias Mendocinas, San Lorenzo, 9 de Julio y Pedro Molina.<\/p>\n<p>Las l&iacute;neas 31-32; 104 y 44 (Expreso) ir&aacute;n por Patricias Mendocinas, Col&oacute;n, Mitre, P. Molina, Pampa, Peltier y Pueyrred&oacute;n.<\/p>\n<p>Las l&iacute;neas&nbsp;41-42-43-45 y 46; 102; 121-91-93 y la 71 (B) ir&aacute;n por Patricias Mendocinas, San Lorenzo, 9 de Julio y Peltier.<\/p>\n<p>Tambi&eacute;n para el d&iacute;a 28 se modificar&aacute;n los recorridos de las l&iacute;neas 11-12-15 y 16; A22-24-27-28-29 B22-24-26, ir&aacute;n por 25 de Mayo, San Lorenzo, 9 de Julio. La l&iacute;nea 95 ir&aacute; por 25 de Mayo, San Lorenzo y Chile; las l&iacute;neas 71 (A) (B) 73 (E) y 74 lo har&aacute;n por Sobremonte, P. Molina, San Lorenzo y Chile.<\/p>\n<p>Las l&iacute;neas 31 y 32 ver&aacute;n afectado su recorrido en calle San Lorenzo, Per&uacute;, Las Heras y Patricias Mendocinas. Por su parte las l&iacute;neas 62 y 65 lo har&aacute;n por Belgrano, Sobremonte, P. Molina, Per&uacute;, San Lorenzo, 9 de Julio y P. Molina.<\/p>\n<p>Tambi&eacute;n se ver&aacute; afectado el recorrido de las l&iacute;neas 82-83-87 que circular&aacute;n por Patricias Mendocinas, Col&oacute;n y Per&uacute;; mientras que las l&iacute;neas 51-52-53-54-55 y 56 ir&aacute;n por Montevideo, 9 de Julio y Col&oacute;n.<\/p>\n<p>Una vez finalizado el rodaje todos los servicios retomar&aacute;n sus recorridos habituales, durante el pr&oacute;ximo lunes 28 de setiembre.<\/p>\n<p>Por consultas puede comunicarse al 0800 999 2001 o a trav&eacute;s de nuestras redes sociales, &nbsp;<a href=\"https:\/\/www.facebook.com\/TransporteMza\" target=\"_blank\">Ministerio de Transporte Mendoza<\/a>&nbsp;y <a href=\"https:\/\/twitter.com\/transportemza\" target=\"_blank\">@TransporteMza<\/a>.<\/p>\n<\/body><\/html>\n","protected":false},"excerpt":{"rendered":"Comenzar\u00e1n ma\u00f1ana y se extender\u00e1n hasta el lunes 28 de septiembre. Ser\u00e1n en el servicio regular.","protected":false},"author":3,"featured_media":38642,"comment_status":"open","ping_status":"open","sticky":false,"template":"","format":"standard","meta":[],"categories":[1],"tags":[],"_links":{"self":[{"href":"https:\/\/www.mendoza.gov.ar\/prensa\/wp-json\/wp\/v2\/posts\/41397"}],"collection":[{"href":"https:\/\/www.mendoza.gov.ar\/prensa\/wp-json\/wp\/v2\/posts"}],"about":[{"href":"https:\/\/www.mendoza.gov.ar\/prensa\/wp-json\/wp\/v2\/types\/post"}],"author":[{"embeddable":true,"href":"https:\/\/www.mendoza.gov.ar\/prensa\/wp-json\/wp\/v2\/users\/3"}],"replies":[{"embeddable":true,"href":"https:\/\/www.mendoza.gov.ar\/prensa\/wp-json\/wp\/v2\/comments?post=41397"}],"version-history":[{"count":0,"href":"https:\/\/www.mendoza.gov.ar\/prensa\/wp-json\/wp\/v2\/posts\/41397\/revisions"}],"wp:featuredmedia":[{"embeddable":true,"href":"https:\/\/www.mendoza.gov.ar\/prensa\/wp-json\/wp\/v2\/media\/38642"}],"wp:attachment":[{"href":"https:\/\/www.mendoza.gov.ar\/prensa\/wp-json\/wp\/v2\/media?parent=41397"}],"wp:term":[{"taxonomy":"category","embeddable":true,"href":"https:\/\/www.mendoza.gov.ar\/prensa\/wp-json\/wp\/v2\/categories?post=41397"},{"taxonomy":"post_tag","embeddable":true,"href":"https:\/\/www.mendoza.gov.ar\/prensa\/wp-json\/wp\/v2\/tags?post=41397"}],"curies":[{"name":"wp","href":"https:\/\/api.w.org\/{rel}","templated":true}]}}