{"id":414014,"date":"2024-06-09T09:56:41","date_gmt":"2024-06-09T12:56:41","guid":{"rendered":"https:\/\/www.mendoza.gov.ar\/prensa\/?p=414014"},"modified":"2024-06-09T12:13:15","modified_gmt":"2024-06-09T15:13:15","slug":"la-agencia-mendocina-de-innovacion-ciencia-y-tecnologia-participo-de-las-jornadas-de-produccion-textil-circular-hacia-un-ecosistema-de-circularidad-textil","status":"publish","type":"post","link":"https:\/\/www.mendoza.gov.ar\/prensa\/la-agencia-mendocina-de-innovacion-ciencia-y-tecnologia-participo-de-las-jornadas-de-produccion-textil-circular-hacia-un-ecosistema-de-circularidad-textil\/","title":{"rendered":"La Agencia Mendocina de Innovaci\u00f3n, Ciencia y Tecnolog\u00eda particip\u00f3 en Jornadas de Econom\u00eda Circular"},"content":{"rendered":"<!DOCTYPE html PUBLIC \"-\/\/W3C\/\/DTD HTML 4.0 Transitional\/\/EN\" \"http:\/\/www.w3.org\/TR\/REC-html40\/loose.dtd\">\n<html><body><h5>Se denominaron &ldquo;Producci&oacute;n textil circular, hacia un ecosistema de circularidad textil&rdquo;. Participaron m&aacute;s de 200 mujeres del ecosistema de econom&iacute;a circular textil de la provincia.<\/h5>\n\n\n\n<p>La Agencia Mendocina de Innovaci&oacute;n, Ciencia y Tecnolog&iacute;a, a trav&eacute;s del programa Mendoza Sostenible, realiz&oacute; las Jornadas de Econom&iacute;a Circular, tituladas &ldquo;Producci&oacute;n textil circular, hacia un ecosistema de circularidad textil&rdquo;.<\/p>\n\n\n\n<p>Se desarroll&oacute; en el polideportivo Polimeni del departamento de Las Heras y cont&oacute; con la participaci&oacute;n de m&aacute;s de 200 mujeres del ecosistema de econom&iacute;a circular textil de la provincia.<\/p>\n\n\n\n<p>La jornada se dividi&oacute; en dos momentos. Durante la ma&ntilde;ana, se llev&oacute; a cabo un &ldquo;Encuentro intensivo de capacitaci&oacute;n en producci&oacute;n textil circular&rdquo;, dictado por la Fundaci&oacute;n Hilanda. Las participantes recorrieron cuatro estaciones productivas donde aprendieron t&eacute;cnicas de costura utilizando materiales textiles reciclados.<\/p>\n\n\n\n<p>En la tarde, los talleres continuaron y, en simult&aacute;neo, se desarroll&oacute; un encuentro de vinculaci&oacute;n denominado &ldquo;Hacia un ecosistema de circularidad textil&rdquo;. Reuni&oacute; a m&aacute;s de 40 personas de diversas instituciones, empresas y asociaciones, quienes generaron oportunidades de negocios y articularon redes de trabajo.<\/p>\n\n\n\n<p>&ldquo;Es muy importante este espacio de encuentro p&uacute;blico-privado para poder definir pol&iacute;ticas p&uacute;blicas que incluyan capacitaci&oacute;n, generaci&oacute;n de trabajo y un impacto positivo en las comunidades. Desde la Agencia estamos impulsando este tipo de iniciativas que fortalezcan el ecosistema de impacto de la provincia&rdquo;, sostuvo Federico Mor&aacute;bito, presidente de la Agencia.<\/p>\n\n\n\n<p>Un grupo destacado de participantes fue el de mujeres de El Borboll&oacute;n, organizadas a trav&eacute;s del emprendimiento &ldquo;Mujeres retaceando historia&rdquo;, coordinado por la Fundaci&oacute;n de Nuestra Mendoza, quienes actuaron como capacitadoras en las diversas estaciones de trabajo.<\/p>\n\n\n\n<p>La jornada fue organizada por Hilanda, Fundaci&oacute;n Avina, Municipalidad de Las Heras, Fundaci&oacute;n Nuestra Mendoza y la Agencia Mendocina de Innovaci&oacute;n, Ciencia y Tecnolog&iacute;a. Acompa&ntilde;aron la UNCuyo, Valos y la Fundaci&oacute;n Citi.<\/p>\n\n\n\n<figure class=\"wp-block-gallery columns-3\"><ul class=\"blocks-gallery-grid\"><li class=\"blocks-gallery-item\"><figure><a href=\"https:\/\/www.mendoza.gov.ar\/wp-content\/uploads\/sites\/5\/2024\/06\/DSC_6350-700x467.jpg\"><img loading=\"lazy\" width=\"700\" height=\"467\" src=\"https:\/\/www.mendoza.gov.ar\/wp-content\/uploads\/sites\/5\/2024\/06\/DSC_6350-700x467.jpg\" alt=\"\" data-id=\"414015\" data-link=\"https:\/\/www.mendoza.gov.ar\/prensa\/?attachment_id=414015\" class=\"wp-image-414015 img-responsive center-block\" srcset=\"https:\/\/www.mendoza.gov.ar\/wp-content\/uploads\/sites\/5\/2024\/06\/DSC_6350-700x467.jpg 700w, https:\/\/www.mendoza.gov.ar\/wp-content\/uploads\/sites\/5\/2024\/06\/DSC_6350-250x167.jpg 250w, https:\/\/www.mendoza.gov.ar\/wp-content\/uploads\/sites\/5\/2024\/06\/DSC_6350-768x512.jpg 768w, https:\/\/www.mendoza.gov.ar\/wp-content\/uploads\/sites\/5\/2024\/06\/DSC_6350-1536x1024.jpg 1536w, https:\/\/www.mendoza.gov.ar\/wp-content\/uploads\/sites\/5\/2024\/06\/DSC_6350-2048x1365.jpg 2048w, https:\/\/www.mendoza.gov.ar\/wp-content\/uploads\/sites\/5\/2024\/06\/DSC_6350-120x80.jpg 120w\" sizes=\"(max-width: 700px) 100vw, 700px\"><\/a><\/figure><\/li><li class=\"blocks-gallery-item\"><figure><a href=\"https:\/\/www.mendoza.gov.ar\/wp-content\/uploads\/sites\/5\/2024\/06\/DSC_6317-700x467.jpg\"><img loading=\"lazy\" width=\"700\" height=\"467\" src=\"https:\/\/www.mendoza.gov.ar\/wp-content\/uploads\/sites\/5\/2024\/06\/DSC_6317-700x467.jpg\" alt=\"\" data-id=\"414016\" data-link=\"https:\/\/www.mendoza.gov.ar\/prensa\/?attachment_id=414016\" class=\"wp-image-414016 img-responsive center-block\" srcset=\"https:\/\/www.mendoza.gov.ar\/wp-content\/uploads\/sites\/5\/2024\/06\/DSC_6317-700x467.jpg 700w, https:\/\/www.mendoza.gov.ar\/wp-content\/uploads\/sites\/5\/2024\/06\/DSC_6317-250x167.jpg 250w, https:\/\/www.mendoza.gov.ar\/wp-content\/uploads\/sites\/5\/2024\/06\/DSC_6317-768x512.jpg 768w, https:\/\/www.mendoza.gov.ar\/wp-content\/uploads\/sites\/5\/2024\/06\/DSC_6317-1536x1024.jpg 1536w, https:\/\/www.mendoza.gov.ar\/wp-content\/uploads\/sites\/5\/2024\/06\/DSC_6317-2048x1365.jpg 2048w, https:\/\/www.mendoza.gov.ar\/wp-content\/uploads\/sites\/5\/2024\/06\/DSC_6317-120x80.jpg 120w\" sizes=\"(max-width: 700px) 100vw, 700px\"><\/a><\/figure><\/li><li class=\"blocks-gallery-item\"><figure><a href=\"https:\/\/www.mendoza.gov.ar\/wp-content\/uploads\/sites\/5\/2024\/06\/DSC_6242-700x467.jpg\"><img loading=\"lazy\" width=\"700\" height=\"467\" src=\"https:\/\/www.mendoza.gov.ar\/wp-content\/uploads\/sites\/5\/2024\/06\/DSC_6242-700x467.jpg\" alt=\"\" data-id=\"414017\" data-link=\"https:\/\/www.mendoza.gov.ar\/prensa\/?attachment_id=414017\" class=\"wp-image-414017 img-responsive center-block\" srcset=\"https:\/\/www.mendoza.gov.ar\/wp-content\/uploads\/sites\/5\/2024\/06\/DSC_6242-700x467.jpg 700w, https:\/\/www.mendoza.gov.ar\/wp-content\/uploads\/sites\/5\/2024\/06\/DSC_6242-250x167.jpg 250w, https:\/\/www.mendoza.gov.ar\/wp-content\/uploads\/sites\/5\/2024\/06\/DSC_6242-768x512.jpg 768w, https:\/\/www.mendoza.gov.ar\/wp-content\/uploads\/sites\/5\/2024\/06\/DSC_6242-1536x1024.jpg 1536w, https:\/\/www.mendoza.gov.ar\/wp-content\/uploads\/sites\/5\/2024\/06\/DSC_6242-2048x1365.jpg 2048w, https:\/\/www.mendoza.gov.ar\/wp-content\/uploads\/sites\/5\/2024\/06\/DSC_6242-120x80.jpg 120w\" sizes=\"(max-width: 700px) 100vw, 700px\"><\/a><\/figure><\/li><li class=\"blocks-gallery-item\"><figure><a href=\"https:\/\/www.mendoza.gov.ar\/wp-content\/uploads\/sites\/5\/2024\/06\/DSC_6346.jpg\"><img loading=\"lazy\" width=\"700\" height=\"467\" src=\"https:\/\/www.mendoza.gov.ar\/wp-content\/uploads\/sites\/5\/2024\/06\/DSC_6346-700x467.jpg\" alt=\"\" data-id=\"414018\" data-full-url=\"https:\/\/www.mendoza.gov.ar\/wp-content\/uploads\/sites\/5\/2024\/06\/DSC_6346.jpg\" data-link=\"https:\/\/www.mendoza.gov.ar\/prensa\/?attachment_id=414018\" class=\"wp-image-414018 img-responsive center-block\" srcset=\"https:\/\/www.mendoza.gov.ar\/wp-content\/uploads\/sites\/5\/2024\/06\/DSC_6346-700x467.jpg 700w, https:\/\/www.mendoza.gov.ar\/wp-content\/uploads\/sites\/5\/2024\/06\/DSC_6346-250x167.jpg 250w, https:\/\/www.mendoza.gov.ar\/wp-content\/uploads\/sites\/5\/2024\/06\/DSC_6346-768x512.jpg 768w, https:\/\/www.mendoza.gov.ar\/wp-content\/uploads\/sites\/5\/2024\/06\/DSC_6346-1536x1024.jpg 1536w, https:\/\/www.mendoza.gov.ar\/wp-content\/uploads\/sites\/5\/2024\/06\/DSC_6346-2048x1365.jpg 2048w, https:\/\/www.mendoza.gov.ar\/wp-content\/uploads\/sites\/5\/2024\/06\/DSC_6346-120x80.jpg 120w\" sizes=\"(max-width: 700px) 100vw, 700px\"><\/a><\/figure><\/li><\/ul><\/figure>\n<\/body><\/html>\n","protected":false},"excerpt":{"rendered":"Se denominaron &ldquo;Producci&oacute;n textil circular, hacia un ecosistema de circularidad textil&rdquo;. Participaron m&aacute;s de 200 mujeres del ecosistema de econom&iacute;a circular textil de la provincia. La Agencia Mendocina de Innovaci&oacute;n, Ciencia y Tecnolog&iacute;a, a trav&eacute;s del programa Mendoza Sostenible, realiz&oacute; las Jornadas de Econom&iacute;a Circular, tituladas &ldquo;Producci&oacute;n textil circular, hacia un ecosistema de circularidad textil&rdquo;&#8230;. <a class=\"view-article\" href=\"https:\/\/www.mendoza.gov.ar\/prensa\/la-agencia-mendocina-de-innovacion-ciencia-y-tecnologia-participo-de-las-jornadas-de-produccion-textil-circular-hacia-un-ecosistema-de-circularidad-textil\/\"><\/a>","protected":false},"author":61,"featured_media":414018,"comment_status":"open","ping_status":"open","sticky":false,"template":"","format":"standard","meta":[],"categories":[15],"tags":[],"_links":{"self":[{"href":"https:\/\/www.mendoza.gov.ar\/prensa\/wp-json\/wp\/v2\/posts\/414014"}],"collection":[{"href":"https:\/\/www.mendoza.gov.ar\/prensa\/wp-json\/wp\/v2\/posts"}],"about":[{"href":"https:\/\/www.mendoza.gov.ar\/prensa\/wp-json\/wp\/v2\/types\/post"}],"author":[{"embeddable":true,"href":"https:\/\/www.mendoza.gov.ar\/prensa\/wp-json\/wp\/v2\/users\/61"}],"replies":[{"embeddable":true,"href":"https:\/\/www.mendoza.gov.ar\/prensa\/wp-json\/wp\/v2\/comments?post=414014"}],"version-history":[{"count":5,"href":"https:\/\/www.mendoza.gov.ar\/prensa\/wp-json\/wp\/v2\/posts\/414014\/revisions"}],"predecessor-version":[{"id":414036,"href":"https:\/\/www.mendoza.gov.ar\/prensa\/wp-json\/wp\/v2\/posts\/414014\/revisions\/414036"}],"wp:featuredmedia":[{"embeddable":true,"href":"https:\/\/www.mendoza.gov.ar\/prensa\/wp-json\/wp\/v2\/media\/414018"}],"wp:attachment":[{"href":"https:\/\/www.mendoza.gov.ar\/prensa\/wp-json\/wp\/v2\/media?parent=414014"}],"wp:term":[{"taxonomy":"category","embeddable":true,"href":"https:\/\/www.mendoza.gov.ar\/prensa\/wp-json\/wp\/v2\/categories?post=414014"},{"taxonomy":"post_tag","embeddable":true,"href":"https:\/\/www.mendoza.gov.ar\/prensa\/wp-json\/wp\/v2\/tags?post=414014"}],"curies":[{"name":"wp","href":"https:\/\/api.w.org\/{rel}","templated":true}]}}