{"id":414358,"date":"2024-06-11T16:39:18","date_gmt":"2024-06-11T19:39:18","guid":{"rendered":"https:\/\/www.mendoza.gov.ar\/prensa\/?p=414358"},"modified":"2024-06-11T16:54:17","modified_gmt":"2024-06-11T19:54:17","slug":"ultimos-dias-para-inscribirse-al-nuevo-programa-de-exportacion-de-promendoza","status":"publish","type":"post","link":"https:\/\/www.mendoza.gov.ar\/prensa\/ultimos-dias-para-inscribirse-al-nuevo-programa-de-exportacion-de-promendoza\/","title":{"rendered":"\u00daltimos d\u00edas para inscribirse en el nuevo programa de exportaci\u00f3n de ProMendoza"},"content":{"rendered":"<!DOCTYPE html PUBLIC \"-\/\/W3C\/\/DTD HTML 4.0 Transitional\/\/EN\" \"http:\/\/www.w3.org\/TR\/REC-html40\/loose.dtd\">\n<html><body><p><strong>Este viernes cierra la inscripci&oacute;n para pymes mendocinas que quieran ser parte de &Aacute;gil Nex, el nuevo programa desarrollado por ProMendoza que busca que m&aacute;s firmas lleguen con sus productos o servicios a otras parte del mundo.<\/strong><\/p>\n\n\n\n<p>Consiste en una consultor&iacute;a profesional personalizada, que logra que en seis meses una pyme haga avances concretos en sus primeros pasos para vender sus bienes o servicios en el exterior.<\/p>\n\n\n\n<p>ProMendoza ofrece una terna de consultores a la empresa que comienza con el programa, para que elija al profesional que lo acompa&ntilde;ar&aacute; durante en sus primeros pasos para luego seguir junto al acompa&ntilde;amiento de t&eacute;cnicos de ProMendoza.<\/p>\n\n\n\n<p><strong>Los requisitos que deben cumplir las pymes<\/strong><\/p>\n\n\n\n<p>Ser micro, peque&ntilde;as o medianas empresas de bienes y\/o servicios con establecimiento productivo en Mendoza;&nbsp;que nunca hayan exportado o que lo hayan hecho de manera espor&aacute;dica;&nbsp;que cuenten con un producto o servicio con potencial exportador;&nbsp;que no adeuden impuestos provinciales; que demuestren un compromiso firme y una voluntad expl&iacute;cita de exportar; que cuenten con la capacidad financiera para cubrir los honorarios del consultor,&nbsp;y que est&eacute;n dispuestas a trabajar bajo los principios y valores &aacute;giles colaborando activamente con el consultor y ProMendoza.<\/p>\n\n\n\n<p><strong>Fecha l&iacute;mite inscripci&oacute;n de empresas:<\/strong>&nbsp;viernes 14 de junio a las 23.59.<\/p>\n\n\n\n<p><strong>Las etapas del proceso<\/strong><\/p>\n\n\n\n<p>Etapa 1 (un mes):&nbsp;Diagn&oacute;stico e identificaci&oacute;n de barreras: el consultor y la empresa identificar&aacute;n fortalezas, debilidades, oportunidades y amenazas, y detallar&aacute;n las barreras a la exportaci&oacute;n.<\/p>\n\n\n\n<p>Etapa 2 (dos meses):&nbsp;Dise&ntilde;o del Plan de Internacionalizaci&oacute;n: se dise&ntilde;ar&aacute; un plan detallado incluyendo tratamiento aduanero, destino, producto\/servicio, precio, canales y actividades de promoci&oacute;n comercial.<\/p>\n\n\n\n<p>Etapa 3 (dos meses):&nbsp;Implementaci&oacute;n &Aacute;gil: se usar&aacute; un enfoque &aacute;gil para crear un Plan M&iacute;nimo Viable y probarlo en una ronda inversa simulacro o actividad similar, ajustando el plan seg&uacute;n las lecciones aprendidas.<\/p>\n\n\n\n<p>Etapa 4 (un mes):&nbsp;Elaboraci&oacute;n de la Hoja de Ruta: se finalizar&aacute; el Plan de Internacionalizaci&oacute;n con acciones detalladas, responsables y tiempos para una primera operaci&oacute;n de exportaci&oacute;n exitosa.<\/p>\n\n\n\n<p><strong>D&oacute;nde inscribirse<\/strong>: Las empresas interesadas pueden consultar en las redes sociales de ProMendoza o en el sitio&nbsp;<a rel=\"noreferrer noopener\" href=\"http:\/\/www.promendoza.com\/es\/agilnex\/\" target=\"_blank\">www.promendoza.com\/es\/agilnex\/<\/a>. Cierra viernes 14 de junio.<\/p>\n\n\n\n<figure class=\"wp-block-gallery columns-1 is-cropped\"><ul class=\"blocks-gallery-grid\"><li class=\"blocks-gallery-item\"><figure><a href=\"https:\/\/www.mendoza.gov.ar\/wp-content\/uploads\/sites\/5\/2024\/06\/agilnex.jpg\"><img loading=\"lazy\" width=\"700\" height=\"525\" src=\"https:\/\/www.mendoza.gov.ar\/wp-content\/uploads\/sites\/5\/2024\/06\/agilnex-700x525.jpg\" alt=\"\" data-id=\"414359\" data-full-url=\"https:\/\/www.mendoza.gov.ar\/wp-content\/uploads\/sites\/5\/2024\/06\/agilnex.jpg\" data-link=\"https:\/\/www.mendoza.gov.ar\/prensa\/?attachment_id=414359\" class=\"wp-image-414359 img-responsive center-block\" srcset=\"https:\/\/www.mendoza.gov.ar\/wp-content\/uploads\/sites\/5\/2024\/06\/agilnex-700x525.jpg 700w, https:\/\/www.mendoza.gov.ar\/wp-content\/uploads\/sites\/5\/2024\/06\/agilnex-250x188.jpg 250w, https:\/\/www.mendoza.gov.ar\/wp-content\/uploads\/sites\/5\/2024\/06\/agilnex-768x576.jpg 768w, https:\/\/www.mendoza.gov.ar\/wp-content\/uploads\/sites\/5\/2024\/06\/agilnex-1536x1152.jpg 1536w, https:\/\/www.mendoza.gov.ar\/wp-content\/uploads\/sites\/5\/2024\/06\/agilnex-120x90.jpg 120w, https:\/\/www.mendoza.gov.ar\/wp-content\/uploads\/sites\/5\/2024\/06\/agilnex.jpg 1600w\" sizes=\"(max-width: 700px) 100vw, 700px\"><\/a><\/figure><\/li><\/ul><\/figure>\n<\/body><\/html>\n","protected":false},"excerpt":{"rendered":"Este viernes cierra la inscripci&oacute;n para pymes mendocinas que quieran ser parte de &Aacute;gil Nex, el nuevo programa desarrollado por ProMendoza que busca que m&aacute;s firmas lleguen con sus productos o servicios a otras parte del mundo. Consiste en una consultor&iacute;a profesional personalizada, que logra que en seis meses una pyme haga avances concretos en&#8230; <a class=\"view-article\" href=\"https:\/\/www.mendoza.gov.ar\/prensa\/ultimos-dias-para-inscribirse-al-nuevo-programa-de-exportacion-de-promendoza\/\"><\/a>","protected":false},"author":78,"featured_media":414359,"comment_status":"open","ping_status":"open","sticky":false,"template":"","format":"standard","meta":[],"categories":[3028],"tags":[],"_links":{"self":[{"href":"https:\/\/www.mendoza.gov.ar\/prensa\/wp-json\/wp\/v2\/posts\/414358"}],"collection":[{"href":"https:\/\/www.mendoza.gov.ar\/prensa\/wp-json\/wp\/v2\/posts"}],"about":[{"href":"https:\/\/www.mendoza.gov.ar\/prensa\/wp-json\/wp\/v2\/types\/post"}],"author":[{"embeddable":true,"href":"https:\/\/www.mendoza.gov.ar\/prensa\/wp-json\/wp\/v2\/users\/78"}],"replies":[{"embeddable":true,"href":"https:\/\/www.mendoza.gov.ar\/prensa\/wp-json\/wp\/v2\/comments?post=414358"}],"version-history":[{"count":4,"href":"https:\/\/www.mendoza.gov.ar\/prensa\/wp-json\/wp\/v2\/posts\/414358\/revisions"}],"predecessor-version":[{"id":414363,"href":"https:\/\/www.mendoza.gov.ar\/prensa\/wp-json\/wp\/v2\/posts\/414358\/revisions\/414363"}],"wp:featuredmedia":[{"embeddable":true,"href":"https:\/\/www.mendoza.gov.ar\/prensa\/wp-json\/wp\/v2\/media\/414359"}],"wp:attachment":[{"href":"https:\/\/www.mendoza.gov.ar\/prensa\/wp-json\/wp\/v2\/media?parent=414358"}],"wp:term":[{"taxonomy":"category","embeddable":true,"href":"https:\/\/www.mendoza.gov.ar\/prensa\/wp-json\/wp\/v2\/categories?post=414358"},{"taxonomy":"post_tag","embeddable":true,"href":"https:\/\/www.mendoza.gov.ar\/prensa\/wp-json\/wp\/v2\/tags?post=414358"}],"curies":[{"name":"wp","href":"https:\/\/api.w.org\/{rel}","templated":true}]}}