{"id":41456,"date":"2015-09-24T13:56:49","date_gmt":"2015-09-24T16:56:49","guid":{"rendered":"http:\/\/prensa.mendoza.gov.ar\/?p=41456"},"modified":"2015-09-24T13:56:49","modified_gmt":"2015-09-24T16:56:49","slug":"energia-participa-en-el-lanzamiento-de-la-feria-eco-21-en-mendoza","status":"publish","type":"post","link":"https:\/\/www.mendoza.gov.ar\/prensa\/energia-participa-en-el-lanzamiento-de-la-feria-eco-21-en-mendoza\/","title":{"rendered":"Energ\u00eda participa en el lanzamiento de la Feria ECO 21 en Mendoza"},"content":{"rendered":"<!DOCTYPE html PUBLIC \"-\/\/W3C\/\/DTD HTML 4.0 Transitional\/\/EN\" \"http:\/\/www.w3.org\/TR\/REC-html40\/loose.dtd\">\n<html><body><p>El Ministerio de Energ&iacute;a participa de la Feria ECO 21 que busca&nbsp;concientizar el buen uso de la energ&iacute;a, interiorizarse de las nuevas tecnolog&iacute;as y el cuidado del medio ambiente, en busca de un futuro mejor para la regi&oacute;n. Participan funcionarios, empresarios, ambientalistas, la comunidad cient&iacute;fica y la sociedad en general hoy y ma&ntilde;ana en la Nave Cultural ubicada en el Parque Central de la Capital de Mendoza.<\/p>\n<p>El ministro Marcos Zandomeni se mostr&oacute; entusiasmado por este encuentro, ya que permite estar cerca en la creaci&oacute;n y formaci&oacute;n de nuevos proyectos de energ&iacute;as alternativas que fomentan la diversificaci&oacute;n de la matriz energ&eacute;tica, para su posterior financiamiento e implementaci&oacute;n en distintos sectores estrat&eacute;gicos del territorio provincial.<\/p>\n<p>Zandomeni dijo que: &ldquo;Mendoza tiene la capacidad de generar otros tipos de energ&iacute;as que cuidan el medio ambiente, y estamos convencidos que debemos seguir trabajando para no dejar de impulsar nuevas propuestas energ&eacute;ticas para tener m&aacute;s energ&iacute;a en la provincia. Los proyectos que surjan a partir de estas iniciativas, nos permitir&aacute;n incrementar por ejemplo la producci&oacute;n de energ&iacute;a t&eacute;rmica y el&eacute;ctrica derivada del biogas, que asegura un suministro de energ&iacute;a de manera limpia, confiable y competitiva, como nueva oportunidad que suma al desarrollo regional y fuerte presencia en el cuidado del medio ambiente&rdquo;.<\/p>\n<p>Adem&aacute;s, resalt&oacute; que &ldquo;siempre buscamos estimular el desarrollo de la provincia, contribuyendo a mitigar el cambio clim&aacute;tico&rdquo;, dijo el funcionario.<\/p>\n<p>Estas jornadas est&aacute;n organizado por Fundaci&oacute;n YPF y la Universidad de San Andr&eacute;s, sumado al esfuerzo conjunto del Ministerio de Energ&iacute;a, Mendoza Solar y ECO 21, con el fin de anclar el concepto claro de desarrollo sustentable en materia de energ&iacute;a y medio ambiente, y mantener las relaciones entre las instituciones para el trabajo mancomunado.<\/p>\n<p>Se destaca que con motivo de celebrar el D&iacute;a Internacional de la Madre Tierra, se realiza este encuentro con diversas actividades entre ellas: exposiciones, conferencias, cine cient&iacute;fico, debates cient&iacute;ficos, talleres educativos, mesas de articulaci&oacute;n y alianzas institucionales, muestras de ciencia y tecnolog&iacute;a, espacios interactivos para la sustentabilidad ambiental, y espect&aacute;culos art&iacute;sticos, para la generaci&oacute;n de instancias de reflexi&oacute;n y acci&oacute;n en favor del ambiente, la creaci&oacute;n de una conciencia com&uacute;n a los problemas de la contaminaci&oacute;n, la conservaci&oacute;n de la biodiversidad, el desarrollo sustentable y sostenible local y regional, inclusi&oacute;n social, cultura de paz, y otras preocupaciones ambientales.<\/p>\n<p>Tambi&eacute;n asisten distintos organismos de ciencia y t&eacute;cnica, universidades p&uacute;blicas y privadas, organizaciones sociales, la comunidad educativas, empresas p&uacute;blicas y privadas, artistas, ONGs y especialistas en la protecci&oacute;n ambiental y el desarrollo sustentable y sostenible. Hoy y ma&ntilde;ana, todas las actividades son con entrada libre y gratuita, y se podr&aacute; visitar de 9 a 12.30 y de 14 a 18.30 horas.<\/p>\n<\/body><\/html>\n","protected":false},"excerpt":{"rendered":"El Ministerio de Energ\u00eda de la provincia participa de este mega evento, mediante un stand estrat\u00e9gico para brindar detalles sobre la educaci\u00f3n ambiental y energ\u00e9tica con el fin de alcanzar el desarrollo sustentable de la regi\u00f3n.","protected":false},"author":3,"featured_media":41461,"comment_status":"open","ping_status":"open","sticky":false,"template":"","format":"standard","meta":[],"categories":[1],"tags":[],"_links":{"self":[{"href":"https:\/\/www.mendoza.gov.ar\/prensa\/wp-json\/wp\/v2\/posts\/41456"}],"collection":[{"href":"https:\/\/www.mendoza.gov.ar\/prensa\/wp-json\/wp\/v2\/posts"}],"about":[{"href":"https:\/\/www.mendoza.gov.ar\/prensa\/wp-json\/wp\/v2\/types\/post"}],"author":[{"embeddable":true,"href":"https:\/\/www.mendoza.gov.ar\/prensa\/wp-json\/wp\/v2\/users\/3"}],"replies":[{"embeddable":true,"href":"https:\/\/www.mendoza.gov.ar\/prensa\/wp-json\/wp\/v2\/comments?post=41456"}],"version-history":[{"count":0,"href":"https:\/\/www.mendoza.gov.ar\/prensa\/wp-json\/wp\/v2\/posts\/41456\/revisions"}],"wp:featuredmedia":[{"embeddable":true,"href":"https:\/\/www.mendoza.gov.ar\/prensa\/wp-json\/wp\/v2\/media\/41461"}],"wp:attachment":[{"href":"https:\/\/www.mendoza.gov.ar\/prensa\/wp-json\/wp\/v2\/media?parent=41456"}],"wp:term":[{"taxonomy":"category","embeddable":true,"href":"https:\/\/www.mendoza.gov.ar\/prensa\/wp-json\/wp\/v2\/categories?post=41456"},{"taxonomy":"post_tag","embeddable":true,"href":"https:\/\/www.mendoza.gov.ar\/prensa\/wp-json\/wp\/v2\/tags?post=41456"}],"curies":[{"name":"wp","href":"https:\/\/api.w.org\/{rel}","templated":true}]}}