{"id":414604,"date":"2024-06-13T13:08:55","date_gmt":"2024-06-13T16:08:55","guid":{"rendered":"https:\/\/www.mendoza.gov.ar\/prensa\/?p=414604"},"modified":"2024-06-13T13:17:58","modified_gmt":"2024-06-13T16:17:58","slug":"cornejo-recorrio-la-obra-de-renovacion-colector-cloacal-en-guaymallen-que-beneficiara-a-mas-de-100-mil-vecinos","status":"publish","type":"post","link":"https:\/\/www.mendoza.gov.ar\/prensa\/cornejo-recorrio-la-obra-de-renovacion-colector-cloacal-en-guaymallen-que-beneficiara-a-mas-de-100-mil-vecinos\/","title":{"rendered":"Cornejo recorri\u00f3 la obra de renovaci\u00f3n colector cloacal en Guaymall\u00e9n que beneficiar\u00e1 a m\u00e1s de 100 mil vecinos"},"content":{"rendered":"<!DOCTYPE html PUBLIC \"-\/\/W3C\/\/DTD HTML 4.0 Transitional\/\/EN\" \"http:\/\/www.w3.org\/TR\/REC-html40\/loose.dtd\">\n<html><body><h5>Es el tramo que comprende Elpidio Gonz&aacute;lez y Estrada del departamento mendocino. &ldquo;Nosotros estamos sosteniendo la obra p&uacute;blica, no la hemos parado&rdquo;, dijo el Gobernador en el lugar.<\/h5>\n\n\n\n<p>El Gobernador Alfredo Cornejo; el titular de Aguas Mendocinas, Humberto Mingorance, y el intendente de Guaymall&eacute;n, Marcos Calvente, recorrieron las obras de renovaci&oacute;n colector cloacal suroeste, tramo que comprende Elpidio Gonz&aacute;lez y Estrada, Guaymall&eacute;n. Esta obra beneficiar&aacute; a m&aacute;s de 113 mil mendocinos.<\/p>\n\n\n\n<p>Este colector cloacal secundario transporta los efluentes cloacales provenientes del suroeste del &Aacute;rea Metropolitana (Godoy Cruz y Guaymall&eacute;n) a la colectora m&aacute;xima noreste, ubicada en calle Buena Nueva (Profesor Mathus) que desemboca en el establecimiento depurador El Paramillo, recientemente ampliado.<\/p>\n\n\n\n<p>En el proyecto, se prev&eacute; eemplazar el tramo comprendido en la calle Elpidio Gonz&aacute;lez (entre Alem y Estrada) y entre Elpidio Gonz&aacute;lez y Lateral Sur del Acceso Este. La obra se realizar&aacute; en paralelo al colector existente en funcionamiento.<\/p>\n\n\n\n<p>Para disminuir el riesgo de desmoronamientos y colapsos, se ha previsto en el proyecto el uso de equipos de <em>by pass<\/em> y empalmes parciales, adem&aacute;s de la instalaci&oacute;n de acueductos y redes terciarias de agua y cloaca.<\/p>\n\n\n\n<p>El Gobernador se refiri&oacute; a la obra que visit&oacute; y resalt&oacute; la importancia de la misma: &ldquo;Estas obras que van por debajo de la tierra, no tienen la trascendencia de otras que se ven, pero que son &uacute;tiles para la salud de Mendoza, para la convivencia social, para los servicios, no solo de cloacas, sino tambi&eacute;n de agua. En este momento estamos cubriendo a much&iacute;simas familias que ten&iacute;an problemas de agua y problemas de cloaca y podemos dar nuevos permisos y es una intervenci&oacute;n que nos llena de orgullo. En este caso se trata de una obra de ingenier&iacute;a de 75 metros que cruza el Acceso Sur. Un t&uacute;nel que permite que por muchos a&ntilde;os tengamos toda esta zona perfectamente servida sin dificultades para el presente y sin dificultades para el futuro&rdquo;.<\/p>\n\n\n\n<p>Cornejo tambi&eacute;n destac&oacute; la presencia del Estado provincial para continuar con obras p&uacute;blicas en Mendoza: &ldquo;A pesar que esta obra p&uacute;blica era con financiamiento nacional, la provincia igual invirti&oacute; y la sostuvo con sus recursos. Nosotros estamos sosteniendo la obra p&uacute;blica, no la hemos parado, en algunos casos la hemos ralentizado, pero ahora vamos a acelerar mucho m&aacute;s despu&eacute;s del convenio que firmamos con la Naci&oacute;n. Muchas de estas obras son con financiamiento de los municipios, como en este caso de Guaymall&eacute;n, del Gobierno Provincial con Aysam, de Irrigaci&oacute;n, todas ellas con recursos de la provincia. Reactivar las obras nacionales nos va a ayudar a estar m&aacute;s en obra, con m&aacute;s trabajo para empresas contratistas mendocinas por ejemplo como es este caso, en este proyecto&rdquo;.<\/p>\n\n\n\n<p>A su turno, Mingorance coment&oacute; que la empresa Aysam tom&oacute; a cargo la obra de renovaci&oacute;n de los ductos cloacales financiada por Ente Nacional de Obras H&iacute;dricas de Saneamiento (Enohsa), con fondos provinciales para solucionar problemas de infraestructura en la zona. &ldquo;Una de las primeras instrucciones que me dio el Gobernador Alfredo Cornejo ni bien asumi&oacute; su segundo mandato, fue continuar esta obra&rdquo;, dijo el funcionario.<\/p>\n\n\n\n<p>Por otro lado, asegur&oacute;: &ldquo;Esto se debi&oacute; al conflicto que generaba no tener justamente los ductos cloacales en condiciones y, fundamentalmente, porque ven&iacute;a ralentizada por los problemas financieros que dej&oacute; el Gobierno Nacional anterior y generaba un caos vehicular muy importante en la zona&rdquo;.<\/p>\n\n\n\n<p>En este sentido, Mingorance mencion&oacute; que la provincia invirti&oacute; m&aacute;s de 3.600 millones de pesos y Enohsa devolver&aacute; ese dinero para seguir financiando la obra. Actualmente, el ente nacional tiene obras por m&aacute;s de 30 millones de d&oacute;lares, siendo esta en particular una inversi&oacute;n de alrededor de 5 millones de d&oacute;lares. &ldquo;La empresa est&aacute; enfocada en renovar redes de infraestructura para solucionar problemas de desbordes cloacales y mejorar el suministro de agua en la zona&rdquo;, dijo.<\/p>\n\n\n\n<p>Por su parte, el intendente explic&oacute; que esta obra tiene gran incidencia no solo porque alcanza a 100.000 mendocinos, sino que comprende a Guaymall&eacute;n, Luj&aacute;n de Cuyo y con Godoy Cruz. &ldquo;Se est&aacute; realizando una reingenier&iacute;a en el colector El Paramillo, que ten&iacute;a mucho tiempo de antig&uuml;edad, que ya estaba en estado de obsolescencia y generaba mucho conflicto&rdquo;.<\/p>\n\n\n\n<p>Ante esto, Calvente coment&oacute; que, adem&aacute;s de dar nuevas factibilidades y mejor prestaci&oacute;n del servicio, &ldquo;resuelve un pasivo urbano muy importante del Municipio que nos ten&iacute;a acostumbrados a generar problemas de desborde y de rupturas en la calle Estrada, en la calle Elpidio, en las &eacute;pocas de tormenta&rdquo;.<\/p>\n\n\n\n<p>Adem&aacute;s, explic&oacute; que el Municipio colabora, junto al Gobierno provincial, espec&iacute;ficamente con Aysam, en la ejecuci&oacute;n de esta obra. Coment&oacute; que la empresa se encarga de la prestaci&oacute;n del servicio, de la renovaci&oacute;n y reparaci&oacute;n del colector, y el Municipio repara todo el urbanismo que se vea da&ntilde;ado o perjudicado por este emprendimiento.<\/p>\n\n\n\n<p><strong>Los avances de la obra<\/strong> <\/p>\n\n\n\n<p>Actualmente, 3.400 metros de colector ya est&aacute;n en servicio desde Elpidio Gonz&aacute;lez y Las Ca&ntilde;as hasta la Lateral Sur de Acceso Este. La obra tiene avance de 70,17% y se han realizado:<\/p>\n\n\n\n<ul><li>M&aacute;s de 3.800 metros instalados de ca&ntilde;er&iacute;a de PRFV (poli&eacute;ster reforzado con fibra de vidrio) de 700\/800 mm de di&aacute;metro.<\/li><li>M&aacute;s de 60 bocas de registro.<\/li><li>M&aacute;s de 15.000 m2 de reposici&oacute;n de pavimento.<\/li><li>M&aacute;s de 3.000 m de renovaci&oacute;n de redes terciarias finalizadas.<\/li><\/ul>\n\n\n\n<p>Actualmente 3.400 metros de colector ya est&aacute;n en servicio: desde Elpidio Gonz&aacute;lez y Las Ca&ntilde;as hasta lateral Sur de Acceso Este.<\/p>\n\n\n\n<ul><li>Para alojar al colector se est&aacute; realizando un t&uacute;nel de 1,20 m de di&aacute;metro y 75 metros de longitud, debajo del Acceso sur y a la altura de Elpidio Gonz&aacute;lez. Con un avance de m&aacute;s del 15%, su construcci&oacute;n est&aacute; prevista para no cortar la Ruta 40 y que el tr&aacute;nsito por la misma se realice con absoluta normalidad.<\/li><\/ul>\n\n\n\n<p>En una primera etapa, esta importante obra para los mendocinos estuvo financiada por el Enohsa. Durante el per&iacute;odo en el que se produjo una pausa en el desembolso de los fondos, el Gobierno de Mendoza aport&oacute; $ 3.600 millones los que, ser&aacute;n reintegrados en su totalidad, por el organismo nacional antes mencionado.<\/p>\n\n\n\n<p><strong>Acuerdo por obras entre Naci&oacute;n y Provincia<\/strong><\/p>\n\n\n\n<p>En respuesta a los reclamos del Gobierno provincial y para mejorar y optimizar la calidad del servicio a los mendocinos, recientemente se firmaron dos acuerdos Naci&oacute;n-Provincia para impulsar y avanzar en la finalizaci&oacute;n de importantes obras de agua potable y saneamiento.<\/p>\n\n\n\n<p>Son obras licitadas y empezadas, con financiamiento del Enohsa.<\/p>\n\n\n\n<p><strong>En detalle:<\/strong><\/p>\n\n\n\n<p>1- Renovaci&oacute;n colector cloacal Sur Oeste tramo Elpidio Gonz&aacute;lez-Estrada de Guaymall&eacute;n. Esta obra tiene un avance del 70,17%<\/p>\n\n\n\n<p>2- Colector Colonia Segovia-Paramillo, Guaymall&eacute;n. Primera Etapa con un avance de 52,96%.<\/p>\n\n\n\n<p>3- Ampliaci&oacute;n establecimiento depurador Cuadro Nacional de San Rafael. Tercera etapa con avance de 24,19%.<\/p>\n\n\n\n<p>4- Ampliaci&oacute;n establecimiento potabilizador Balloffet, San Rafael. Esta obra tiene un avance de 0,5%.<\/p>\n\n\n\n<p>5- Sistema de producci&oacute;n y provisi&oacute;n de agua potable piedemonte Norte en Las Heras. Esta obra a&uacute;n no tiene avance.<\/p>\n\n\n\n<figure class=\"wp-block-gallery columns-3\"><ul class=\"blocks-gallery-grid\"><li class=\"blocks-gallery-item\"><figure><a href=\"https:\/\/www.mendoza.gov.ar\/wp-content\/uploads\/sites\/5\/2024\/06\/WhatsApp-Image-2024-06-13-at-13.03.13-700x455.jpeg\"><img loading=\"lazy\" width=\"700\" height=\"455\" src=\"https:\/\/www.mendoza.gov.ar\/wp-content\/uploads\/sites\/5\/2024\/06\/WhatsApp-Image-2024-06-13-at-13.03.13-700x455.jpeg\" alt=\"\" data-id=\"414605\" data-link=\"https:\/\/www.mendoza.gov.ar\/prensa\/?attachment_id=414605\" class=\"wp-image-414605 img-responsive center-block\" srcset=\"https:\/\/www.mendoza.gov.ar\/wp-content\/uploads\/sites\/5\/2024\/06\/WhatsApp-Image-2024-06-13-at-13.03.13-700x455.jpeg 700w, https:\/\/www.mendoza.gov.ar\/wp-content\/uploads\/sites\/5\/2024\/06\/WhatsApp-Image-2024-06-13-at-13.03.13-250x163.jpeg 250w, https:\/\/www.mendoza.gov.ar\/wp-content\/uploads\/sites\/5\/2024\/06\/WhatsApp-Image-2024-06-13-at-13.03.13-120x78.jpeg 120w, https:\/\/www.mendoza.gov.ar\/wp-content\/uploads\/sites\/5\/2024\/06\/WhatsApp-Image-2024-06-13-at-13.03.13.jpeg 758w\" sizes=\"(max-width: 700px) 100vw, 700px\"><\/a><\/figure><\/li><li class=\"blocks-gallery-item\"><figure><a href=\"https:\/\/www.mendoza.gov.ar\/wp-content\/uploads\/sites\/5\/2024\/06\/1DSC_7722.jpg\"><img loading=\"lazy\" width=\"700\" height=\"480\" src=\"https:\/\/www.mendoza.gov.ar\/wp-content\/uploads\/sites\/5\/2024\/06\/1DSC_7722-700x480.jpg\" alt=\"\" data-id=\"414607\" data-full-url=\"https:\/\/www.mendoza.gov.ar\/wp-content\/uploads\/sites\/5\/2024\/06\/1DSC_7722.jpg\" data-link=\"https:\/\/www.mendoza.gov.ar\/prensa\/?attachment_id=414607\" class=\"wp-image-414607 img-responsive center-block\" srcset=\"https:\/\/www.mendoza.gov.ar\/wp-content\/uploads\/sites\/5\/2024\/06\/1DSC_7722-700x480.jpg 700w, https:\/\/www.mendoza.gov.ar\/wp-content\/uploads\/sites\/5\/2024\/06\/1DSC_7722-250x171.jpg 250w, https:\/\/www.mendoza.gov.ar\/wp-content\/uploads\/sites\/5\/2024\/06\/1DSC_7722-768x527.jpg 768w, https:\/\/www.mendoza.gov.ar\/wp-content\/uploads\/sites\/5\/2024\/06\/1DSC_7722-1536x1053.jpg 1536w, https:\/\/www.mendoza.gov.ar\/wp-content\/uploads\/sites\/5\/2024\/06\/1DSC_7722-2048x1404.jpg 2048w, https:\/\/www.mendoza.gov.ar\/wp-content\/uploads\/sites\/5\/2024\/06\/1DSC_7722-120x82.jpg 120w\" sizes=\"(max-width: 700px) 100vw, 700px\"><\/a><\/figure><\/li><li class=\"blocks-gallery-item\"><figure><a href=\"https:\/\/www.mendoza.gov.ar\/wp-content\/uploads\/sites\/5\/2024\/06\/1DSC_7751.jpg\"><img loading=\"lazy\" width=\"700\" height=\"523\" src=\"https:\/\/www.mendoza.gov.ar\/wp-content\/uploads\/sites\/5\/2024\/06\/1DSC_7751-700x523.jpg\" alt=\"\" data-id=\"414608\" data-full-url=\"https:\/\/www.mendoza.gov.ar\/wp-content\/uploads\/sites\/5\/2024\/06\/1DSC_7751.jpg\" data-link=\"https:\/\/www.mendoza.gov.ar\/prensa\/?attachment_id=414608\" class=\"wp-image-414608 img-responsive center-block\" srcset=\"https:\/\/www.mendoza.gov.ar\/wp-content\/uploads\/sites\/5\/2024\/06\/1DSC_7751-700x523.jpg 700w, https:\/\/www.mendoza.gov.ar\/wp-content\/uploads\/sites\/5\/2024\/06\/1DSC_7751-250x187.jpg 250w, https:\/\/www.mendoza.gov.ar\/wp-content\/uploads\/sites\/5\/2024\/06\/1DSC_7751-768x574.jpg 768w, https:\/\/www.mendoza.gov.ar\/wp-content\/uploads\/sites\/5\/2024\/06\/1DSC_7751-1536x1148.jpg 1536w, https:\/\/www.mendoza.gov.ar\/wp-content\/uploads\/sites\/5\/2024\/06\/1DSC_7751-2048x1530.jpg 2048w, https:\/\/www.mendoza.gov.ar\/wp-content\/uploads\/sites\/5\/2024\/06\/1DSC_7751-120x90.jpg 120w\" sizes=\"(max-width: 700px) 100vw, 700px\"><\/a><\/figure><\/li><li class=\"blocks-gallery-item\"><figure><a href=\"https:\/\/www.mendoza.gov.ar\/wp-content\/uploads\/sites\/5\/2024\/06\/1DSC_7762.jpg\"><img loading=\"lazy\" width=\"700\" height=\"466\" src=\"https:\/\/www.mendoza.gov.ar\/wp-content\/uploads\/sites\/5\/2024\/06\/1DSC_7762-700x466.jpg\" alt=\"\" data-id=\"414609\" data-full-url=\"https:\/\/www.mendoza.gov.ar\/wp-content\/uploads\/sites\/5\/2024\/06\/1DSC_7762.jpg\" data-link=\"https:\/\/www.mendoza.gov.ar\/prensa\/?attachment_id=414609\" class=\"wp-image-414609 img-responsive center-block\" srcset=\"https:\/\/www.mendoza.gov.ar\/wp-content\/uploads\/sites\/5\/2024\/06\/1DSC_7762-700x466.jpg 700w, https:\/\/www.mendoza.gov.ar\/wp-content\/uploads\/sites\/5\/2024\/06\/1DSC_7762-250x167.jpg 250w, https:\/\/www.mendoza.gov.ar\/wp-content\/uploads\/sites\/5\/2024\/06\/1DSC_7762-768x512.jpg 768w, https:\/\/www.mendoza.gov.ar\/wp-content\/uploads\/sites\/5\/2024\/06\/1DSC_7762-1536x1023.jpg 1536w, https:\/\/www.mendoza.gov.ar\/wp-content\/uploads\/sites\/5\/2024\/06\/1DSC_7762-2048x1364.jpg 2048w, https:\/\/www.mendoza.gov.ar\/wp-content\/uploads\/sites\/5\/2024\/06\/1DSC_7762-120x80.jpg 120w\" sizes=\"(max-width: 700px) 100vw, 700px\"><\/a><\/figure><\/li><li class=\"blocks-gallery-item\"><figure><a href=\"https:\/\/www.mendoza.gov.ar\/wp-content\/uploads\/sites\/5\/2024\/06\/1DSC_7763.jpg\"><img loading=\"lazy\" width=\"700\" height=\"466\" src=\"https:\/\/www.mendoza.gov.ar\/wp-content\/uploads\/sites\/5\/2024\/06\/1DSC_7763-700x466.jpg\" alt=\"\" data-id=\"414610\" data-full-url=\"https:\/\/www.mendoza.gov.ar\/wp-content\/uploads\/sites\/5\/2024\/06\/1DSC_7763.jpg\" data-link=\"https:\/\/www.mendoza.gov.ar\/prensa\/?attachment_id=414610\" class=\"wp-image-414610 img-responsive center-block\" srcset=\"https:\/\/www.mendoza.gov.ar\/wp-content\/uploads\/sites\/5\/2024\/06\/1DSC_7763-700x466.jpg 700w, https:\/\/www.mendoza.gov.ar\/wp-content\/uploads\/sites\/5\/2024\/06\/1DSC_7763-250x167.jpg 250w, https:\/\/www.mendoza.gov.ar\/wp-content\/uploads\/sites\/5\/2024\/06\/1DSC_7763-768x512.jpg 768w, https:\/\/www.mendoza.gov.ar\/wp-content\/uploads\/sites\/5\/2024\/06\/1DSC_7763-1536x1023.jpg 1536w, https:\/\/www.mendoza.gov.ar\/wp-content\/uploads\/sites\/5\/2024\/06\/1DSC_7763-2048x1364.jpg 2048w, https:\/\/www.mendoza.gov.ar\/wp-content\/uploads\/sites\/5\/2024\/06\/1DSC_7763-120x80.jpg 120w\" sizes=\"(max-width: 700px) 100vw, 700px\"><\/a><\/figure><\/li><li class=\"blocks-gallery-item\"><figure><a href=\"https:\/\/www.mendoza.gov.ar\/wp-content\/uploads\/sites\/5\/2024\/06\/1DSC_7796.jpg\"><img loading=\"lazy\" width=\"700\" height=\"466\" src=\"https:\/\/www.mendoza.gov.ar\/wp-content\/uploads\/sites\/5\/2024\/06\/1DSC_7796-700x466.jpg\" alt=\"\" data-id=\"414611\" data-full-url=\"https:\/\/www.mendoza.gov.ar\/wp-content\/uploads\/sites\/5\/2024\/06\/1DSC_7796.jpg\" data-link=\"https:\/\/www.mendoza.gov.ar\/prensa\/?attachment_id=414611\" class=\"wp-image-414611 img-responsive center-block\" srcset=\"https:\/\/www.mendoza.gov.ar\/wp-content\/uploads\/sites\/5\/2024\/06\/1DSC_7796-700x466.jpg 700w, https:\/\/www.mendoza.gov.ar\/wp-content\/uploads\/sites\/5\/2024\/06\/1DSC_7796-250x167.jpg 250w, https:\/\/www.mendoza.gov.ar\/wp-content\/uploads\/sites\/5\/2024\/06\/1DSC_7796-768x512.jpg 768w, https:\/\/www.mendoza.gov.ar\/wp-content\/uploads\/sites\/5\/2024\/06\/1DSC_7796-1536x1023.jpg 1536w, https:\/\/www.mendoza.gov.ar\/wp-content\/uploads\/sites\/5\/2024\/06\/1DSC_7796-2048x1364.jpg 2048w, https:\/\/www.mendoza.gov.ar\/wp-content\/uploads\/sites\/5\/2024\/06\/1DSC_7796-120x80.jpg 120w\" sizes=\"(max-width: 700px) 100vw, 700px\"><\/a><\/figure><\/li><li class=\"blocks-gallery-item\"><figure><a href=\"https:\/\/www.mendoza.gov.ar\/wp-content\/uploads\/sites\/5\/2024\/06\/1DSC_7806.jpg\"><img loading=\"lazy\" width=\"700\" height=\"464\" src=\"https:\/\/www.mendoza.gov.ar\/wp-content\/uploads\/sites\/5\/2024\/06\/1DSC_7806-700x464.jpg\" alt=\"\" data-id=\"414612\" data-full-url=\"https:\/\/www.mendoza.gov.ar\/wp-content\/uploads\/sites\/5\/2024\/06\/1DSC_7806.jpg\" data-link=\"https:\/\/www.mendoza.gov.ar\/prensa\/?attachment_id=414612\" class=\"wp-image-414612 img-responsive center-block\" srcset=\"https:\/\/www.mendoza.gov.ar\/wp-content\/uploads\/sites\/5\/2024\/06\/1DSC_7806-700x464.jpg 700w, https:\/\/www.mendoza.gov.ar\/wp-content\/uploads\/sites\/5\/2024\/06\/1DSC_7806-250x166.jpg 250w, https:\/\/www.mendoza.gov.ar\/wp-content\/uploads\/sites\/5\/2024\/06\/1DSC_7806-768x509.jpg 768w, https:\/\/www.mendoza.gov.ar\/wp-content\/uploads\/sites\/5\/2024\/06\/1DSC_7806-1536x1019.jpg 1536w, https:\/\/www.mendoza.gov.ar\/wp-content\/uploads\/sites\/5\/2024\/06\/1DSC_7806-2048x1358.jpg 2048w, https:\/\/www.mendoza.gov.ar\/wp-content\/uploads\/sites\/5\/2024\/06\/1DSC_7806-120x80.jpg 120w\" sizes=\"(max-width: 700px) 100vw, 700px\"><\/a><\/figure><\/li><li class=\"blocks-gallery-item\"><figure><a href=\"https:\/\/www.mendoza.gov.ar\/wp-content\/uploads\/sites\/5\/2024\/06\/1DSC_7843.jpg\"><img loading=\"lazy\" width=\"700\" height=\"466\" src=\"https:\/\/www.mendoza.gov.ar\/wp-content\/uploads\/sites\/5\/2024\/06\/1DSC_7843-700x466.jpg\" alt=\"\" data-id=\"414613\" data-full-url=\"https:\/\/www.mendoza.gov.ar\/wp-content\/uploads\/sites\/5\/2024\/06\/1DSC_7843.jpg\" data-link=\"https:\/\/www.mendoza.gov.ar\/prensa\/?attachment_id=414613\" class=\"wp-image-414613 img-responsive center-block\" srcset=\"https:\/\/www.mendoza.gov.ar\/wp-content\/uploads\/sites\/5\/2024\/06\/1DSC_7843-700x466.jpg 700w, https:\/\/www.mendoza.gov.ar\/wp-content\/uploads\/sites\/5\/2024\/06\/1DSC_7843-250x167.jpg 250w, https:\/\/www.mendoza.gov.ar\/wp-content\/uploads\/sites\/5\/2024\/06\/1DSC_7843-768x512.jpg 768w, https:\/\/www.mendoza.gov.ar\/wp-content\/uploads\/sites\/5\/2024\/06\/1DSC_7843-1536x1023.jpg 1536w, https:\/\/www.mendoza.gov.ar\/wp-content\/uploads\/sites\/5\/2024\/06\/1DSC_7843-2048x1364.jpg 2048w, https:\/\/www.mendoza.gov.ar\/wp-content\/uploads\/sites\/5\/2024\/06\/1DSC_7843-120x80.jpg 120w\" sizes=\"(max-width: 700px) 100vw, 700px\"><\/a><\/figure><\/li><li class=\"blocks-gallery-item\"><figure><a href=\"https:\/\/www.mendoza.gov.ar\/wp-content\/uploads\/sites\/5\/2024\/06\/1DSC_7864.jpg\"><img loading=\"lazy\" width=\"700\" height=\"466\" src=\"https:\/\/www.mendoza.gov.ar\/wp-content\/uploads\/sites\/5\/2024\/06\/1DSC_7864-700x466.jpg\" alt=\"\" data-id=\"414614\" data-full-url=\"https:\/\/www.mendoza.gov.ar\/wp-content\/uploads\/sites\/5\/2024\/06\/1DSC_7864.jpg\" data-link=\"https:\/\/www.mendoza.gov.ar\/prensa\/?attachment_id=414614\" class=\"wp-image-414614 img-responsive center-block\" srcset=\"https:\/\/www.mendoza.gov.ar\/wp-content\/uploads\/sites\/5\/2024\/06\/1DSC_7864-700x466.jpg 700w, https:\/\/www.mendoza.gov.ar\/wp-content\/uploads\/sites\/5\/2024\/06\/1DSC_7864-250x167.jpg 250w, https:\/\/www.mendoza.gov.ar\/wp-content\/uploads\/sites\/5\/2024\/06\/1DSC_7864-768x512.jpg 768w, https:\/\/www.mendoza.gov.ar\/wp-content\/uploads\/sites\/5\/2024\/06\/1DSC_7864-1536x1023.jpg 1536w, https:\/\/www.mendoza.gov.ar\/wp-content\/uploads\/sites\/5\/2024\/06\/1DSC_7864-2048x1364.jpg 2048w, https:\/\/www.mendoza.gov.ar\/wp-content\/uploads\/sites\/5\/2024\/06\/1DSC_7864-120x80.jpg 120w\" sizes=\"(max-width: 700px) 100vw, 700px\"><\/a><\/figure><\/li><li class=\"blocks-gallery-item\"><figure><a href=\"https:\/\/www.mendoza.gov.ar\/wp-content\/uploads\/sites\/5\/2024\/06\/WhatsApp-Image-2024-06-13-at-11.12.20.jpeg\"><img loading=\"lazy\" width=\"700\" height=\"466\" src=\"https:\/\/www.mendoza.gov.ar\/wp-content\/uploads\/sites\/5\/2024\/06\/WhatsApp-Image-2024-06-13-at-11.12.20-700x466.jpeg\" alt=\"\" data-id=\"414615\" data-full-url=\"https:\/\/www.mendoza.gov.ar\/wp-content\/uploads\/sites\/5\/2024\/06\/WhatsApp-Image-2024-06-13-at-11.12.20.jpeg\" data-link=\"https:\/\/www.mendoza.gov.ar\/prensa\/?attachment_id=414615\" class=\"wp-image-414615 img-responsive center-block\" srcset=\"https:\/\/www.mendoza.gov.ar\/wp-content\/uploads\/sites\/5\/2024\/06\/WhatsApp-Image-2024-06-13-at-11.12.20-700x466.jpeg 700w, https:\/\/www.mendoza.gov.ar\/wp-content\/uploads\/sites\/5\/2024\/06\/WhatsApp-Image-2024-06-13-at-11.12.20-250x167.jpeg 250w, https:\/\/www.mendoza.gov.ar\/wp-content\/uploads\/sites\/5\/2024\/06\/WhatsApp-Image-2024-06-13-at-11.12.20-768x512.jpeg 768w, https:\/\/www.mendoza.gov.ar\/wp-content\/uploads\/sites\/5\/2024\/06\/WhatsApp-Image-2024-06-13-at-11.12.20-1536x1023.jpeg 1536w, https:\/\/www.mendoza.gov.ar\/wp-content\/uploads\/sites\/5\/2024\/06\/WhatsApp-Image-2024-06-13-at-11.12.20-120x80.jpeg 120w, https:\/\/www.mendoza.gov.ar\/wp-content\/uploads\/sites\/5\/2024\/06\/WhatsApp-Image-2024-06-13-at-11.12.20.jpeg 1600w\" sizes=\"(max-width: 700px) 100vw, 700px\"><\/a><\/figure><\/li><li class=\"blocks-gallery-item\"><figure><a href=\"https:\/\/www.mendoza.gov.ar\/wp-content\/uploads\/sites\/5\/2024\/06\/WhatsApp-Image-2024-06-13-at-11.12.21.jpeg\"><img loading=\"lazy\" width=\"700\" height=\"466\" src=\"https:\/\/www.mendoza.gov.ar\/wp-content\/uploads\/sites\/5\/2024\/06\/WhatsApp-Image-2024-06-13-at-11.12.21-700x466.jpeg\" alt=\"\" data-id=\"414616\" data-full-url=\"https:\/\/www.mendoza.gov.ar\/wp-content\/uploads\/sites\/5\/2024\/06\/WhatsApp-Image-2024-06-13-at-11.12.21.jpeg\" data-link=\"https:\/\/www.mendoza.gov.ar\/prensa\/?attachment_id=414616\" class=\"wp-image-414616 img-responsive center-block\" srcset=\"https:\/\/www.mendoza.gov.ar\/wp-content\/uploads\/sites\/5\/2024\/06\/WhatsApp-Image-2024-06-13-at-11.12.21-700x466.jpeg 700w, https:\/\/www.mendoza.gov.ar\/wp-content\/uploads\/sites\/5\/2024\/06\/WhatsApp-Image-2024-06-13-at-11.12.21-250x167.jpeg 250w, https:\/\/www.mendoza.gov.ar\/wp-content\/uploads\/sites\/5\/2024\/06\/WhatsApp-Image-2024-06-13-at-11.12.21-768x512.jpeg 768w, https:\/\/www.mendoza.gov.ar\/wp-content\/uploads\/sites\/5\/2024\/06\/WhatsApp-Image-2024-06-13-at-11.12.21-1536x1023.jpeg 1536w, https:\/\/www.mendoza.gov.ar\/wp-content\/uploads\/sites\/5\/2024\/06\/WhatsApp-Image-2024-06-13-at-11.12.21-120x80.jpeg 120w, https:\/\/www.mendoza.gov.ar\/wp-content\/uploads\/sites\/5\/2024\/06\/WhatsApp-Image-2024-06-13-at-11.12.21.jpeg 1600w\" sizes=\"(max-width: 700px) 100vw, 700px\"><\/a><\/figure><\/li><li class=\"blocks-gallery-item\"><figure><a href=\"https:\/\/www.mendoza.gov.ar\/wp-content\/uploads\/sites\/5\/2024\/06\/WhatsApp-Image-2024-06-13-at-13.03.13-1.jpeg\"><img src=\"https:\/\/www.mendoza.gov.ar\/wp-content\/uploads\/sites\/5\/2024\/06\/WhatsApp-Image-2024-06-13-at-13.03.13-1-700x455.jpeg\" alt=\"\" data-id=\"414617\" data-full-url=\"https:\/\/www.mendoza.gov.ar\/wp-content\/uploads\/sites\/5\/2024\/06\/WhatsApp-Image-2024-06-13-at-13.03.13-1.jpeg\" data-link=\"https:\/\/www.mendoza.gov.ar\/prensa\/?attachment_id=414617\" class=\"wp-image-414617 img-responsive center-block\"><\/a><\/figure><\/li><\/ul><\/figure>\n<\/body><\/html>\n","protected":false},"excerpt":{"rendered":"Es el tramo que comprende Elpidio Gonz&aacute;lez y Estrada del departamento mendocino. &ldquo;Nosotros estamos sosteniendo la obra p&uacute;blica, no la hemos parado&rdquo;, dijo el Gobernador en el lugar. El Gobernador Alfredo Cornejo; el titular de Aguas Mendocinas, Humberto Mingorance, y el intendente de Guaymall&eacute;n, Marcos Calvente, recorrieron las obras de renovaci&oacute;n colector cloacal suroeste, tramo&#8230; <a class=\"view-article\" href=\"https:\/\/www.mendoza.gov.ar\/prensa\/cornejo-recorrio-la-obra-de-renovacion-colector-cloacal-en-guaymallen-que-beneficiara-a-mas-de-100-mil-vecinos\/\"><\/a>","protected":false},"author":66,"featured_media":414617,"comment_status":"open","ping_status":"open","sticky":false,"template":"","format":"standard","meta":[],"categories":[19],"tags":[],"_links":{"self":[{"href":"https:\/\/www.mendoza.gov.ar\/prensa\/wp-json\/wp\/v2\/posts\/414604"}],"collection":[{"href":"https:\/\/www.mendoza.gov.ar\/prensa\/wp-json\/wp\/v2\/posts"}],"about":[{"href":"https:\/\/www.mendoza.gov.ar\/prensa\/wp-json\/wp\/v2\/types\/post"}],"author":[{"embeddable":true,"href":"https:\/\/www.mendoza.gov.ar\/prensa\/wp-json\/wp\/v2\/users\/66"}],"replies":[{"embeddable":true,"href":"https:\/\/www.mendoza.gov.ar\/prensa\/wp-json\/wp\/v2\/comments?post=414604"}],"version-history":[{"count":5,"href":"https:\/\/www.mendoza.gov.ar\/prensa\/wp-json\/wp\/v2\/posts\/414604\/revisions"}],"predecessor-version":[{"id":414643,"href":"https:\/\/www.mendoza.gov.ar\/prensa\/wp-json\/wp\/v2\/posts\/414604\/revisions\/414643"}],"wp:featuredmedia":[{"embeddable":true,"href":"https:\/\/www.mendoza.gov.ar\/prensa\/wp-json\/wp\/v2\/media\/414617"}],"wp:attachment":[{"href":"https:\/\/www.mendoza.gov.ar\/prensa\/wp-json\/wp\/v2\/media?parent=414604"}],"wp:term":[{"taxonomy":"category","embeddable":true,"href":"https:\/\/www.mendoza.gov.ar\/prensa\/wp-json\/wp\/v2\/categories?post=414604"},{"taxonomy":"post_tag","embeddable":true,"href":"https:\/\/www.mendoza.gov.ar\/prensa\/wp-json\/wp\/v2\/tags?post=414604"}],"curies":[{"name":"wp","href":"https:\/\/api.w.org\/{rel}","templated":true}]}}