{"id":414783,"date":"2024-06-14T09:51:23","date_gmt":"2024-06-14T12:51:23","guid":{"rendered":"https:\/\/www.mendoza.gov.ar\/prensa\/?p=414783"},"modified":"2024-06-14T12:28:25","modified_gmt":"2024-06-14T15:28:25","slug":"mendoza-quedo-entre-los-8-mejores-del-pais-en-la-categoria-sub-16","status":"publish","type":"post","link":"https:\/\/www.mendoza.gov.ar\/prensa\/mendoza-quedo-entre-los-8-mejores-del-pais-en-la-categoria-sub-16\/","title":{"rendered":"Mendoza qued\u00f3 entre los 8 mejores del pa\u00eds en v\u00f3leibol Sub-16"},"content":{"rendered":"<!DOCTYPE html PUBLIC \"-\/\/W3C\/\/DTD HTML 4.0 Transitional\/\/EN\" \"http:\/\/www.w3.org\/TR\/REC-html40\/loose.dtd\">\n<html><body><h5>Finaliz&oacute; el Campeonato Nacional Sub-16 &ldquo;H&eacute;ctor Guegu&eacute; Combes&rdquo; en la ciudad de Santa Fe, donde nuestra provincia qued&oacute; muy bien representada con su delegaci&oacute;n en ambas ramas.<\/h5>\n\n\n\n<p>Durante cinco jornadas, los equipos pertenecientes a la Federaci&oacute;n Mendocina de V&oacute;leibol vivieron una experiencia &uacute;nica, con muy buenos resultados.<\/p>\n\n\n\n<p>En la rama femenina, Mendoza se qued&oacute; con el 7&deg; lugar de 16 equipos de Argentina, mientras que en la rama masculina obtuvieron el 4&deg; lugar de 14 equipos provenientes de distintos puntos de nuestro pa&iacute;s.<\/p>\n\n\n\n<p>La competencia se disput&oacute; en CEF 29 (Centro de Educaci&oacute;n F&iacute;sica) con tres canchas en simult&aacute;neo, Villa Dora, con dos canchas, y en la Escuela Normal.<\/p>\n\n\n\n<p>Se quedaron con el podio la Metro en el masculino y Santa Fe en el femenino.<\/p>\n\n\n\n<p>La presidenta de la Federaci&oacute;n Mendocina, Celia Montaruli, expres&oacute;: &ldquo;Me siento orgullosa de la delegaci&oacute;n mendocina, porque mostraron una vez m&aacute;s el talento, compromiso y dedicaci&oacute;n tanto de los cuerpos t&eacute;cnicos como de los jugadores y jugadoras. Agradezco a los padres por su continuo apoyo y a cada integrante de nuestra instituci&oacute;n, que a trav&eacute;s de su afiliaci&oacute;n hacen posible que el v&oacute;leibol de nuestra provincia siga en crecimiento constante y desarrollando este deporte que tanto amamos&rdquo;.<\/p>\n\n\n\n<p>La pr&oacute;xima cita ser&aacute; del 16 al 20 de julio, en San Juan, con el Nacional Sub-14 y Sub-18 juntos, y Mendoza estar&aacute; presente.<\/p>\n\n\n\n<p><strong>Posiciones finales<\/strong><\/p>\n\n\n\n<p><em>Masculino<\/em><\/p>\n\n\n\n<ul><li>1&ordm; Metro<\/li><li>2&ordm; Santa Fe<\/li><li>3&ordm; Entre R&iacute;os<\/li><li>4&ordm; Mendoza<\/li><li>5&ordm; Buenos Aires<\/li><li>6&ordm; Catamarca<\/li><li>7&ordm; Corrientes<\/li><li>8&ordm; Tucum&aacute;n<\/li><li>9&ordm; San Juan<\/li><li>10&ordm; C&oacute;rdoba<\/li><li>11&ordm; Chaco<\/li><li>12&ordm; Jujuy<\/li><li>13&ordm; La Rioja<\/li><li>14&ordm; Formosa<\/li><\/ul>\n\n\n\n<p><em>Femenino<\/em><\/p>\n\n\n\n<ul><li>1&ordm; Santa Fe<\/li><li>2&ordm; Metro<\/li><li>3&ordm; C&oacute;rdoba<\/li><li>4&ordm; Entre R&iacute;os<\/li><li>5&ordm; Chaco<\/li><li>6&ordm; Buenos Aires<\/li><li>7&ordm; Mendoza<\/li><li>8&ordm; Chubut<\/li><li>9&ordm; San Juan<\/li><li>10&ordm; Catamarca<\/li><li>11&ordm; Formosa<\/li><li>12&ordm; Misiones<\/li><li>13&ordm; Tucum&aacute;n<\/li><li>14&ordm; Corrientes<\/li><li>15&ordm; Jujuy<\/li><li>16&ordm; La Rioja<\/li><\/ul>\n\n\n\n<p><strong>Plantel femenino: <\/strong>Echavarrieta, Paula; Ruiz, Martina; Henr&iacute;quez, Paloma; Vaia, Guadalupe; Llompart, Catalina; Arcucci, Catalina; Ontivero, Sof&iacute;a; Arancibia, Pilar; Becerra, Juana; Juan, Isabella; Palacio, Julia; Marlia, Madellen; Orozco, Julia, y Coria, Ana.<\/p>\n\n\n\n<p><strong>Equipo t&eacute;cnico: <\/strong>Rojas, Oscar; Marincovich, Diego, y Picco, Gabriela.<\/p>\n\n\n\n<p><strong>Plantel masculino: <\/strong>L&oacute;pez Gonz&aacute;lez, Martino; Gazziro, Jos&eacute; Miguel; Cerelli, Benjam&iacute;n; Centeno, Bautista; Tello, Valentino; Contreras, Emiliano; N&uacute;&ntilde;ez, Tiago; Bisogno, Javier; R&iacute;os, Agust&iacute;n; M&eacute;ndez, Benjam&iacute;n; Flores, Bruno; Calder&oacute;n, Lizandro; Yapura, Valent&iacute;nm y Pechemiel, Bautista.<\/p>\n\n\n\n<p><strong>Equipo t&eacute;cnico:<\/strong> S&aacute;nchez Est&eacute;vez, Mauricio; Soloa, Bruno y Del Curto, Emanuel.<\/p>\n\n\n\n<figure class=\"wp-block-gallery columns-3 is-cropped\"><ul class=\"blocks-gallery-grid\"><li class=\"blocks-gallery-item\"><figure><img src=\"https:\/\/www.mendoza.gov.ar\/wp-content\/uploads\/sites\/5\/2024\/06\/WhatsApp-Image-2024-06-12-at-08.48.031-700x788.jpeg\" alt=\"\" data-id=\"414796\" data-link=\"https:\/\/www.mendoza.gov.ar\/prensa\/?attachment_id=414796\" class=\"wp-image-414796 img-responsive center-block\"><\/figure><\/li><li class=\"blocks-gallery-item\"><figure><img loading=\"lazy\" width=\"700\" height=\"467\" src=\"https:\/\/www.mendoza.gov.ar\/wp-content\/uploads\/sites\/5\/2024\/06\/WhatsApp-Image-2024-06-12-at-08.48.04-700x467.jpeg\" alt=\"\" data-id=\"414797\" data-link=\"https:\/\/www.mendoza.gov.ar\/prensa\/?attachment_id=414797\" class=\"wp-image-414797 img-responsive center-block\" srcset=\"https:\/\/www.mendoza.gov.ar\/wp-content\/uploads\/sites\/5\/2024\/06\/WhatsApp-Image-2024-06-12-at-08.48.04-700x467.jpeg 700w, https:\/\/www.mendoza.gov.ar\/wp-content\/uploads\/sites\/5\/2024\/06\/WhatsApp-Image-2024-06-12-at-08.48.04-250x167.jpeg 250w, https:\/\/www.mendoza.gov.ar\/wp-content\/uploads\/sites\/5\/2024\/06\/WhatsApp-Image-2024-06-12-at-08.48.04-768x512.jpeg 768w, https:\/\/www.mendoza.gov.ar\/wp-content\/uploads\/sites\/5\/2024\/06\/WhatsApp-Image-2024-06-12-at-08.48.04-120x80.jpeg 120w, https:\/\/www.mendoza.gov.ar\/wp-content\/uploads\/sites\/5\/2024\/06\/WhatsApp-Image-2024-06-12-at-08.48.04.jpeg 1080w\" sizes=\"(max-width: 700px) 100vw, 700px\"><\/figure><\/li><li class=\"blocks-gallery-item\"><figure><img loading=\"lazy\" width=\"700\" height=\"467\" src=\"https:\/\/www.mendoza.gov.ar\/wp-content\/uploads\/sites\/5\/2024\/06\/WhatsApp-Image-2024-06-12-at-08.48.03-700x467.jpeg\" alt=\"\" data-id=\"414798\" data-link=\"https:\/\/www.mendoza.gov.ar\/prensa\/?attachment_id=414798\" class=\"wp-image-414798 img-responsive center-block\" srcset=\"https:\/\/www.mendoza.gov.ar\/wp-content\/uploads\/sites\/5\/2024\/06\/WhatsApp-Image-2024-06-12-at-08.48.03-700x467.jpeg 700w, https:\/\/www.mendoza.gov.ar\/wp-content\/uploads\/sites\/5\/2024\/06\/WhatsApp-Image-2024-06-12-at-08.48.03-250x167.jpeg 250w, https:\/\/www.mendoza.gov.ar\/wp-content\/uploads\/sites\/5\/2024\/06\/WhatsApp-Image-2024-06-12-at-08.48.03-768x512.jpeg 768w, https:\/\/www.mendoza.gov.ar\/wp-content\/uploads\/sites\/5\/2024\/06\/WhatsApp-Image-2024-06-12-at-08.48.03-120x80.jpeg 120w, https:\/\/www.mendoza.gov.ar\/wp-content\/uploads\/sites\/5\/2024\/06\/WhatsApp-Image-2024-06-12-at-08.48.03.jpeg 1080w\" sizes=\"(max-width: 700px) 100vw, 700px\"><\/figure><\/li><li class=\"blocks-gallery-item\"><figure><img loading=\"lazy\" width=\"700\" height=\"467\" src=\"https:\/\/www.mendoza.gov.ar\/wp-content\/uploads\/sites\/5\/2024\/06\/WhatsApp-Image-2024-06-12-at-08.48.042-700x467.jpeg\" alt=\"\" data-id=\"414799\" data-link=\"https:\/\/www.mendoza.gov.ar\/prensa\/?attachment_id=414799\" class=\"wp-image-414799 img-responsive center-block\" srcset=\"https:\/\/www.mendoza.gov.ar\/wp-content\/uploads\/sites\/5\/2024\/06\/WhatsApp-Image-2024-06-12-at-08.48.042-700x467.jpeg 700w, https:\/\/www.mendoza.gov.ar\/wp-content\/uploads\/sites\/5\/2024\/06\/WhatsApp-Image-2024-06-12-at-08.48.042-250x167.jpeg 250w, https:\/\/www.mendoza.gov.ar\/wp-content\/uploads\/sites\/5\/2024\/06\/WhatsApp-Image-2024-06-12-at-08.48.042-768x512.jpeg 768w, https:\/\/www.mendoza.gov.ar\/wp-content\/uploads\/sites\/5\/2024\/06\/WhatsApp-Image-2024-06-12-at-08.48.042-120x80.jpeg 120w, https:\/\/www.mendoza.gov.ar\/wp-content\/uploads\/sites\/5\/2024\/06\/WhatsApp-Image-2024-06-12-at-08.48.042.jpeg 1080w\" sizes=\"(max-width: 700px) 100vw, 700px\"><\/figure><\/li><li class=\"blocks-gallery-item\"><figure><img loading=\"lazy\" width=\"700\" height=\"467\" src=\"https:\/\/www.mendoza.gov.ar\/wp-content\/uploads\/sites\/5\/2024\/06\/WhatsApp-Image-2024-06-12-at-08.48.051-700x467.jpeg\" alt=\"\" data-id=\"414800\" data-link=\"https:\/\/www.mendoza.gov.ar\/prensa\/?attachment_id=414800\" class=\"wp-image-414800 img-responsive center-block\" srcset=\"https:\/\/www.mendoza.gov.ar\/wp-content\/uploads\/sites\/5\/2024\/06\/WhatsApp-Image-2024-06-12-at-08.48.051-700x467.jpeg 700w, https:\/\/www.mendoza.gov.ar\/wp-content\/uploads\/sites\/5\/2024\/06\/WhatsApp-Image-2024-06-12-at-08.48.051-250x167.jpeg 250w, https:\/\/www.mendoza.gov.ar\/wp-content\/uploads\/sites\/5\/2024\/06\/WhatsApp-Image-2024-06-12-at-08.48.051-768x512.jpeg 768w, https:\/\/www.mendoza.gov.ar\/wp-content\/uploads\/sites\/5\/2024\/06\/WhatsApp-Image-2024-06-12-at-08.48.051-120x80.jpeg 120w, https:\/\/www.mendoza.gov.ar\/wp-content\/uploads\/sites\/5\/2024\/06\/WhatsApp-Image-2024-06-12-at-08.48.051.jpeg 1080w\" sizes=\"(max-width: 700px) 100vw, 700px\"><\/figure><\/li><li class=\"blocks-gallery-item\"><figure><img loading=\"lazy\" width=\"700\" height=\"467\" src=\"https:\/\/www.mendoza.gov.ar\/wp-content\/uploads\/sites\/5\/2024\/06\/WhatsApp-Image-2024-06-12-at-08.48.043-700x467.jpeg\" alt=\"\" data-id=\"414801\" data-link=\"https:\/\/www.mendoza.gov.ar\/prensa\/?attachment_id=414801\" class=\"wp-image-414801 img-responsive center-block\" srcset=\"https:\/\/www.mendoza.gov.ar\/wp-content\/uploads\/sites\/5\/2024\/06\/WhatsApp-Image-2024-06-12-at-08.48.043-700x467.jpeg 700w, https:\/\/www.mendoza.gov.ar\/wp-content\/uploads\/sites\/5\/2024\/06\/WhatsApp-Image-2024-06-12-at-08.48.043-250x167.jpeg 250w, https:\/\/www.mendoza.gov.ar\/wp-content\/uploads\/sites\/5\/2024\/06\/WhatsApp-Image-2024-06-12-at-08.48.043-768x512.jpeg 768w, https:\/\/www.mendoza.gov.ar\/wp-content\/uploads\/sites\/5\/2024\/06\/WhatsApp-Image-2024-06-12-at-08.48.043-120x80.jpeg 120w, https:\/\/www.mendoza.gov.ar\/wp-content\/uploads\/sites\/5\/2024\/06\/WhatsApp-Image-2024-06-12-at-08.48.043.jpeg 1080w\" sizes=\"(max-width: 700px) 100vw, 700px\"><\/figure><\/li><li class=\"blocks-gallery-item\"><figure><img loading=\"lazy\" width=\"700\" height=\"467\" src=\"https:\/\/www.mendoza.gov.ar\/wp-content\/uploads\/sites\/5\/2024\/06\/WhatsApp-Image-2024-06-12-at-08.48.041-700x467.jpeg\" alt=\"\" data-id=\"414802\" data-link=\"https:\/\/www.mendoza.gov.ar\/prensa\/?attachment_id=414802\" class=\"wp-image-414802 img-responsive center-block\" srcset=\"https:\/\/www.mendoza.gov.ar\/wp-content\/uploads\/sites\/5\/2024\/06\/WhatsApp-Image-2024-06-12-at-08.48.041-700x467.jpeg 700w, https:\/\/www.mendoza.gov.ar\/wp-content\/uploads\/sites\/5\/2024\/06\/WhatsApp-Image-2024-06-12-at-08.48.041-250x167.jpeg 250w, https:\/\/www.mendoza.gov.ar\/wp-content\/uploads\/sites\/5\/2024\/06\/WhatsApp-Image-2024-06-12-at-08.48.041-768x512.jpeg 768w, https:\/\/www.mendoza.gov.ar\/wp-content\/uploads\/sites\/5\/2024\/06\/WhatsApp-Image-2024-06-12-at-08.48.041-120x80.jpeg 120w, https:\/\/www.mendoza.gov.ar\/wp-content\/uploads\/sites\/5\/2024\/06\/WhatsApp-Image-2024-06-12-at-08.48.041.jpeg 1080w\" sizes=\"(max-width: 700px) 100vw, 700px\"><\/figure><\/li><li class=\"blocks-gallery-item\"><figure><img loading=\"lazy\" width=\"700\" height=\"467\" src=\"https:\/\/www.mendoza.gov.ar\/wp-content\/uploads\/sites\/5\/2024\/06\/WhatsApp-Image-2024-06-12-at-08.48.05-700x467.jpeg\" alt=\"\" data-id=\"414803\" data-full-url=\"https:\/\/www.mendoza.gov.ar\/wp-content\/uploads\/sites\/5\/2024\/06\/WhatsApp-Image-2024-06-12-at-08.48.05.jpeg\" data-link=\"https:\/\/www.mendoza.gov.ar\/prensa\/?attachment_id=414803\" class=\"wp-image-414803 img-responsive center-block\" srcset=\"https:\/\/www.mendoza.gov.ar\/wp-content\/uploads\/sites\/5\/2024\/06\/WhatsApp-Image-2024-06-12-at-08.48.05-700x467.jpeg 700w, https:\/\/www.mendoza.gov.ar\/wp-content\/uploads\/sites\/5\/2024\/06\/WhatsApp-Image-2024-06-12-at-08.48.05-250x167.jpeg 250w, https:\/\/www.mendoza.gov.ar\/wp-content\/uploads\/sites\/5\/2024\/06\/WhatsApp-Image-2024-06-12-at-08.48.05-768x512.jpeg 768w, https:\/\/www.mendoza.gov.ar\/wp-content\/uploads\/sites\/5\/2024\/06\/WhatsApp-Image-2024-06-12-at-08.48.05-120x80.jpeg 120w, https:\/\/www.mendoza.gov.ar\/wp-content\/uploads\/sites\/5\/2024\/06\/WhatsApp-Image-2024-06-12-at-08.48.05.jpeg 1080w\" sizes=\"(max-width: 700px) 100vw, 700px\"><\/figure><\/li><\/ul><\/figure>\n<\/body><\/html>\n","protected":false},"excerpt":{"rendered":"Finaliz&oacute; el Campeonato Nacional Sub-16 &ldquo;H&eacute;ctor Guegu&eacute; Combes&rdquo; en la ciudad de Santa Fe, donde nuestra provincia qued&oacute; muy bien representada con su delegaci&oacute;n en ambas ramas. Durante cinco jornadas, los equipos pertenecientes a la Federaci&oacute;n Mendocina de V&oacute;leibol vivieron una experiencia &uacute;nica, con muy buenos resultados. En la rama femenina, Mendoza se qued&oacute; con&#8230; <a class=\"view-article\" href=\"https:\/\/www.mendoza.gov.ar\/prensa\/mendoza-quedo-entre-los-8-mejores-del-pais-en-la-categoria-sub-16\/\"><\/a>","protected":false},"author":61,"featured_media":414796,"comment_status":"open","ping_status":"open","sticky":false,"template":"","format":"standard","meta":[],"categories":[10,32],"tags":[],"_links":{"self":[{"href":"https:\/\/www.mendoza.gov.ar\/prensa\/wp-json\/wp\/v2\/posts\/414783"}],"collection":[{"href":"https:\/\/www.mendoza.gov.ar\/prensa\/wp-json\/wp\/v2\/posts"}],"about":[{"href":"https:\/\/www.mendoza.gov.ar\/prensa\/wp-json\/wp\/v2\/types\/post"}],"author":[{"embeddable":true,"href":"https:\/\/www.mendoza.gov.ar\/prensa\/wp-json\/wp\/v2\/users\/61"}],"replies":[{"embeddable":true,"href":"https:\/\/www.mendoza.gov.ar\/prensa\/wp-json\/wp\/v2\/comments?post=414783"}],"version-history":[{"count":6,"href":"https:\/\/www.mendoza.gov.ar\/prensa\/wp-json\/wp\/v2\/posts\/414783\/revisions"}],"predecessor-version":[{"id":414832,"href":"https:\/\/www.mendoza.gov.ar\/prensa\/wp-json\/wp\/v2\/posts\/414783\/revisions\/414832"}],"wp:featuredmedia":[{"embeddable":true,"href":"https:\/\/www.mendoza.gov.ar\/prensa\/wp-json\/wp\/v2\/media\/414796"}],"wp:attachment":[{"href":"https:\/\/www.mendoza.gov.ar\/prensa\/wp-json\/wp\/v2\/media?parent=414783"}],"wp:term":[{"taxonomy":"category","embeddable":true,"href":"https:\/\/www.mendoza.gov.ar\/prensa\/wp-json\/wp\/v2\/categories?post=414783"},{"taxonomy":"post_tag","embeddable":true,"href":"https:\/\/www.mendoza.gov.ar\/prensa\/wp-json\/wp\/v2\/tags?post=414783"}],"curies":[{"name":"wp","href":"https:\/\/api.w.org\/{rel}","templated":true}]}}