{"id":416569,"date":"2024-06-25T18:49:21","date_gmt":"2024-06-25T21:49:21","guid":{"rendered":"https:\/\/www.mendoza.gov.ar\/prensa\/?p=416569"},"modified":"2024-06-25T19:12:45","modified_gmt":"2024-06-25T22:12:45","slug":"en-buenos-aires-cornejo-destaco-la-importancia-de-reforzar-la-relacion-fiscal-entre-nacion-y-provincia-para-fomentar-la-infraestructura","status":"publish","type":"post","link":"https:\/\/www.mendoza.gov.ar\/prensa\/en-buenos-aires-cornejo-destaco-la-importancia-de-reforzar-la-relacion-fiscal-entre-nacion-y-provincia-para-fomentar-la-infraestructura\/","title":{"rendered":"En Buenos Aires, Cornejo destac\u00f3 la importancia de reforzar la relaci\u00f3n fiscal entre Naci\u00f3n y Provincia para fomentar la infraestructura"},"content":{"rendered":"<!DOCTYPE html PUBLIC \"-\/\/W3C\/\/DTD HTML 4.0 Transitional\/\/EN\" \"http:\/\/www.w3.org\/TR\/REC-html40\/loose.dtd\">\n<html><body><h5>Se realiz&oacute; este martes el encuentro anual de C&aacute;mara Argentina de la Construcci&oacute;n (Camarco), y el mandatario mendocino particip&oacute; en un panel sobre infraestructura y obra p&uacute;blica junto a otros gobernadores argentinos.<\/h5>\n\n\n\n<p>El Gobernador, Alfredo Cornejo, particip&oacute; en una nueva edici&oacute;n de la Convenci&oacute;n Anual de la C&aacute;mara Argentina de la Construcci&oacute;n (Camarco) que se desarroll&oacute; en el predio de La Rural, en Buenos Aires. Bajo el lema <em>Constructores de di&aacute;logo<\/em>, el mandatario mendocino compuso el panel sobre Infraestructura y empleo y el rol de las provincias, junto a los mandatarios provinciales Rogelio Frigerio (Entre R&iacute;os), Mart&iacute;n Llaryora (C&oacute;rdoba) y Maximiliano Pullaro (Santa Fe).<\/p>\n\n\n\n<p>El objetivo de la convenci&oacute;n fue analizar los desaf&iacute;os actuales del sector y generar propuestas y soluciones que contribuyan a revitalizar la industria de la construcci&oacute;n en el pa&iacute;s, en un momento importante para su desarrollo econ&oacute;mico y social.<\/p>\n\n\n\n<p>Durante la actividad, expertos, dirigentes pol&iacute;ticos y empresarios se concentraron en abordar temas cr&iacute;ticos y compartir perspectivas sobre el futuro de la industria. Durante la jornada, hubo disertantes y paneles con conversatorios sobre distintas experiencias en el pa&iacute;s y Am&eacute;rica Latina en cuanto al financiamiento de la infraestructura. Es m&aacute;s, participaron tambi&eacute;n l&iacute;deres de c&aacute;maras de construcci&oacute;n de Chile, Colombia y M&eacute;xico, entre otros.<\/p>\n\n\n\n<p><strong>&ldquo;Debemos ser muy ingeniosos en qu&eacute; hace el sector p&uacute;blico y qu&eacute; hace el sector privado&rdquo;<\/strong><\/p>\n\n\n\n<p>Alfredo Cornejo destac&oacute; que es esencial para el &eacute;xito gubernamental lograr estabilidad macroecon&oacute;mica a trav&eacute;s de una deliberaci&oacute;n p&uacute;blica profunda y de calidad, con enfoque en equilibrio fiscal, consolidaci&oacute;n de mercados y proyectos de infraestructura sostenibles para impulsar el crecimiento. &ldquo;Hoy, hay un alto consenso acerca de que debemos tener equilibrio en las cuentas p&uacute;blicas, nacionales y provinciales. Aunque parezca hoy una verdad muy l&oacute;gica, hemos tenido m&aacute;s de 60 a&ntilde;os que no hemos tenido equilibrio en las cuentas p&uacute;blicas, y la pol&iacute;tica de Estado de la Argentina ha sido que daba lo mismo no tener equilibrio en las cuentas p&uacute;blicas&rdquo;, puntualiz&oacute; el Gobernador de Mendoza.&nbsp;<\/p>\n\n\n\n<p>&ldquo;Estamos en un nivel de descapitalizaci&oacute;n de la infraestructura que es muy grande y que no se va a recuperar de un momento para otro, con recursos escasos, falta de financiamiento e inestabilidad macroecon&oacute;mica. Estamos para pensarlo mucho mejor de cuando sobraba financiamiento&rdquo;, sostuvo Cornejo. Y a&ntilde;adi&oacute; que &ldquo;tampoco en esa deliberaci&oacute;n p&uacute;blica podemos caer en lugares comunes de que el privado tiene que hacer la obra p&uacute;blica, porque no lo va a hacer&rdquo;.<\/p>\n\n\n\n<p>El mandatario mendocino sostuvo: &ldquo;Debemos ser muy ingeniosos en qu&eacute; hace el sector p&uacute;blico, qu&eacute; hace el sector privado y, dentro del sector p&uacute;blico, qu&eacute; hace cada cual. Creo que el gran desorden es que hemos tenido en las &uacute;ltimas d&eacute;cadas  gobiernos nacionales que financiaban obras municipales y no se hac&iacute;an cargo de financiar la infraestructura de caminos, de ferrocarriles, etc&eacute;tera. Debemos empezar a limpiar el escritorio de proyectos de ese tipo&rdquo;.<\/p>\n\n\n\n<p>En este sentido, Cornejo resalt&oacute; que es el Gobierno nacional el que tiene las herramientas y se&ntilde;al&oacute; la importancia de brindar el apoyo desde las provincias. &ldquo;Estamos contribuyendo y mucho en que estas leyes que generan expectativa econ&oacute;mica salgan y salgan r&aacute;pido del Congreso, es un primer paso. Pero tambi&eacute;n creo que la deliberaci&oacute;n p&uacute;blica tiene que ir a pensar qu&eacute; mecanismos de financiamiento y c&oacute;mo financiamos la infraestructura y qu&eacute; tipo de infraestructura. El Gobierno nacional no puede no estar presente en esa conversaci&oacute;n&rdquo;.<\/p>\n\n\n\n<p>Sobre la obra p&uacute;blica en Mendoza, Cornejo se&ntilde;al&oacute; que &ldquo;en los temas viales estamos dispuestos a transferir competencias. Somos bastante dependientes de rutas nacionales, la 7, la 40, la 143, la 188, pero claro, y tambi&eacute;n estamos abiertos a financiamientos privados en ese sentido&rdquo;. Y a&ntilde;adi&oacute; el caso del Paso Los Libertadores en la frontera con Chile: &ldquo;Est&aacute; impactado por 1.200 camiones diarios que pasan por ese lugar. Debemos integrarlo al resto de las rutas que tiene la provincia, nacionales y provinciales&rdquo;.<\/p>\n\n\n\n<p>El Gobernador tambi&eacute;n subray&oacute; que &ldquo;si la deliberaci&oacute;n p&uacute;blica es buena, como estamos en este momento, donde se est&aacute;n conversando los problemas y nos atrevemos a una deliberaci&oacute;n de calidad, creo que vamos a encontrar la forma de financiarlo y comenzar estabilidad, mediante la macroeconom&iacute;a, a buscar proyectos que realmente le agreguen valor a nuestras econom&iacute;as&rdquo;.&nbsp;<\/p>\n\n\n\n<p>As&iacute;, Cornejo remarc&oacute; que &ldquo;el interior tiene mucho para aportar en esa conversaci&oacute;n de infraestructura para el crecimiento. Y creemos que hay que llegar a acuerdos y a pactos con el Gobierno nacional para que eso se haga realidad&rdquo;.&nbsp;<\/p>\n\n\n\n<p>Antes de finalizar su participaci&oacute;n, Cornejo sostuvo que &ldquo;Mendoza ha constituido un fondo de 1.023 millones de d&oacute;lares derivados de un juicio por el resarcimiento a la promoci&oacute;n industrial de las provincias vecinas. Queremos priorizar proyectos que tengan que ver con lo que ya hacemos, energ&iacute;a, en infraestructura de energ&iacute;a, tanto de generaci&oacute;n como de transporte, de agua, que es escasa en la zona &aacute;rida, no solo de vehiculizaci&oacute;n, sino de optimizaci&oacute;n para la agricultura y para la agroindustria que ya hacemos, y por qu&eacute; no tambi&eacute;n de caminos, de trenes de corta y larga distancia, donde apalancamos infraestructura de ese tipo. Son fondos propios de Mendoza&rdquo;.<\/p>\n\n\n\n<p>&ldquo;Necesitamos inversi&oacute;n p&uacute;blica y privada con riesgo para el privado, pero inversi&oacute;n al fin. Necesitamos reformas estructurales fiscales de simplificaci&oacute;n de impuestos, necesitamos acuerdos de la relaci&oacute;n fiscal Naci&oacute;n y Provincia, porque creo que nos merecemos una mejor relaci&oacute;n si queremos vivir en democracia y con federalismo&rdquo;, puntualiz&oacute; Cornejo.<\/p>\n\n\n\n<p><strong>&ldquo;Nuestro pa&iacute;s podr&aacute; salir adelante solo si podemos producir m&aacute;s&rdquo;<\/strong><\/p>\n\n\n\n<p>El Gobernador de Santa Fe destac&oacute; en su participaci&oacute;n que en su provincia se prioriza la inversi&oacute;n en obras p&uacute;blicas para generar empleo y crecimiento. &ldquo;Nosotros estamos convencidos de que nuestro pa&iacute;s va a poder salir adelante solo si tiene la posibilidad de producir m&aacute;s, de que nuestro campo, nuestra industria, puedan tener las condiciones de infraestructura necesarias para poder desarrollarse. Y desde ese lugar, poder tener un equilibrio territorial que nos permita a nosotros, cada una de nuestras regiones, en particular a mi provincia, pero tambi&eacute;n con una mirada muy fuerte de lo que es la regi&oacute;n centro, podamos despegar todo nuestro potencial productivo&rdquo;.&nbsp;<\/p>\n\n\n\n<p>&ldquo;Este momento complejo de la Rep&uacute;blica Argentina, tenemos que estar los gobiernos y los estados trabajando en primer t&eacute;rmino para poder ser m&aacute;s eficientes, pero tambi&eacute;n para poder llevar adelante las obras que necesitamos para que nuestras provincias puedan crecer, que se pueda generar empleo, que se pueda generar crecimiento econ&oacute;mico. Y la &uacute;nica manera que nosotros entendemos de que eso se pueda hacer es si en esta regi&oacute;n del pa&iacute;s, que tanto le aporta a nuestro pa&iacute;s, podemos tener la infraestructura b&aacute;sica y necesaria para desplegar nuestro potencial&rdquo;.&nbsp;<\/p>\n\n\n\n<p>&ldquo;Creo que tenemos que trabajar, por un lado, en lo que es la demanda de las provincias para que Naci&oacute;n pueda reactivar la obra p&uacute;blica con una mirada al interior productivo, fundamentalmente, porque eso termina retroalimentando lo que es la econom&iacute;a de la Rep&uacute;blica Argentina, pero  cada uno de nosotros tenemos que esforzarnos para poder llevar adelante la ejecuci&oacute;n de las mismas&rdquo;.&nbsp;<\/p>\n\n\n\n<p><strong>&ldquo;El financiamiento es fundamental para llevar adelante las obras de infraestructura&rdquo;<\/strong><\/p>\n\n\n\n<p>Frigerio, en tanto, destac&oacute; que la integraci&oacute;n en la infraestructura es esencial para el desarrollo, requiriendo financiamiento p&uacute;blico y externo. Es crucial para avanzar en obras de infraestructura y resolver los problemas de deterioro y nuevas necesidades del pa&iacute;s.<\/p>\n\n\n\n<p>El mandatario se&ntilde;al&oacute; que al hablar de &ldquo;infraestructura es sin&oacute;nimo de integraci&oacute;n y ambos son sin&oacute;nimos de desarrollo&rdquo;. Y a&ntilde;adi&oacute; que &ldquo;el financiamiento es fundamental para llevar adelante las obras de infraestructura. Incluso en estos meses turbulentos he escuchado a alguien que pone en duda la necesidad de conseguir financiamiento para hacer obras de infraestructura&rdquo;.&nbsp;<\/p>\n\n\n\n<p>En este sentido, Frigerio sostuvo que &ldquo;lo que no corresponde es que se hagan con recursos de un solo ejercicio. Al contrario, es casi una obligaci&oacute;n conseguir financiamiento de largo plazo para hacer obras de infraestructura que se amortizan tambi&eacute;n en consecuencia en el largo plazo. Por supuesto que hay obras que pueden ser financiadas por los privados. Lo vemos en otras partes del mundo, pero no son todas. Es m&aacute;s, lamentablemente son las menos. Ojal&aacute; podamos avanzar m&aacute;s en este sentido&rdquo;.<\/p>\n\n\n\n<p><strong>&ldquo;Entendemos a la obra p&uacute;blica como un esquema de desarrollo&rdquo;<\/strong><\/p>\n\n\n\n<p>El gobernador Mart&iacute;n Llaryora fue el &uacute;ltimo en exponer en el panel. Destac&oacute; la importancia de la infraestructura y la obra p&uacute;blica para el desarrollo econ&oacute;mico y la competitividad de Argentina. &ldquo;La infraestructura es la madre del progreso y del desarrollo. Entonces, estamos en una etapa donde discutir eso&rdquo;.<\/p>\n\n\n\n<p>&ldquo;Si nosotros no construimos y no desarrollamos r&aacute;pidamente la infraestructura necesaria que nos mejore la competitividad y que nos permita sacar los recursos naturales que nosotros tenemos, no va a haber plan que sobreviva&rdquo;, se&ntilde;al&oacute; el mandatario cordob&eacute;s. Y a&ntilde;adi&oacute;: &ldquo;Para que un plan econ&oacute;mico -naturalmente hay que manejar la macro: resolver el tema de inflaci&oacute;n- pueda ser sostenible en el tiempo, necesita un plan productivo. Que sostenga ese plan econ&oacute;mico. Para tener un plan productivo que encienda nuevos sectores, se necesita infraestructura&rdquo;.<\/p>\n\n\n\n<figure class=\"wp-block-gallery columns-3\"><ul class=\"blocks-gallery-grid\"><li class=\"blocks-gallery-item\"><figure><a href=\"https:\/\/www.mendoza.gov.ar\/wp-content\/uploads\/sites\/5\/2024\/06\/20240625160825__MG_8214.jpg\"><img loading=\"lazy\" width=\"700\" height=\"467\" src=\"https:\/\/www.mendoza.gov.ar\/wp-content\/uploads\/sites\/5\/2024\/06\/20240625160825__MG_8214-700x467.jpg\" alt=\"\" data-id=\"416581\" data-full-url=\"https:\/\/www.mendoza.gov.ar\/wp-content\/uploads\/sites\/5\/2024\/06\/20240625160825__MG_8214.jpg\" data-link=\"https:\/\/www.mendoza.gov.ar\/prensa\/?attachment_id=416581\" class=\"wp-image-416581 img-responsive center-block\" srcset=\"https:\/\/www.mendoza.gov.ar\/wp-content\/uploads\/sites\/5\/2024\/06\/20240625160825__MG_8214-700x467.jpg 700w, https:\/\/www.mendoza.gov.ar\/wp-content\/uploads\/sites\/5\/2024\/06\/20240625160825__MG_8214-250x167.jpg 250w, https:\/\/www.mendoza.gov.ar\/wp-content\/uploads\/sites\/5\/2024\/06\/20240625160825__MG_8214-768x512.jpg 768w, https:\/\/www.mendoza.gov.ar\/wp-content\/uploads\/sites\/5\/2024\/06\/20240625160825__MG_8214-1536x1024.jpg 1536w, https:\/\/www.mendoza.gov.ar\/wp-content\/uploads\/sites\/5\/2024\/06\/20240625160825__MG_8214-2048x1365.jpg 2048w, https:\/\/www.mendoza.gov.ar\/wp-content\/uploads\/sites\/5\/2024\/06\/20240625160825__MG_8214-120x80.jpg 120w\" sizes=\"(max-width: 700px) 100vw, 700px\"><\/a><\/figure><\/li><li class=\"blocks-gallery-item\"><figure><a href=\"https:\/\/www.mendoza.gov.ar\/wp-content\/uploads\/sites\/5\/2024\/06\/20240625160900__MG_8218.jpg\"><img loading=\"lazy\" width=\"700\" height=\"461\" src=\"https:\/\/www.mendoza.gov.ar\/wp-content\/uploads\/sites\/5\/2024\/06\/20240625160900__MG_8218-700x461.jpg\" alt=\"\" data-id=\"416582\" data-full-url=\"https:\/\/www.mendoza.gov.ar\/wp-content\/uploads\/sites\/5\/2024\/06\/20240625160900__MG_8218.jpg\" data-link=\"https:\/\/www.mendoza.gov.ar\/prensa\/?attachment_id=416582\" class=\"wp-image-416582 img-responsive center-block\" srcset=\"https:\/\/www.mendoza.gov.ar\/wp-content\/uploads\/sites\/5\/2024\/06\/20240625160900__MG_8218-700x461.jpg 700w, https:\/\/www.mendoza.gov.ar\/wp-content\/uploads\/sites\/5\/2024\/06\/20240625160900__MG_8218-250x165.jpg 250w, https:\/\/www.mendoza.gov.ar\/wp-content\/uploads\/sites\/5\/2024\/06\/20240625160900__MG_8218-768x506.jpg 768w, https:\/\/www.mendoza.gov.ar\/wp-content\/uploads\/sites\/5\/2024\/06\/20240625160900__MG_8218-1536x1013.jpg 1536w, https:\/\/www.mendoza.gov.ar\/wp-content\/uploads\/sites\/5\/2024\/06\/20240625160900__MG_8218-2048x1350.jpg 2048w, https:\/\/www.mendoza.gov.ar\/wp-content\/uploads\/sites\/5\/2024\/06\/20240625160900__MG_8218-120x79.jpg 120w\" sizes=\"(max-width: 700px) 100vw, 700px\"><\/a><\/figure><\/li><li class=\"blocks-gallery-item\"><figure><a href=\"https:\/\/www.mendoza.gov.ar\/wp-content\/uploads\/sites\/5\/2024\/06\/20240625161101__MG_8237.jpg\"><img loading=\"lazy\" width=\"700\" height=\"467\" src=\"https:\/\/www.mendoza.gov.ar\/wp-content\/uploads\/sites\/5\/2024\/06\/20240625161101__MG_8237-700x467.jpg\" alt=\"\" data-id=\"416583\" data-full-url=\"https:\/\/www.mendoza.gov.ar\/wp-content\/uploads\/sites\/5\/2024\/06\/20240625161101__MG_8237.jpg\" data-link=\"https:\/\/www.mendoza.gov.ar\/prensa\/?attachment_id=416583\" class=\"wp-image-416583 img-responsive center-block\" srcset=\"https:\/\/www.mendoza.gov.ar\/wp-content\/uploads\/sites\/5\/2024\/06\/20240625161101__MG_8237-700x467.jpg 700w, https:\/\/www.mendoza.gov.ar\/wp-content\/uploads\/sites\/5\/2024\/06\/20240625161101__MG_8237-250x167.jpg 250w, https:\/\/www.mendoza.gov.ar\/wp-content\/uploads\/sites\/5\/2024\/06\/20240625161101__MG_8237-768x512.jpg 768w, https:\/\/www.mendoza.gov.ar\/wp-content\/uploads\/sites\/5\/2024\/06\/20240625161101__MG_8237-1536x1024.jpg 1536w, https:\/\/www.mendoza.gov.ar\/wp-content\/uploads\/sites\/5\/2024\/06\/20240625161101__MG_8237-2048x1365.jpg 2048w, https:\/\/www.mendoza.gov.ar\/wp-content\/uploads\/sites\/5\/2024\/06\/20240625161101__MG_8237-120x80.jpg 120w\" sizes=\"(max-width: 700px) 100vw, 700px\"><\/a><\/figure><\/li><li class=\"blocks-gallery-item\"><figure><a href=\"https:\/\/www.mendoza.gov.ar\/wp-content\/uploads\/sites\/5\/2024\/06\/20240625161145__MG_8242.jpg\"><img loading=\"lazy\" width=\"700\" height=\"466\" src=\"https:\/\/www.mendoza.gov.ar\/wp-content\/uploads\/sites\/5\/2024\/06\/20240625161145__MG_8242-700x466.jpg\" alt=\"\" data-id=\"416584\" data-full-url=\"https:\/\/www.mendoza.gov.ar\/wp-content\/uploads\/sites\/5\/2024\/06\/20240625161145__MG_8242.jpg\" data-link=\"https:\/\/www.mendoza.gov.ar\/prensa\/?attachment_id=416584\" class=\"wp-image-416584 img-responsive center-block\" srcset=\"https:\/\/www.mendoza.gov.ar\/wp-content\/uploads\/sites\/5\/2024\/06\/20240625161145__MG_8242-700x466.jpg 700w, https:\/\/www.mendoza.gov.ar\/wp-content\/uploads\/sites\/5\/2024\/06\/20240625161145__MG_8242-250x166.jpg 250w, https:\/\/www.mendoza.gov.ar\/wp-content\/uploads\/sites\/5\/2024\/06\/20240625161145__MG_8242-768x511.jpg 768w, https:\/\/www.mendoza.gov.ar\/wp-content\/uploads\/sites\/5\/2024\/06\/20240625161145__MG_8242-1536x1023.jpg 1536w, https:\/\/www.mendoza.gov.ar\/wp-content\/uploads\/sites\/5\/2024\/06\/20240625161145__MG_8242-2048x1363.jpg 2048w, https:\/\/www.mendoza.gov.ar\/wp-content\/uploads\/sites\/5\/2024\/06\/20240625161145__MG_8242-120x80.jpg 120w\" sizes=\"(max-width: 700px) 100vw, 700px\"><\/a><\/figure><\/li><li class=\"blocks-gallery-item\"><figure><a href=\"https:\/\/www.mendoza.gov.ar\/wp-content\/uploads\/sites\/5\/2024\/06\/20240625164020__MG_8321.jpg\"><img loading=\"lazy\" width=\"700\" height=\"467\" src=\"https:\/\/www.mendoza.gov.ar\/wp-content\/uploads\/sites\/5\/2024\/06\/20240625164020__MG_8321-700x467.jpg\" alt=\"\" data-id=\"416585\" data-full-url=\"https:\/\/www.mendoza.gov.ar\/wp-content\/uploads\/sites\/5\/2024\/06\/20240625164020__MG_8321.jpg\" data-link=\"https:\/\/www.mendoza.gov.ar\/prensa\/?attachment_id=416585\" class=\"wp-image-416585 img-responsive center-block\" srcset=\"https:\/\/www.mendoza.gov.ar\/wp-content\/uploads\/sites\/5\/2024\/06\/20240625164020__MG_8321-700x467.jpg 700w, https:\/\/www.mendoza.gov.ar\/wp-content\/uploads\/sites\/5\/2024\/06\/20240625164020__MG_8321-250x167.jpg 250w, https:\/\/www.mendoza.gov.ar\/wp-content\/uploads\/sites\/5\/2024\/06\/20240625164020__MG_8321-768x512.jpg 768w, https:\/\/www.mendoza.gov.ar\/wp-content\/uploads\/sites\/5\/2024\/06\/20240625164020__MG_8321-1536x1024.jpg 1536w, https:\/\/www.mendoza.gov.ar\/wp-content\/uploads\/sites\/5\/2024\/06\/20240625164020__MG_8321-2048x1365.jpg 2048w, https:\/\/www.mendoza.gov.ar\/wp-content\/uploads\/sites\/5\/2024\/06\/20240625164020__MG_8321-120x80.jpg 120w\" sizes=\"(max-width: 700px) 100vw, 700px\"><\/a><\/figure><\/li><li class=\"blocks-gallery-item\"><figure><a href=\"https:\/\/www.mendoza.gov.ar\/wp-content\/uploads\/sites\/5\/2024\/06\/20240625164127__MG_8332.jpg\"><img loading=\"lazy\" width=\"700\" height=\"467\" src=\"https:\/\/www.mendoza.gov.ar\/wp-content\/uploads\/sites\/5\/2024\/06\/20240625164127__MG_8332-700x467.jpg\" alt=\"\" data-id=\"416586\" data-full-url=\"https:\/\/www.mendoza.gov.ar\/wp-content\/uploads\/sites\/5\/2024\/06\/20240625164127__MG_8332.jpg\" data-link=\"https:\/\/www.mendoza.gov.ar\/prensa\/?attachment_id=416586\" class=\"wp-image-416586 img-responsive center-block\" srcset=\"https:\/\/www.mendoza.gov.ar\/wp-content\/uploads\/sites\/5\/2024\/06\/20240625164127__MG_8332-700x467.jpg 700w, https:\/\/www.mendoza.gov.ar\/wp-content\/uploads\/sites\/5\/2024\/06\/20240625164127__MG_8332-250x167.jpg 250w, https:\/\/www.mendoza.gov.ar\/wp-content\/uploads\/sites\/5\/2024\/06\/20240625164127__MG_8332-768x512.jpg 768w, https:\/\/www.mendoza.gov.ar\/wp-content\/uploads\/sites\/5\/2024\/06\/20240625164127__MG_8332-1536x1024.jpg 1536w, https:\/\/www.mendoza.gov.ar\/wp-content\/uploads\/sites\/5\/2024\/06\/20240625164127__MG_8332-2048x1365.jpg 2048w, https:\/\/www.mendoza.gov.ar\/wp-content\/uploads\/sites\/5\/2024\/06\/20240625164127__MG_8332-120x80.jpg 120w\" sizes=\"(max-width: 700px) 100vw, 700px\"><\/a><\/figure><\/li><li class=\"blocks-gallery-item\"><figure><a href=\"https:\/\/www.mendoza.gov.ar\/wp-content\/uploads\/sites\/5\/2024\/06\/20240625164216__MG_8341-1.jpg\"><img src=\"https:\/\/www.mendoza.gov.ar\/wp-content\/uploads\/sites\/5\/2024\/06\/20240625164216__MG_8341-1-700x505.jpg\" alt=\"\" data-id=\"416587\" data-full-url=\"https:\/\/www.mendoza.gov.ar\/wp-content\/uploads\/sites\/5\/2024\/06\/20240625164216__MG_8341-1.jpg\" data-link=\"https:\/\/www.mendoza.gov.ar\/prensa\/?attachment_id=416587\" class=\"wp-image-416587 img-responsive center-block\"><\/a><\/figure><\/li><\/ul><\/figure>\n<\/body><\/html>\n","protected":false},"excerpt":{"rendered":"Se realiz&oacute; este martes el encuentro anual de C&aacute;mara Argentina de la Construcci&oacute;n (Camarco), y el mandatario mendocino particip&oacute; en un panel sobre infraestructura y obra p&uacute;blica junto a otros gobernadores argentinos. El Gobernador, Alfredo Cornejo, particip&oacute; en una nueva edici&oacute;n de la Convenci&oacute;n Anual de la C&aacute;mara Argentina de la Construcci&oacute;n (Camarco) que se&#8230; <a class=\"view-article\" href=\"https:\/\/www.mendoza.gov.ar\/prensa\/en-buenos-aires-cornejo-destaco-la-importancia-de-reforzar-la-relacion-fiscal-entre-nacion-y-provincia-para-fomentar-la-infraestructura\/\"><\/a>","protected":false},"author":68,"featured_media":416587,"comment_status":"open","ping_status":"open","sticky":false,"template":"","format":"standard","meta":[],"categories":[19],"tags":[],"_links":{"self":[{"href":"https:\/\/www.mendoza.gov.ar\/prensa\/wp-json\/wp\/v2\/posts\/416569"}],"collection":[{"href":"https:\/\/www.mendoza.gov.ar\/prensa\/wp-json\/wp\/v2\/posts"}],"about":[{"href":"https:\/\/www.mendoza.gov.ar\/prensa\/wp-json\/wp\/v2\/types\/post"}],"author":[{"embeddable":true,"href":"https:\/\/www.mendoza.gov.ar\/prensa\/wp-json\/wp\/v2\/users\/68"}],"replies":[{"embeddable":true,"href":"https:\/\/www.mendoza.gov.ar\/prensa\/wp-json\/wp\/v2\/comments?post=416569"}],"version-history":[{"count":8,"href":"https:\/\/www.mendoza.gov.ar\/prensa\/wp-json\/wp\/v2\/posts\/416569\/revisions"}],"predecessor-version":[{"id":416594,"href":"https:\/\/www.mendoza.gov.ar\/prensa\/wp-json\/wp\/v2\/posts\/416569\/revisions\/416594"}],"wp:featuredmedia":[{"embeddable":true,"href":"https:\/\/www.mendoza.gov.ar\/prensa\/wp-json\/wp\/v2\/media\/416587"}],"wp:attachment":[{"href":"https:\/\/www.mendoza.gov.ar\/prensa\/wp-json\/wp\/v2\/media?parent=416569"}],"wp:term":[{"taxonomy":"category","embeddable":true,"href":"https:\/\/www.mendoza.gov.ar\/prensa\/wp-json\/wp\/v2\/categories?post=416569"},{"taxonomy":"post_tag","embeddable":true,"href":"https:\/\/www.mendoza.gov.ar\/prensa\/wp-json\/wp\/v2\/tags?post=416569"}],"curies":[{"name":"wp","href":"https:\/\/api.w.org\/{rel}","templated":true}]}}