{"id":41669,"date":"2015-09-30T07:05:56","date_gmt":"2015-09-30T10:05:56","guid":{"rendered":"http:\/\/prensa.mendoza.gov.ar\/?p=41669"},"modified":"2015-09-30T07:05:56","modified_gmt":"2015-09-30T10:05:56","slug":"con-obras-para-educacion-y-cultura-se-celebro-la-fiesta-patronal-de-san-miguel-arcangel","status":"publish","type":"post","link":"https:\/\/www.mendoza.gov.ar\/prensa\/con-obras-para-educacion-y-cultura-se-celebro-la-fiesta-patronal-de-san-miguel-arcangel\/","title":{"rendered":"Con obras para educaci\u00f3n y cultura se celebr\u00f3 la fiesta patronal de San Miguel Arc\u00e1ngel"},"content":{"rendered":"<!DOCTYPE html PUBLIC \"-\/\/W3C\/\/DTD HTML 4.0 Transitional\/\/EN\" \"http:\/\/www.w3.org\/TR\/REC-html40\/loose.dtd\">\n<html><body><p>En el marco de las fiestas patronales de San Miguel Arc&aacute;ngel, el intendente Rub&eacute;n Miranda y el ministro de Infraestructura, Rolando Baldasso, inauguraron el nuevo edificio del Instituto Superior de Formaci&oacute;n Docente y T&eacute;cnica (ISFDyT) 9-026, y la Biblioteca P&uacute;blica de Las Heras.<\/p>\n<p>Las dos obras responden al compromiso inclaudicable del Gobierno de Mendoza de trabajar por la educaci&oacute;n y la cultura como ejes de inclusi&oacute;n social para todos los habitantes de la provincia.<\/p>\n<p>De los festejos por el Santo Patrono&nbsp;del Departamento de Las Heras participaron adem&aacute;s la directora General de Escuelas, Mar&iacute;a In&eacute;s Abrile de Vollmer, la secretaria coordinadora del Gabinete Provincial, L&iacute;a Alvarez; y los ministros Marizul Iba&ntilde;ez, de Cultura; Marcelo Costa, de Agroindustria; Leonardo Comperatore, de Seguridad; Pablo Rousseau, de Transporte y Oscar Renna, de Salud.<\/p>\n<p>Sobre lo mucho hecho por el Gobierno Provincial en Las Heras,&nbsp;el ministro de Infraestructura, Rolando Baldasso enumer&oacute; las obras que el gobierno provincial est&aacute; ejecutando en el departamento de Las Heras: &rdquo; Los esfuerzos mancomunados de Naci&oacute;n, Provincia&nbsp;y Municipio son palpables en obras que benefician a los lasherinos, como los puentes en el Zanj&oacute;n de los Ciruelos, las&nbsp;casas construidas por el IPV, las calles pavimentadas, las obras en materia de infraestructura educativa y en materia cultural y las obras generadas a partir del programa M&aacute;s Cerca&rdquo;,&nbsp;sostuvo Baldasso.<\/p>\n<p><b>Edificio cultural<\/b><\/p>\n<p><a href=\"https:\/\/www.mendoza.gov.ar\/prensa\/wp-content\/uploads\/sites\/23\/29-09-15biblioteca-las-heras.jpg\"><img loading=\"lazy\" class=\"alignnone wp-image-41679 img-responsive center-block\" src=\"https:\/\/www.mendoza.gov.ar\/prensa\/wp-content\/uploads\/sites\/23\/29-09-15biblioteca-las-heras.jpg\" alt=\"\" width=\"650\" height=\"433\"><\/a><\/p>\n<p>La Biblioteca P&uacute;blica de Las Heras ocupa un espacio de 172 mts de superficie total cubierta, donde se ubica una plaza educativa completa, con libros de autores locales, nacionales e internacionales, con equipamiento, mobiliario y tecnolog&iacute;a de &uacute;ltima generaci&oacute;n.<\/p>\n<p>El proyecto se basa en un esquema compacto y racional a fin de flexibilizar su uso, maximizar superficies y costos de ejecuci&oacute;n. El edificio tiene dos cuerpos de proporciones longitudinales unidos por una circulaci&oacute;n central.<\/p>\n<p>Las fachadas se prev&eacute;n como un icono de f&aacute;cil identificaci&oacute;n dentro del entorno, para lo cual se incorpora una arquigraf&iacute;a y se&ntilde;al&eacute;tica emblem&aacute;tica de la funci&oacute;n socio-cultural de la construcci&oacute;n.<\/p>\n<p>La obra tambi&eacute;n incluy&oacute; el cerco modular de cierre del predio, las veredas, acequias, luminarias de alumbrado p&uacute;blico y sistema de riego de jardines del edificio.<\/p>\n<p><b>Edificio educativo<\/b><\/p>\n<p>El establecimiento de nivel terciario ahora ofrece mayores comodidades y espacios m&aacute;s amplios a los m&aacute;s de 750 alumnos que en la actualidad asisten a la escuela lasherina.<\/p>\n<p>&ldquo;Decidimos priorizar esta obra que se construy&oacute; en 14 meses de trabajo, tiempo r&eacute;cord. M&aacute;s de 60 escuelas con la misma calidad edilicia se han realizado en esta gesti&oacute;n&rdquo;, declar&oacute; el ministro Baldasso.<\/p>\n<div><\/div>\n<p>Posee una instrucci&oacute;n orientada a la formaci&oacute;n docente en carreras como Profesorado de Educaci&oacute;n Inicial, Primaria, Especial y Secundaria, Profesorado de Artes en M&uacute;sica, Biolog&iacute;a, Ingl&eacute;s y Geograf&iacute;a, entre otras especialidades.<\/p>\n<p>La obra comprendi&oacute; la construcci&oacute;n de 2.700 metros cuadrados, con una inversi&oacute;n oficial total de $27.300.000, que fue financiada con fondos nacionales a trav&eacute;s del Plan &ldquo;M&aacute;s Escuelas&rdquo; del Ministerio de Planificaci&oacute;n Federal de la Naci&oacute;n.<\/p>\n<p><a href=\"https:\/\/www.mendoza.gov.ar\/prensa\/wp-content\/uploads\/sites\/23\/29-09-15edificio-Formaci%C3%B3n-Docente.jpg\"><img loading=\"lazy\" class=\"alignnone wp-image-41685 img-responsive center-block\" src=\"https:\/\/www.mendoza.gov.ar\/prensa\/wp-content\/uploads\/sites\/23\/29-09-15edificio-Formaci%C3%B3n-Docente.jpg\" alt=\"\" width=\"650\" height=\"433\"><\/a><\/p>\n<p>Est&aacute; enclavado sobre la calle Al mirante Brown s\/N&deg; del distrito La Cieneguita, a unos 3 kil&oacute;metros del casco c&eacute;ntrico del departamento del norte provincial.<\/p>\n<p><strong>Detalle de las obras realizadas<\/strong><\/p>\n<p>Planta baja<\/p>\n<ul>\n<li>1 Hall de Acceso Principal<\/li>\n<li>2 &nbsp;Accesos secundarios \/ salidas de escape<\/li>\n<li>Aula Magna<\/li>\n<li>Buffet. Despensa. Cocina<\/li>\n<li>Sala de Maestranza. Sanitario maestranza<\/li>\n<li>Bedel&iacute;a (2)<\/li>\n<li>Dep&oacute;sito y Sala de m&aacute;quinas<\/li>\n<li>Sala de tableros<\/li>\n<li>&Aacute;rea de Gobierno: Recepci&oacute;n, Administraci&oacute;n y Archivo. Secretar&iacute;a. Sala de Docentes. Secretar&iacute;a Acad&eacute;mica y Archivo. Rector&iacute;a. Sanitarios docentes&nbsp;y Office.<\/li>\n<li>1 Grupo Sanitario (discriminados por sexo)<\/li>\n<li>Sanitario para discapacitados.<\/li>\n<li>5 aulas medianas.<\/li>\n<li>1 aula grande<\/li>\n<li>Laboratorio<\/li>\n<li>2 aulas peque&ntilde;as.<\/li>\n<li>Escalera principal &nbsp;y escalera &nbsp;secundaria.<\/li>\n<li>Ascensor.<\/li>\n<li>Patio de expansi&oacute;n.<\/li>\n<\/ul>\n<div>Planta alta<\/div>\n<ul>\n<li>Hall de Recepci&oacute;n y espera.<\/li>\n<li>Centro de Producci&oacute;n de Medios, inform&aacute;tica e idiomas.<\/li>\n<li>Biblioteca general.<\/li>\n<li>Dep&oacute;sito y Sala de m&aacute;quinas.<\/li>\n<li>Sala de maestranza. Sanitario maestranza.<\/li>\n<li>Bedel&iacute;a.<\/li>\n<li>Sala de tableros.<\/li>\n<li>Recepci&oacute;n.<\/li>\n<li>Coordinaci&oacute;n de Investigaci&oacute;n. Coordinaci&oacute;n de Extensi&oacute;n. Boxes de Trabajo y Biblioteca de investigaci&oacute;n.<\/li>\n<li>Fotocopiadora.<\/li>\n<li>1 Grupo Sanitario (discriminados por sexo).<\/li>\n<li>Sanitario para discapacitados.<\/li>\n<li>5 aulas medianas.<\/li>\n<li>2 aulas grandes.<\/li>\n<li>3 aulas peque&ntilde;as<\/li>\n<li>Galer&iacute;as cubiertas.<\/li>\n<\/ul>\n<\/body><\/html>\n","protected":false},"excerpt":{"rendered":"Ministros del Gabinete Provincial acompa\u00f1aron al intendente de Las Heras en las fiestas patronales, as\u00ed como en la inauguraci\u00f3n del nuevo edificio del ISFDyT 9-026 y la Biblioteca P\u00fablica de Las Heras","protected":false},"author":3,"featured_media":41676,"comment_status":"open","ping_status":"open","sticky":false,"template":"","format":"standard","meta":[],"categories":[1],"tags":[],"_links":{"self":[{"href":"https:\/\/www.mendoza.gov.ar\/prensa\/wp-json\/wp\/v2\/posts\/41669"}],"collection":[{"href":"https:\/\/www.mendoza.gov.ar\/prensa\/wp-json\/wp\/v2\/posts"}],"about":[{"href":"https:\/\/www.mendoza.gov.ar\/prensa\/wp-json\/wp\/v2\/types\/post"}],"author":[{"embeddable":true,"href":"https:\/\/www.mendoza.gov.ar\/prensa\/wp-json\/wp\/v2\/users\/3"}],"replies":[{"embeddable":true,"href":"https:\/\/www.mendoza.gov.ar\/prensa\/wp-json\/wp\/v2\/comments?post=41669"}],"version-history":[{"count":0,"href":"https:\/\/www.mendoza.gov.ar\/prensa\/wp-json\/wp\/v2\/posts\/41669\/revisions"}],"wp:featuredmedia":[{"embeddable":true,"href":"https:\/\/www.mendoza.gov.ar\/prensa\/wp-json\/wp\/v2\/media\/41676"}],"wp:attachment":[{"href":"https:\/\/www.mendoza.gov.ar\/prensa\/wp-json\/wp\/v2\/media?parent=41669"}],"wp:term":[{"taxonomy":"category","embeddable":true,"href":"https:\/\/www.mendoza.gov.ar\/prensa\/wp-json\/wp\/v2\/categories?post=41669"},{"taxonomy":"post_tag","embeddable":true,"href":"https:\/\/www.mendoza.gov.ar\/prensa\/wp-json\/wp\/v2\/tags?post=41669"}],"curies":[{"name":"wp","href":"https:\/\/api.w.org\/{rel}","templated":true}]}}