{"id":41695,"date":"2015-09-30T00:56:42","date_gmt":"2015-09-30T03:56:42","guid":{"rendered":"http:\/\/prensa.mendoza.gov.ar\/?p=41695"},"modified":"2015-09-30T00:56:42","modified_gmt":"2015-09-30T03:56:42","slug":"agroindustria-llevara-a-10-empresas-mendocinas-al-festival-gastronomico-raiz","status":"publish","type":"post","link":"https:\/\/www.mendoza.gov.ar\/prensa\/agroindustria-llevara-a-10-empresas-mendocinas-al-festival-gastronomico-raiz\/","title":{"rendered":"Agroindustria llevar\u00e1 a 10 empresas mendocinas al Festival Gastron\u00f3mico Ra\u00edz"},"content":{"rendered":"<!DOCTYPE html PUBLIC \"-\/\/W3C\/\/DTD HTML 4.0 Transitional\/\/EN\" \"http:\/\/www.w3.org\/TR\/REC-html40\/loose.dtd\">\n<html><body><p>El Ministerio de Agroindustria y Tecnolog&iacute;a, a trav&eacute;s del Instituto de Desarrollo Comercial (IDC), estar&aacute; presente con un stand institucional en el Festival Gastron&oacute;mico Ra&iacute;z que este a&ntilde;o se realizar&aacute; del 1 al 4 de octubre en el espacio de Ciencia y Tecnolog&iacute;a Tecn&oacute;polis.<\/p>\n<p>Mendoza contar&aacute; con uno de los dos espacios m&aacute;s grandes de la feria donde los empresarios locales tendr&aacute;n la posibilidad de dar a conocer y promocionar las especialidades de nuestra tierra, como lo ser&aacute;n vinos, aceites, productos gourmet y delicatessen.<\/p>\n<p>&ldquo;El objetivo principal es fortalecer el posicionamiento de nuestros productos ante la presencia de los miles de asistentes que llegan en busca de lo mucho que tiene Mendoza para ofrecer en calidad y precio. De esta manera estamos dando respuesta a lo que nos pidi&oacute; el gobernador Francisco P&eacute;rez, mantener las fuentes de empleo y generar nuevas posibilidades de negocios para nuestras empresas&rdquo;, expres&oacute; el ministro de Agroindustria y Tecnolog&iacute;a, Marcelo Costa, respecto de la iniciativa del Gobierno de la provincia.<\/p>\n<p>&ldquo;Desde el IDC venimos trabajando fuertemente en el posicionamiento de la producci&oacute;n local a nivel nacional y esta es una instancia m&aacute;s que propicia para fortalecer los lazos comerciales ya logrados y captar nuevos mercados ante la constante presencia de p&uacute;blico destac&oacute;&rdquo;, remarc&oacute; Mart&iacute;n Hinojosa, subsecretario de Industria y Tecnolog&iacute;a y Presidente del IDC.<\/p>\n<p>Por su parte, el gerente general del IDC, licenciado Alejandro Morcos, sostuvo que para el sector productivo mendocino es un encuentro que permite acercar oferta y demanda de manera directa, eliminando la participaci&oacute;n de todos aquellos intermediarios innecesarios que encarecen la cadena de valor.<\/p>\n<p><strong>Los que viajan<\/strong><\/p>\n<p>Desde Mendoza viajar&aacute;n: Bodegas y Vi&ntilde;edos OFA, Frutta Roja (Productos Gourmet), Bodega Luna Roja, Bodega Valle del Indio, Sabores Jucamar (productos gourmet y delicatessen), Oliv&iacute;cola Libanti, Oliv&iacute;colas Piuqu&eacute; y Mar&iacute;a Ravida, Oliv&iacute;cola Oilco, Cuyo Aromas y C&aacute;scara Morena<\/p>\n<p><strong>Sobre la Feria<\/strong><\/p>\n<p>En el marco del festival, habr&aacute; un mercado de productos argentinos que contar&aacute; con la presencia de cientos de productores de todo el pa&iacute;s, donde los visitantes podr&aacute;n probar y adquirir los m&aacute;s diversos alimentos, desde quesos artesanales hasta especias y las &uacute;ltimas elaboraciones gourmet.<\/p>\n<p>Tambi&eacute;n habr&aacute; espacios dedicados a los m&aacute;s chiquitos, distintas fiestas regionales, restaurantes como as&iacute; tambi&eacute;n la presencia de destacados cocineros de todo el pa&iacute;s.<\/p>\n<p>La actividad se extiende a lo largo de todo el d&iacute;a donde los visitantes tienen la oportunidad de recorrer el predio del festival como as&iacute; tambi&eacute;n el resto de las atracciones tecnol&oacute;gicas que se ofrecen a todo el p&uacute;blico de manera gratuita.<\/p>\n<\/body><\/html>\n","protected":false},"excerpt":{"rendered":"Las firmas locales tendr\u00e1n la posibilidad de dar a conocer y promocionar las especialidades de nuestra tierra en el evento del rubro m\u00e1s importante del pa\u00eds, que se llevar\u00e1 a cabo del 1 al 4 de octubre en Tecn\u00f3polis.","protected":false},"author":3,"featured_media":41711,"comment_status":"open","ping_status":"open","sticky":false,"template":"","format":"standard","meta":[],"categories":[1],"tags":[],"_links":{"self":[{"href":"https:\/\/www.mendoza.gov.ar\/prensa\/wp-json\/wp\/v2\/posts\/41695"}],"collection":[{"href":"https:\/\/www.mendoza.gov.ar\/prensa\/wp-json\/wp\/v2\/posts"}],"about":[{"href":"https:\/\/www.mendoza.gov.ar\/prensa\/wp-json\/wp\/v2\/types\/post"}],"author":[{"embeddable":true,"href":"https:\/\/www.mendoza.gov.ar\/prensa\/wp-json\/wp\/v2\/users\/3"}],"replies":[{"embeddable":true,"href":"https:\/\/www.mendoza.gov.ar\/prensa\/wp-json\/wp\/v2\/comments?post=41695"}],"version-history":[{"count":0,"href":"https:\/\/www.mendoza.gov.ar\/prensa\/wp-json\/wp\/v2\/posts\/41695\/revisions"}],"wp:featuredmedia":[{"embeddable":true,"href":"https:\/\/www.mendoza.gov.ar\/prensa\/wp-json\/wp\/v2\/media\/41711"}],"wp:attachment":[{"href":"https:\/\/www.mendoza.gov.ar\/prensa\/wp-json\/wp\/v2\/media?parent=41695"}],"wp:term":[{"taxonomy":"category","embeddable":true,"href":"https:\/\/www.mendoza.gov.ar\/prensa\/wp-json\/wp\/v2\/categories?post=41695"},{"taxonomy":"post_tag","embeddable":true,"href":"https:\/\/www.mendoza.gov.ar\/prensa\/wp-json\/wp\/v2\/tags?post=41695"}],"curies":[{"name":"wp","href":"https:\/\/api.w.org\/{rel}","templated":true}]}}