{"id":417194,"date":"2024-06-28T14:43:59","date_gmt":"2024-06-28T17:43:59","guid":{"rendered":"https:\/\/www.mendoza.gov.ar\/prensa\/?p=417194"},"modified":"2024-06-28T15:49:28","modified_gmt":"2024-06-28T18:49:28","slug":"el-programa-movete-mente-llego-a-godoy-cruz-con-actividades-de-prevencion-y-recreacion","status":"publish","type":"post","link":"https:\/\/www.mendoza.gov.ar\/prensa\/el-programa-movete-mente-llego-a-godoy-cruz-con-actividades-de-prevencion-y-recreacion\/","title":{"rendered":"El programa Movete Mente lleg\u00f3 a Godoy Cruz con actividades de prevenci\u00f3n y recreaci\u00f3n"},"content":{"rendered":"<!DOCTYPE html PUBLIC \"-\/\/W3C\/\/DTD HTML 4.0 Transitional\/\/EN\" \"http:\/\/www.w3.org\/TR\/REC-html40\/loose.dtd\">\n<html><body><h5>Estudiantes de los &uacute;ltimos a&ntilde;os de secundaria se reunieron en el Espacio Verde Luis Menotti para disfrutar de una jornada de actividades recreativas y de concientizaci&oacute;n.<\/h5>\n\n\n\n<p>Gracias a la organizaci&oacute;n de la Direcci&oacute;n de Deportes Social y Comunitario, la Direcci&oacute;n de Salud Mental y la Municipalidad de Godoy Cruz, unos 300 j&oacute;venes participaron en el programa Movete Mente, con actividades que apuntan a reflexionar sobre la prevenci&oacute;n de consumos problem&aacute;ticos y la importancia de la salud mental.<\/p>\n\n\n\n<p>El encuentro tuvo lugar en el Espacio Verde Luis Menotti y es el tercero del a&ntilde;o, tras su paso por los departamentos de Guaymall&eacute;n y Las Heras. Durante la ma&ntilde;ana de este viernes, los j&oacute;venes godoycruce&ntilde;os participaron en din&aacute;micas recreativas y educativas organizadas para proporcionar herramientas y conocimientos sobre la prevenci&oacute;n de problemas de salud mental y el consumo de sustancias, todo en un entorno que promueve la actividad f&iacute;sica y el bienestar.<\/p>\n\n\n\n<p>El Ministerio de Salud y Deportes de la Provincia inform&oacute; que estas iniciativas est&aacute;n destinadas a llegar a todos los departamentos de Mendoza ofreciendo informaci&oacute;n valiosa y abordando temas que afectan a muchos j&oacute;venes. Movete Mente se distingue por su enfoque integrador, que combina deporte y recreaci&oacute;n con educaci&oacute;n en salud mental.<\/p>\n\n\n\n<p>El encuentro cont&oacute; con la presencia del intendente de Godoy Cruz, Diego Costarelli; el subsecretario de Deportes de la Provincia, Federico Chiapetta, y el director de Deportes de la Comuna, Fernando Mu&ntilde;oz, junto a varias autoridades provinciales y municipales. Los funcionarios destacaron la importancia de estas acciones, que no solo promueven la salud integral de los j&oacute;venes sino que tambi&eacute;n fortalecen la comunidad y la integraci&oacute;n social.<\/p>\n\n\n\n<figure class=\"wp-block-gallery columns-3\"><ul class=\"blocks-gallery-grid\"><li class=\"blocks-gallery-item\"><figure><a href=\"https:\/\/www.mendoza.gov.ar\/wp-content\/uploads\/sites\/5\/2024\/06\/IMG_6584-700x467.jpg\"><img loading=\"lazy\" width=\"700\" height=\"467\" src=\"https:\/\/www.mendoza.gov.ar\/wp-content\/uploads\/sites\/5\/2024\/06\/IMG_6584-700x467.jpg\" alt=\"\" data-id=\"417197\" data-link=\"https:\/\/www.mendoza.gov.ar\/prensa\/?attachment_id=417197\" class=\"wp-image-417197 img-responsive center-block\" srcset=\"https:\/\/www.mendoza.gov.ar\/wp-content\/uploads\/sites\/5\/2024\/06\/IMG_6584-700x467.jpg 700w, https:\/\/www.mendoza.gov.ar\/wp-content\/uploads\/sites\/5\/2024\/06\/IMG_6584-250x167.jpg 250w, https:\/\/www.mendoza.gov.ar\/wp-content\/uploads\/sites\/5\/2024\/06\/IMG_6584-768x512.jpg 768w, https:\/\/www.mendoza.gov.ar\/wp-content\/uploads\/sites\/5\/2024\/06\/IMG_6584-1536x1024.jpg 1536w, https:\/\/www.mendoza.gov.ar\/wp-content\/uploads\/sites\/5\/2024\/06\/IMG_6584-2048x1365.jpg 2048w, https:\/\/www.mendoza.gov.ar\/wp-content\/uploads\/sites\/5\/2024\/06\/IMG_6584-120x80.jpg 120w\" sizes=\"(max-width: 700px) 100vw, 700px\"><\/a><\/figure><\/li><li class=\"blocks-gallery-item\"><figure><a href=\"https:\/\/www.mendoza.gov.ar\/wp-content\/uploads\/sites\/5\/2024\/06\/IMG_6586-700x467.jpg\"><img loading=\"lazy\" width=\"700\" height=\"467\" src=\"https:\/\/www.mendoza.gov.ar\/wp-content\/uploads\/sites\/5\/2024\/06\/IMG_6586-700x467.jpg\" alt=\"\" data-id=\"417198\" data-link=\"https:\/\/www.mendoza.gov.ar\/prensa\/?attachment_id=417198\" class=\"wp-image-417198 img-responsive center-block\" srcset=\"https:\/\/www.mendoza.gov.ar\/wp-content\/uploads\/sites\/5\/2024\/06\/IMG_6586-700x467.jpg 700w, https:\/\/www.mendoza.gov.ar\/wp-content\/uploads\/sites\/5\/2024\/06\/IMG_6586-250x167.jpg 250w, https:\/\/www.mendoza.gov.ar\/wp-content\/uploads\/sites\/5\/2024\/06\/IMG_6586-768x512.jpg 768w, https:\/\/www.mendoza.gov.ar\/wp-content\/uploads\/sites\/5\/2024\/06\/IMG_6586-1536x1024.jpg 1536w, https:\/\/www.mendoza.gov.ar\/wp-content\/uploads\/sites\/5\/2024\/06\/IMG_6586-2048x1365.jpg 2048w, https:\/\/www.mendoza.gov.ar\/wp-content\/uploads\/sites\/5\/2024\/06\/IMG_6586-120x80.jpg 120w\" sizes=\"(max-width: 700px) 100vw, 700px\"><\/a><\/figure><\/li><li class=\"blocks-gallery-item\"><figure><a href=\"https:\/\/www.mendoza.gov.ar\/wp-content\/uploads\/sites\/5\/2024\/06\/IMG_6582-700x467.jpg\"><img loading=\"lazy\" width=\"700\" height=\"467\" src=\"https:\/\/www.mendoza.gov.ar\/wp-content\/uploads\/sites\/5\/2024\/06\/IMG_6582-700x467.jpg\" alt=\"\" data-id=\"417199\" data-link=\"https:\/\/www.mendoza.gov.ar\/prensa\/?attachment_id=417199\" class=\"wp-image-417199 img-responsive center-block\" srcset=\"https:\/\/www.mendoza.gov.ar\/wp-content\/uploads\/sites\/5\/2024\/06\/IMG_6582-700x467.jpg 700w, https:\/\/www.mendoza.gov.ar\/wp-content\/uploads\/sites\/5\/2024\/06\/IMG_6582-250x167.jpg 250w, https:\/\/www.mendoza.gov.ar\/wp-content\/uploads\/sites\/5\/2024\/06\/IMG_6582-768x512.jpg 768w, https:\/\/www.mendoza.gov.ar\/wp-content\/uploads\/sites\/5\/2024\/06\/IMG_6582-1536x1024.jpg 1536w, https:\/\/www.mendoza.gov.ar\/wp-content\/uploads\/sites\/5\/2024\/06\/IMG_6582-2048x1365.jpg 2048w, https:\/\/www.mendoza.gov.ar\/wp-content\/uploads\/sites\/5\/2024\/06\/IMG_6582-120x80.jpg 120w\" sizes=\"(max-width: 700px) 100vw, 700px\"><\/a><\/figure><\/li><li class=\"blocks-gallery-item\"><figure><a href=\"https:\/\/www.mendoza.gov.ar\/wp-content\/uploads\/sites\/5\/2024\/06\/IMG_6580-700x467.jpg\"><img loading=\"lazy\" width=\"700\" height=\"467\" src=\"https:\/\/www.mendoza.gov.ar\/wp-content\/uploads\/sites\/5\/2024\/06\/IMG_6580-700x467.jpg\" alt=\"\" data-id=\"417200\" data-link=\"https:\/\/www.mendoza.gov.ar\/prensa\/?attachment_id=417200\" class=\"wp-image-417200 img-responsive center-block\" srcset=\"https:\/\/www.mendoza.gov.ar\/wp-content\/uploads\/sites\/5\/2024\/06\/IMG_6580-700x467.jpg 700w, https:\/\/www.mendoza.gov.ar\/wp-content\/uploads\/sites\/5\/2024\/06\/IMG_6580-250x167.jpg 250w, https:\/\/www.mendoza.gov.ar\/wp-content\/uploads\/sites\/5\/2024\/06\/IMG_6580-768x512.jpg 768w, https:\/\/www.mendoza.gov.ar\/wp-content\/uploads\/sites\/5\/2024\/06\/IMG_6580-1536x1024.jpg 1536w, https:\/\/www.mendoza.gov.ar\/wp-content\/uploads\/sites\/5\/2024\/06\/IMG_6580-2048x1365.jpg 2048w, https:\/\/www.mendoza.gov.ar\/wp-content\/uploads\/sites\/5\/2024\/06\/IMG_6580-120x80.jpg 120w\" sizes=\"(max-width: 700px) 100vw, 700px\"><\/a><\/figure><\/li><li class=\"blocks-gallery-item\"><figure><a href=\"https:\/\/www.mendoza.gov.ar\/wp-content\/uploads\/sites\/5\/2024\/06\/IMG_6601.jpg\"><img loading=\"lazy\" width=\"700\" height=\"467\" src=\"https:\/\/www.mendoza.gov.ar\/wp-content\/uploads\/sites\/5\/2024\/06\/IMG_6601-700x467.jpg\" alt=\"\" data-id=\"417201\" data-full-url=\"https:\/\/www.mendoza.gov.ar\/wp-content\/uploads\/sites\/5\/2024\/06\/IMG_6601.jpg\" data-link=\"https:\/\/www.mendoza.gov.ar\/prensa\/?attachment_id=417201\" class=\"wp-image-417201 img-responsive center-block\" srcset=\"https:\/\/www.mendoza.gov.ar\/wp-content\/uploads\/sites\/5\/2024\/06\/IMG_6601-700x467.jpg 700w, https:\/\/www.mendoza.gov.ar\/wp-content\/uploads\/sites\/5\/2024\/06\/IMG_6601-250x167.jpg 250w, https:\/\/www.mendoza.gov.ar\/wp-content\/uploads\/sites\/5\/2024\/06\/IMG_6601-768x512.jpg 768w, https:\/\/www.mendoza.gov.ar\/wp-content\/uploads\/sites\/5\/2024\/06\/IMG_6601-1536x1024.jpg 1536w, https:\/\/www.mendoza.gov.ar\/wp-content\/uploads\/sites\/5\/2024\/06\/IMG_6601-2048x1365.jpg 2048w, https:\/\/www.mendoza.gov.ar\/wp-content\/uploads\/sites\/5\/2024\/06\/IMG_6601-120x80.jpg 120w\" sizes=\"(max-width: 700px) 100vw, 700px\"><\/a><\/figure><\/li><li class=\"blocks-gallery-item\"><figure><a href=\"https:\/\/www.mendoza.gov.ar\/wp-content\/uploads\/sites\/5\/2024\/06\/IMG_6593.jpg\"><img loading=\"lazy\" width=\"700\" height=\"467\" src=\"https:\/\/www.mendoza.gov.ar\/wp-content\/uploads\/sites\/5\/2024\/06\/IMG_6593-700x467.jpg\" alt=\"\" data-id=\"417202\" data-full-url=\"https:\/\/www.mendoza.gov.ar\/wp-content\/uploads\/sites\/5\/2024\/06\/IMG_6593.jpg\" data-link=\"https:\/\/www.mendoza.gov.ar\/prensa\/?attachment_id=417202\" class=\"wp-image-417202 img-responsive center-block\" srcset=\"https:\/\/www.mendoza.gov.ar\/wp-content\/uploads\/sites\/5\/2024\/06\/IMG_6593-700x467.jpg 700w, https:\/\/www.mendoza.gov.ar\/wp-content\/uploads\/sites\/5\/2024\/06\/IMG_6593-250x167.jpg 250w, https:\/\/www.mendoza.gov.ar\/wp-content\/uploads\/sites\/5\/2024\/06\/IMG_6593-768x512.jpg 768w, https:\/\/www.mendoza.gov.ar\/wp-content\/uploads\/sites\/5\/2024\/06\/IMG_6593-1536x1024.jpg 1536w, https:\/\/www.mendoza.gov.ar\/wp-content\/uploads\/sites\/5\/2024\/06\/IMG_6593-2048x1365.jpg 2048w, https:\/\/www.mendoza.gov.ar\/wp-content\/uploads\/sites\/5\/2024\/06\/IMG_6593-120x80.jpg 120w\" sizes=\"(max-width: 700px) 100vw, 700px\"><\/a><\/figure><\/li><li class=\"blocks-gallery-item\"><figure><a href=\"https:\/\/www.mendoza.gov.ar\/wp-content\/uploads\/sites\/5\/2024\/06\/IMG_6599.jpg\"><img loading=\"lazy\" width=\"700\" height=\"467\" src=\"https:\/\/www.mendoza.gov.ar\/wp-content\/uploads\/sites\/5\/2024\/06\/IMG_6599-700x467.jpg\" alt=\"\" data-id=\"417203\" data-full-url=\"https:\/\/www.mendoza.gov.ar\/wp-content\/uploads\/sites\/5\/2024\/06\/IMG_6599.jpg\" data-link=\"https:\/\/www.mendoza.gov.ar\/prensa\/?attachment_id=417203\" class=\"wp-image-417203 img-responsive center-block\" srcset=\"https:\/\/www.mendoza.gov.ar\/wp-content\/uploads\/sites\/5\/2024\/06\/IMG_6599-700x467.jpg 700w, https:\/\/www.mendoza.gov.ar\/wp-content\/uploads\/sites\/5\/2024\/06\/IMG_6599-250x167.jpg 250w, https:\/\/www.mendoza.gov.ar\/wp-content\/uploads\/sites\/5\/2024\/06\/IMG_6599-768x512.jpg 768w, https:\/\/www.mendoza.gov.ar\/wp-content\/uploads\/sites\/5\/2024\/06\/IMG_6599-1536x1024.jpg 1536w, https:\/\/www.mendoza.gov.ar\/wp-content\/uploads\/sites\/5\/2024\/06\/IMG_6599-2048x1365.jpg 2048w, https:\/\/www.mendoza.gov.ar\/wp-content\/uploads\/sites\/5\/2024\/06\/IMG_6599-120x80.jpg 120w\" sizes=\"(max-width: 700px) 100vw, 700px\"><\/a><\/figure><\/li><li class=\"blocks-gallery-item\"><figure><a href=\"https:\/\/www.mendoza.gov.ar\/wp-content\/uploads\/sites\/5\/2024\/06\/IMG_6592.jpg\"><img loading=\"lazy\" width=\"700\" height=\"467\" src=\"https:\/\/www.mendoza.gov.ar\/wp-content\/uploads\/sites\/5\/2024\/06\/IMG_6592-700x467.jpg\" alt=\"\" data-id=\"417204\" data-full-url=\"https:\/\/www.mendoza.gov.ar\/wp-content\/uploads\/sites\/5\/2024\/06\/IMG_6592.jpg\" data-link=\"https:\/\/www.mendoza.gov.ar\/prensa\/?attachment_id=417204\" class=\"wp-image-417204 img-responsive center-block\" srcset=\"https:\/\/www.mendoza.gov.ar\/wp-content\/uploads\/sites\/5\/2024\/06\/IMG_6592-700x467.jpg 700w, https:\/\/www.mendoza.gov.ar\/wp-content\/uploads\/sites\/5\/2024\/06\/IMG_6592-250x167.jpg 250w, https:\/\/www.mendoza.gov.ar\/wp-content\/uploads\/sites\/5\/2024\/06\/IMG_6592-768x512.jpg 768w, https:\/\/www.mendoza.gov.ar\/wp-content\/uploads\/sites\/5\/2024\/06\/IMG_6592-1536x1024.jpg 1536w, https:\/\/www.mendoza.gov.ar\/wp-content\/uploads\/sites\/5\/2024\/06\/IMG_6592-2048x1365.jpg 2048w, https:\/\/www.mendoza.gov.ar\/wp-content\/uploads\/sites\/5\/2024\/06\/IMG_6592-120x80.jpg 120w\" sizes=\"(max-width: 700px) 100vw, 700px\"><\/a><\/figure><\/li><li class=\"blocks-gallery-item\"><figure><a href=\"https:\/\/www.mendoza.gov.ar\/wp-content\/uploads\/sites\/5\/2024\/06\/IMG_6589.jpg\"><img loading=\"lazy\" width=\"700\" height=\"467\" src=\"https:\/\/www.mendoza.gov.ar\/wp-content\/uploads\/sites\/5\/2024\/06\/IMG_6589-700x467.jpg\" alt=\"\" data-id=\"417205\" data-full-url=\"https:\/\/www.mendoza.gov.ar\/wp-content\/uploads\/sites\/5\/2024\/06\/IMG_6589.jpg\" data-link=\"https:\/\/www.mendoza.gov.ar\/prensa\/?attachment_id=417205\" class=\"wp-image-417205 img-responsive center-block\" srcset=\"https:\/\/www.mendoza.gov.ar\/wp-content\/uploads\/sites\/5\/2024\/06\/IMG_6589-700x467.jpg 700w, https:\/\/www.mendoza.gov.ar\/wp-content\/uploads\/sites\/5\/2024\/06\/IMG_6589-250x167.jpg 250w, https:\/\/www.mendoza.gov.ar\/wp-content\/uploads\/sites\/5\/2024\/06\/IMG_6589-768x512.jpg 768w, https:\/\/www.mendoza.gov.ar\/wp-content\/uploads\/sites\/5\/2024\/06\/IMG_6589-1536x1024.jpg 1536w, https:\/\/www.mendoza.gov.ar\/wp-content\/uploads\/sites\/5\/2024\/06\/IMG_6589-2048x1365.jpg 2048w, https:\/\/www.mendoza.gov.ar\/wp-content\/uploads\/sites\/5\/2024\/06\/IMG_6589-120x80.jpg 120w\" sizes=\"(max-width: 700px) 100vw, 700px\"><\/a><\/figure><\/li><li class=\"blocks-gallery-item\"><figure><a href=\"https:\/\/www.mendoza.gov.ar\/wp-content\/uploads\/sites\/5\/2024\/06\/IMG_6590.jpg\"><img src=\"https:\/\/www.mendoza.gov.ar\/wp-content\/uploads\/sites\/5\/2024\/06\/IMG_6590-700x467.jpg\" alt=\"\" data-id=\"417206\" data-full-url=\"https:\/\/www.mendoza.gov.ar\/wp-content\/uploads\/sites\/5\/2024\/06\/IMG_6590.jpg\" data-link=\"https:\/\/www.mendoza.gov.ar\/prensa\/?attachment_id=417206\" class=\"wp-image-417206 img-responsive center-block\"><\/a><\/figure><\/li><li class=\"blocks-gallery-item\"><figure><a href=\"https:\/\/www.mendoza.gov.ar\/wp-content\/uploads\/sites\/5\/2024\/06\/IMG_6570.jpg\"><img loading=\"lazy\" width=\"700\" height=\"467\" src=\"https:\/\/www.mendoza.gov.ar\/wp-content\/uploads\/sites\/5\/2024\/06\/IMG_6570-700x467.jpg\" alt=\"\" data-id=\"417207\" data-full-url=\"https:\/\/www.mendoza.gov.ar\/wp-content\/uploads\/sites\/5\/2024\/06\/IMG_6570.jpg\" data-link=\"https:\/\/www.mendoza.gov.ar\/prensa\/?attachment_id=417207\" class=\"wp-image-417207 img-responsive center-block\" srcset=\"https:\/\/www.mendoza.gov.ar\/wp-content\/uploads\/sites\/5\/2024\/06\/IMG_6570-700x467.jpg 700w, https:\/\/www.mendoza.gov.ar\/wp-content\/uploads\/sites\/5\/2024\/06\/IMG_6570-250x167.jpg 250w, https:\/\/www.mendoza.gov.ar\/wp-content\/uploads\/sites\/5\/2024\/06\/IMG_6570-768x512.jpg 768w, https:\/\/www.mendoza.gov.ar\/wp-content\/uploads\/sites\/5\/2024\/06\/IMG_6570-1536x1024.jpg 1536w, https:\/\/www.mendoza.gov.ar\/wp-content\/uploads\/sites\/5\/2024\/06\/IMG_6570-2048x1365.jpg 2048w, https:\/\/www.mendoza.gov.ar\/wp-content\/uploads\/sites\/5\/2024\/06\/IMG_6570-120x80.jpg 120w\" sizes=\"(max-width: 700px) 100vw, 700px\"><\/a><\/figure><\/li><\/ul><\/figure>\n<\/body><\/html>\n","protected":false},"excerpt":{"rendered":"Estudiantes de los &uacute;ltimos a&ntilde;os de secundaria se reunieron en el Espacio Verde Luis Menotti para disfrutar de una jornada de actividades recreativas y de concientizaci&oacute;n. Gracias a la organizaci&oacute;n de la Direcci&oacute;n de Deportes Social y Comunitario, la Direcci&oacute;n de Salud Mental y la Municipalidad de Godoy Cruz, unos 300 j&oacute;venes participaron en el&#8230; <a class=\"view-article\" href=\"https:\/\/www.mendoza.gov.ar\/prensa\/el-programa-movete-mente-llego-a-godoy-cruz-con-actividades-de-prevencion-y-recreacion\/\"><\/a>","protected":false},"author":63,"featured_media":417206,"comment_status":"open","ping_status":"open","sticky":false,"template":"","format":"standard","meta":[],"categories":[10,32],"tags":[],"_links":{"self":[{"href":"https:\/\/www.mendoza.gov.ar\/prensa\/wp-json\/wp\/v2\/posts\/417194"}],"collection":[{"href":"https:\/\/www.mendoza.gov.ar\/prensa\/wp-json\/wp\/v2\/posts"}],"about":[{"href":"https:\/\/www.mendoza.gov.ar\/prensa\/wp-json\/wp\/v2\/types\/post"}],"author":[{"embeddable":true,"href":"https:\/\/www.mendoza.gov.ar\/prensa\/wp-json\/wp\/v2\/users\/63"}],"replies":[{"embeddable":true,"href":"https:\/\/www.mendoza.gov.ar\/prensa\/wp-json\/wp\/v2\/comments?post=417194"}],"version-history":[{"count":5,"href":"https:\/\/www.mendoza.gov.ar\/prensa\/wp-json\/wp\/v2\/posts\/417194\/revisions"}],"predecessor-version":[{"id":417249,"href":"https:\/\/www.mendoza.gov.ar\/prensa\/wp-json\/wp\/v2\/posts\/417194\/revisions\/417249"}],"wp:featuredmedia":[{"embeddable":true,"href":"https:\/\/www.mendoza.gov.ar\/prensa\/wp-json\/wp\/v2\/media\/417206"}],"wp:attachment":[{"href":"https:\/\/www.mendoza.gov.ar\/prensa\/wp-json\/wp\/v2\/media?parent=417194"}],"wp:term":[{"taxonomy":"category","embeddable":true,"href":"https:\/\/www.mendoza.gov.ar\/prensa\/wp-json\/wp\/v2\/categories?post=417194"},{"taxonomy":"post_tag","embeddable":true,"href":"https:\/\/www.mendoza.gov.ar\/prensa\/wp-json\/wp\/v2\/tags?post=417194"}],"curies":[{"name":"wp","href":"https:\/\/api.w.org\/{rel}","templated":true}]}}