{"id":41795,"date":"2015-10-02T07:01:06","date_gmt":"2015-10-02T10:01:06","guid":{"rendered":"http:\/\/prensa.mendoza.gov.ar\/?p=41795"},"modified":"2015-10-02T07:01:06","modified_gmt":"2015-10-02T10:01:06","slug":"eficiencia-energetica-una-modalidad-clave-para-el-buen-uso-de-la-energia","status":"publish","type":"post","link":"https:\/\/www.mendoza.gov.ar\/prensa\/eficiencia-energetica-una-modalidad-clave-para-el-buen-uso-de-la-energia\/","title":{"rendered":"Eficiencia Energ\u00e9tica, una modalidad clave para el buen uso de la energ\u00eda"},"content":{"rendered":"<!DOCTYPE html PUBLIC \"-\/\/W3C\/\/DTD HTML 4.0 Transitional\/\/EN\" \"http:\/\/www.w3.org\/TR\/REC-html40\/loose.dtd\">\n<html><body><p>El Ministerio de Energ&iacute;a de la provincia, desde su creaci&oacute;n, se ocup&oacute; de entablar y difundir de manera constante el concepto de eficiencia energ&eacute;tica con el fin de afirmar en la poblaci&oacute;n mendocina, la toma de conciencia sobre la incorporaci&oacute;n de h&aacute;bitos &uacute;tiles que nos permitan conseguir variables sustentables en el proceso de desarrollo y el uso adecuado del sistema energ&eacute;tico.<\/p>\n<p>Durante la gesti&oacute;n se insisti&oacute; en&nbsp;realizar acciones conjuntas sobre todo en grandes consumidores de energ&iacute;a, que permitieran reducir considerablemente el consumo de energ&iacute;a el&eacute;ctrica en sus actividades.<\/p>\n<p>Las principales &aacute;reas de Gobierno de Mendoza, junto a distintas instituciones dedicadas a los grandes temas energ&eacute;ticos, trabajan en la actualidad en la b&uacute;squeda de incorporar conductas en la gente y en los diferentes &aacute;mbitos p&uacute;blicos, para lograr la capacidad de alcanzar mayores beneficios con menos recursos y con el menor impacto sobre el medio ambiente.<\/p>\n<p>La cartera de Energ&iacute;a, encabezado por Marcos Zandomeni, junto a la Secretar&iacute;a de Energ&iacute;a de la Naci&oacute;n, promovieron el&nbsp;programa de &ldquo;Diagn&oacute;sticos Energ&eacute;ticos&rdquo;, destinadas a empresas PyMES que desarrollan sus acciones en nuestro territorio provincial, como as&iacute; tambi&eacute;n a industrias de diferentes rubros.<\/p>\n<p><strong>Diagn&oacute;sticos energ&eacute;ticos<\/strong><\/p>\n<p>Esta iniciativa que se encuentra en plena vigencia, apunta a que toda organizaci&oacute;n debe implementar medidas que permitan la reducci&oacute;n del consumo de energ&iacute;a el&eacute;ctrico, promoviendo el desarrollo de tecnolog&iacute;as limpias para la generaci&oacute;n de energ&iacute;a e impulsar el cambio de h&aacute;bitos y actitudes en sus actividades, con la finalidad de de conseguir una mayor eficiencia en el uso de la energ&iacute;a, determinando el uso racional de los recursos energ&eacute;ticos y preservaci&oacute;n de nuestro medio ambiente.<\/p>\n<p>M&aacute;s de 500 empresas e industrias participan de este importante proyecto, ya que s&oacute;lo asumen el 10 % del costo de los estudios de diagn&oacute;sticos y el 90 % restante, se trata de una Asignaci&oacute;n No Reembolsable (ANR) otorgada por la Secretar&iacute;a de Energ&iacute;a de la Naci&oacute;n mediante la donaci&oacute;n realizada por el Fondo para el Medio Ambiente Mundial (FMAM).<\/p>\n<p><a href=\"https:\/\/www.mendoza.gov.ar\/prensa\/wp-content\/uploads\/sites\/23\/DSC_1995.jpg\"><img loading=\"lazy\" class=\"alignnone  wp-image-41833 img-responsive center-block\" src=\"https:\/\/www.mendoza.gov.ar\/prensa\/wp-content\/uploads\/sites\/23\/DSC_1995.jpg\" alt=\"\" width=\"684\" height=\"456\"><\/a><\/p>\n<p>De acuerdo a ese diagn&oacute;stico en cada empresa o industria, comienza un proceso de acciones. A partir de un estudio de situaci&oacute;n y de la implementaci&oacute;n de estrategias para mejorar el uso eficiente y racional del consumo energ&eacute;tico, las PyMES fortalecen la competitividad con proyecci&oacute;n nacional, mediante el Sistema de Gesti&oacute;n de la Energ&iacute;a que integrado a la calidad, garantiza un camino seguro de mejoramiento continuo y optimizaci&oacute;n en todos los niveles de la empresa. Con esto, se logra aumentar la producci&oacute;n con misma cantidad de energ&iacute;a, disminuir el costo energ&eacute;tico de la industria y contribuir al medio ambiente reduciendo las emisiones de gases de efecto invernadero.<\/p>\n<p>Este programa conduce a la implementaci&oacute;n y certificaci&oacute;n de Normas IRAM en MIPyMES, al Sistema de Gesti&oacute;n Energ&eacute;tica ISO 50001 integrado con Calidad ISO 9001, con el fin de lograr que la empresa se integre a la sistematizaci&oacute;n de procesos, para mejorar sus m&eacute;todos y procedimientos internos y externos sobre la energ&iacute;a, que permite la competitividad con altos est&aacute;ndares de eficiencia energ&eacute;tica y uso racional de la energ&iacute;a.<\/p>\n<p><strong>Patrones de conductas<\/strong><\/p>\n<p>Para dar un ejemplo de programas que establecen patrones de conductas en distintos &aacute;mbitos laborales o semejantes, aqu&iacute; mencionamos algunos conceptos para tener en cuenta.<\/p>\n<p><strong>En la oficina:<\/strong><\/p>\n<ul>\n<li>Abrir persianas y cortinas durante el d&iacute;a de todas las ventanas existentes en el edificio.<\/li>\n<li>Apagar las luces despu&eacute;s de la jornada laboral o cuando nos retiramos por un tiempo determinado.<\/li>\n<li>Utilizaci&oacute;n de Eficiencia Energ&eacute;tica en computadoras, fotocopiadoras e impresoras l&aacute;ser, aparatos electr&oacute;nicos, etc. Programar el modo &ldquo;black Screen&rdquo; &ndash; pantalla en negro &ndash; los salvapantallas de los monitores es el &uacute;nico dispositivo que realiza el ahorro energ&eacute;tico.<\/li>\n<li>Apagar el aire acondicionado despu&eacute;s de la jornada laboral. Programar los equipos del tipo &ldquo;split&rdquo; para que enciendan media hora antes de la llegada a la oficina. Ajuste de temperatura sistema de calefacci&oacute;n y de aire acondicionado.<\/li>\n<li>Realizar tareas de mantenimiento y limpieza de filtros en los equipos de aire acondicionado.<\/li>\n<li>Reemplazar las l&aacute;mparas incandescentes por l&aacute;mparas fluorescentes compactas (consumen 5 veces menos).<\/li>\n<li>Equipamiento de oficina: adquirir fotocopiadoras, impresoras, computadoras, que cuenten con el sistema de ahorro de energ&iacute;a y de la capacidad que realmente se necesite.<\/li>\n<li>&nbsp;Segmentar los sistemas de iluminaci&oacute;n (luz artificial y luz natural) .<\/li>\n<li>Modificar los horarios de trabajo de manera que se utilicen menos equipos en el horario de punta.<\/li>\n<li>Nombrar un responsable del ahorro de energ&iacute;a.<\/li>\n<li>Capacitar a todo el personal sobre este tema.<\/li>\n<li>Colocar carteler&iacute;a que promueva el ahorro de energ&iacute;a.<\/li>\n<\/ul>\n<p><strong>En el hogar:<\/strong><\/p>\n<p>Si se multiplica por la cantidad de viviendas o conglomerados habitacionales y sectores industriales a lo largo y a lo ancho de una regi&oacute;n, la intensi&oacute;n de realizar ahorros energ&eacute;ticos, se logra alcanzar importantes niveles de ahorro sobre el sistema de consumo. Aqu&iacute;, algunos consejos:<\/p>\n<ul>\n<li>Controlar que no existan fugas de corriente el&eacute;ctrica en la instalaci&oacute;n de su vivienda.<\/li>\n<li>Hacer buen uso de los electrodom&eacute;sticos de la casa: plancha, lavarropas, microondas, heladeras, etc.<\/li>\n<li>Evitar el uso de duchas y calefactores el&eacute;ctricos.<\/li>\n<li>Desconectar equipos ociosos.<\/li>\n<li>Reemplazar&nbsp;l&aacute;mparas incandescentes por l&aacute;mparas fluorescentes compactas (consumen 5 veces menos).<\/li>\n<li>Aprovechar la luz natural: abrir persianas y cortinas durante el d&iacute;a. Pintar con colores claros.<\/li>\n<li>Apagar las luces cuando te retiras de la habitaci&oacute;n.<\/li>\n<li>Controlar y reparar posibles fugas de aire y si es necesario cambiar las ventanas rotas. Cubrir con film especial los vidrios de los espacios de encierro.<\/li>\n<li>Programar con la temperatura necesaria la temperatura de los termotanques de agua.<\/li>\n<li>Apagar el aire acondicionado al retirarnos del hogar. Programar los equipos del tipo &ldquo;split&rdquo; para que enciendan media hora antes de la llegada a casa.<\/li>\n<li>Ajustar la temperatura del sistema de calefacci&oacute;n y de aire acondicionado.<\/li>\n<li>Realizar tareas de mantenimiento y limpieza de filtros en los equipos de aire acondicionado.<\/li>\n<li>Controlar la factura emitida por la empresa el&eacute;ctrica que suministra el servicio el&eacute;ctrico.<\/li>\n<\/ul>\n<p><strong>Transporte (c&oacute;mo movilizarnos)<\/strong><\/p>\n<ul>\n<li>No utilizar el autom&oacute;vil para trayectos cortos.<br>\nUtilizar m&aacute;s el transporte p&uacute;blico: colectivos, veh&iacute;culos de alquiler temporario, metrotranv&iacute;a, subterr&aacute;neos, trenes, etc.<\/li>\n<li>Implementar mejoras en el dise&ntilde;o aerodin&aacute;mico de los autom&oacute;viles y de nuevas tecnolog&iacute;as en los motores.<\/li>\n<li>Uso de combustibles alternativos.<\/li>\n<\/ul>\n<p><strong>Consecuencias por el aumento en el consumo energ&eacute;tico<\/strong>:<\/p>\n<p>&ndash; Deterioro del sistema de salud en la poblaci&oacute;n (mayor requerimiento de asistencia m&eacute;dica).<\/p>\n<p>&ndash; P&eacute;rdidas econ&oacute;micas en la actividad agropecuaria: acidificaci&oacute;n de los suelos, escasez del recurso agua.<\/p>\n<p>&ndash; Impacto sobre los recursos naturales: p&eacute;rdida de la biodiversidad, contaminaci&oacute;n del agua, disminuci&oacute;n de la actividad pesquera por la contaminaci&oacute;n de las aguas.<\/p>\n<p>-Deterioro social y cultural de los grupos poblacionales que son trasladados ante la ejecuci&oacute;n de una represa.<\/p>\n<\/body><\/html>\n","protected":false},"excerpt":{"rendered":"El Ministerio de Energ\u00eda promociona la incorporaci\u00f3n de h\u00e1bitos \u00fatiles que permitan alcanzar variables sustentables en el proceso de desarrollo y el uso adecuado del sistema energ\u00e9tico.","protected":false},"author":3,"featured_media":41832,"comment_status":"open","ping_status":"open","sticky":false,"template":"","format":"standard","meta":[],"categories":[1],"tags":[],"_links":{"self":[{"href":"https:\/\/www.mendoza.gov.ar\/prensa\/wp-json\/wp\/v2\/posts\/41795"}],"collection":[{"href":"https:\/\/www.mendoza.gov.ar\/prensa\/wp-json\/wp\/v2\/posts"}],"about":[{"href":"https:\/\/www.mendoza.gov.ar\/prensa\/wp-json\/wp\/v2\/types\/post"}],"author":[{"embeddable":true,"href":"https:\/\/www.mendoza.gov.ar\/prensa\/wp-json\/wp\/v2\/users\/3"}],"replies":[{"embeddable":true,"href":"https:\/\/www.mendoza.gov.ar\/prensa\/wp-json\/wp\/v2\/comments?post=41795"}],"version-history":[{"count":0,"href":"https:\/\/www.mendoza.gov.ar\/prensa\/wp-json\/wp\/v2\/posts\/41795\/revisions"}],"wp:featuredmedia":[{"embeddable":true,"href":"https:\/\/www.mendoza.gov.ar\/prensa\/wp-json\/wp\/v2\/media\/41832"}],"wp:attachment":[{"href":"https:\/\/www.mendoza.gov.ar\/prensa\/wp-json\/wp\/v2\/media?parent=41795"}],"wp:term":[{"taxonomy":"category","embeddable":true,"href":"https:\/\/www.mendoza.gov.ar\/prensa\/wp-json\/wp\/v2\/categories?post=41795"},{"taxonomy":"post_tag","embeddable":true,"href":"https:\/\/www.mendoza.gov.ar\/prensa\/wp-json\/wp\/v2\/tags?post=41795"}],"curies":[{"name":"wp","href":"https:\/\/api.w.org\/{rel}","templated":true}]}}