{"id":41814,"date":"2015-10-01T12:28:23","date_gmt":"2015-10-01T15:28:23","guid":{"rendered":"http:\/\/prensa.mendoza.gov.ar\/?p=41814"},"modified":"2015-10-01T12:28:23","modified_gmt":"2015-10-01T15:28:23","slug":"jornada-sobre-herramientas-de-productividad-en-casa-de-mendoza","status":"publish","type":"post","link":"https:\/\/www.mendoza.gov.ar\/prensa\/jornada-sobre-herramientas-de-productividad-en-casa-de-mendoza\/","title":{"rendered":"Jornada sobre Herramientas de Productividad en Casa de Mendoza"},"content":{"rendered":"<!DOCTYPE html PUBLIC \"-\/\/W3C\/\/DTD HTML 4.0 Transitional\/\/EN\" \"http:\/\/www.w3.org\/TR\/REC-html40\/loose.dtd\">\n<html><body><p>Casa de Mendoza &nbsp;realiz&oacute; una Jornada sobre Herramientas de Productividad: c&oacute;mo administrar mi tiempo, energ&iacute;a y foco para ser m&aacute;s productivo, a cargo del Lic. Nahuel Garc&iacute;a Buscemi.<\/p>\n<p>Buscemi otorg&oacute; al nutrido p&uacute;blico presente, herramientas para concretar las metas y los objetivos en sus proyectos y emprendimientos -y no morir en el intento-, es fundamental conocer e implementar estrategias y metodolog&iacute;as de productividad.<\/p>\n<p>El Licenciado Nahuel Garc&iacute;a Buscemi es especialista en guiar a las personas hacia sus metas, es Coach Ontol&oacute;gico Profesional avalado por la Asociaci&oacute;n Argentina de Profesionales del Coaching &ndash;AAPC&ndash; y licenciado en Administraci&oacute;n de Empresas con orientaci&oacute;n en Marketing por la Universidad de Buenos Aires.<\/p>\n<p>Esta jornada fue abierta y gratuita donde el p&uacute;blico pudo obtener estrategias puntuales y pr&aacute;cticas para implementar en tu d&iacute;a laboral y personal para lograr m&aacute;s en menos tiempo. Descubrieron metodolog&iacute;as para trabajar de forma eficaz y ahorrar tiempo y energ&iacute;a.<\/p>\n<p>Los asistentes pudieron aprender, debatir y plantarse nuevas preguntas y respuestas en sus emprendimientos presentes y futuros.<\/p>\n<\/body><\/html>\n","protected":false},"excerpt":{"rendered":"Tuvo como temas: C\u00f3mo administrar mi tiempo, energ\u00eda y foco para ser m\u00e1s productivo y estuvo a cargo del Lic. Nahuel Garc\u00eda Buscemi.","protected":false},"author":3,"featured_media":41815,"comment_status":"open","ping_status":"open","sticky":false,"template":"","format":"standard","meta":[],"categories":[1],"tags":[],"_links":{"self":[{"href":"https:\/\/www.mendoza.gov.ar\/prensa\/wp-json\/wp\/v2\/posts\/41814"}],"collection":[{"href":"https:\/\/www.mendoza.gov.ar\/prensa\/wp-json\/wp\/v2\/posts"}],"about":[{"href":"https:\/\/www.mendoza.gov.ar\/prensa\/wp-json\/wp\/v2\/types\/post"}],"author":[{"embeddable":true,"href":"https:\/\/www.mendoza.gov.ar\/prensa\/wp-json\/wp\/v2\/users\/3"}],"replies":[{"embeddable":true,"href":"https:\/\/www.mendoza.gov.ar\/prensa\/wp-json\/wp\/v2\/comments?post=41814"}],"version-history":[{"count":0,"href":"https:\/\/www.mendoza.gov.ar\/prensa\/wp-json\/wp\/v2\/posts\/41814\/revisions"}],"wp:featuredmedia":[{"embeddable":true,"href":"https:\/\/www.mendoza.gov.ar\/prensa\/wp-json\/wp\/v2\/media\/41815"}],"wp:attachment":[{"href":"https:\/\/www.mendoza.gov.ar\/prensa\/wp-json\/wp\/v2\/media?parent=41814"}],"wp:term":[{"taxonomy":"category","embeddable":true,"href":"https:\/\/www.mendoza.gov.ar\/prensa\/wp-json\/wp\/v2\/categories?post=41814"},{"taxonomy":"post_tag","embeddable":true,"href":"https:\/\/www.mendoza.gov.ar\/prensa\/wp-json\/wp\/v2\/tags?post=41814"}],"curies":[{"name":"wp","href":"https:\/\/api.w.org\/{rel}","templated":true}]}}