{"id":41840,"date":"2015-10-02T09:36:24","date_gmt":"2015-10-02T12:36:24","guid":{"rendered":"http:\/\/prensa.mendoza.gov.ar\/?p=41840"},"modified":"2015-10-02T09:36:24","modified_gmt":"2015-10-02T12:36:24","slug":"se-preve-una-produccion-de-ajo-mas-diversa-y-de-mejor-calidad","status":"publish","type":"post","link":"https:\/\/www.mendoza.gov.ar\/prensa\/se-preve-una-produccion-de-ajo-mas-diversa-y-de-mejor-calidad\/","title":{"rendered":"Se prev\u00e9 una producci\u00f3n de ajo m\u00e1s diversa y de mejor calidad"},"content":{"rendered":"<!DOCTYPE html PUBLIC \"-\/\/W3C\/\/DTD HTML 4.0 Transitional\/\/EN\" \"http:\/\/www.w3.org\/TR\/REC-html40\/loose.dtd\">\n<html><body><p>El Ministerio de Agroindustria y Tecnolog&iacute;a present&oacute; la Estimaci&oacute;n de la Superficie Hort&iacute;cola Invernal Cultivada en Mendoza, temporada 2015.<\/p>\n<p>El informe revela que creci&oacute; la cantidad de ajo blanco respecto de la temporada anterior,lo cual indica que la producci&oacute;n de esta temporada ser&aacute; m&aacute;s diversa. Marcelo Costa, titular de la cartera, subray&oacute; los esfuerzos de la Provincia para que el productor mejore sus ganancias.<\/p>\n<p>&ldquo;El manejo de informaci&oacute;n es estrat&eacute;gico a la hora de comercializar la producci&oacute;n, por eso hay que destacar la decisi&oacute;n del gobierno Provincial de destinar fondos para hacer este relevamiento y ofrecerlo gratuitamente a los productores&rdquo; dijo el titular de Agroindustria, en la presentaci&oacute;n del informe que se desarroll&oacute; en Casa de Gobierno.<\/p>\n<p>La Estimaci&oacute;n, destaca que de la superficie implantada con ajo en esta temporada es de 8.370 hect&aacute;reas, esto representa una disminuci&oacute;n del 14 % (equivalente a 1.331 ha menos) respecto del ciclo anterior. Seg&uacute;n explicaron los t&eacute;cnicos del Instituto de Desarrollo Rural, organismo a cargo del relevamiento, &ldquo;la reducci&oacute;n de la superficie se debe a que los productores est&aacute;n inclin&aacute;ndose por un producto de mejor calidad.&rdquo;<\/p>\n<p><b>Superficie cultivada<\/b><\/p>\n<p>La extensi&oacute;n implantada con ajo representa el 66% del total de las hortalizas en la Provincia. Desagregada por variedad, los ajos blancos y blancos tempranos aumentaron la superficie respecto a la temporada anterior y &nbsp;la superficie de colorados y morados disminuy&oacute;. En ese orden, el ajo colorado tom&oacute; el primer lugar con 4.146 hect&aacute;reas y el 49 % de la superficie &nbsp;de ajo total, el ajo morado alcanz&oacute; las 2.997 hect&aacute;reas y representa el 36 %.<\/p>\n<p>Los ajos blancos criollos sumaron las 722 ha en toda la provincia e incrementaron su superficie con respecto a la temporada anterior revirtiendo la tendencia de ca&iacute;da de la &uacute;ltima d&eacute;cada. Esta superficie representa el 9 % del total.<\/p>\n<p>De hecho, la &uacute;nica hortaliza que increment&oacute; la superficie fue el &nbsp;ajo en los tipos comerciales blanco y blanco temprano, el resto de las especies (zanahoria, cebolla, lechuga, repollo, br&oacute;coli, arveja, ajo colorado y ajo morado dentro de las m&aacute;s importantes) disminuyeron.<\/p>\n<p>Respecto de la superficie total, el relevamiento precisa que las hortalizas invernales en Mendoza alcanza un total de 12.626. Esto representa una disminuci&oacute;n del 16% con respecto a la temporada 2014 pero se condice con el promedio hist&oacute;rico.<\/p>\n<p>En ese marco, las principales especies cultivadas en &nbsp;son: ajo, zanahoria y cebolla temprana, las cuales alcanzan el 82 % de la superficie hort&iacute;cola invernal total.<\/p>\n<p>En referencia a la ubicaci&oacute;n de los cultivos, la zona centro (Maip&uacute;, Guaymall&eacute;n y Luj&aacute;n de Cuyo) y el Valle de Uco (San Carlos, Tupungato, Tunuy&aacute;n) &nbsp;contin&uacute;an liderando la horticultura mendocina, con el 76 % del total de hect&aacute;reas de la provincia. En tanto que Maip&uacute;, San Carlos, Tupungato y Lavalle re&uacute;nen el 71 % de la superficie hort&iacute;cola invernal provincial.<\/p>\n<p>La estimaci&oacute;n de la Superficie Hort&iacute;cola Invernal Cultivada en Mendoza fue elaborada por el Instituto de Desarrollo Rural (IDR) a trav&eacute;s de su &aacute;rea de Desarrollo Hort&iacute;cola.&nbsp; Este organismo, dependiente del Ministerio de Agroindustria y Tecnolog&iacute;a, trabaja en la producci&oacute;n de informaci&oacute;n estrat&eacute;gica para el sector productivo. Los datos pueden consultarse en <a href=\"https:\/\/www.idr.org.ar\/\" target=\"_blank\">https:\/\/www.idr.org.ar\/<\/a><\/p>\n<p>La presentaci&oacute;n del relevamiento se realiz&oacute; en el Sal&oacute;n de los Acuerdos del Ministerio de Agroindustria y Tecnolog&iacute;a. Participaron autoridades de la cartera, del IDR y empresarios del sector hort&iacute;cola.<\/p>\n<\/body><\/html>\n","protected":false},"excerpt":{"rendered":"As\u00ed lo manifiesta la Estimaci\u00f3n de la Superficie Hort\u00edcola Invernal 2015. Ajo, cebolla y zanahoria son las principales especies de este ciclo.","protected":false},"author":3,"featured_media":0,"comment_status":"open","ping_status":"open","sticky":false,"template":"","format":"standard","meta":[],"categories":[1],"tags":[],"_links":{"self":[{"href":"https:\/\/www.mendoza.gov.ar\/prensa\/wp-json\/wp\/v2\/posts\/41840"}],"collection":[{"href":"https:\/\/www.mendoza.gov.ar\/prensa\/wp-json\/wp\/v2\/posts"}],"about":[{"href":"https:\/\/www.mendoza.gov.ar\/prensa\/wp-json\/wp\/v2\/types\/post"}],"author":[{"embeddable":true,"href":"https:\/\/www.mendoza.gov.ar\/prensa\/wp-json\/wp\/v2\/users\/3"}],"replies":[{"embeddable":true,"href":"https:\/\/www.mendoza.gov.ar\/prensa\/wp-json\/wp\/v2\/comments?post=41840"}],"version-history":[{"count":0,"href":"https:\/\/www.mendoza.gov.ar\/prensa\/wp-json\/wp\/v2\/posts\/41840\/revisions"}],"wp:attachment":[{"href":"https:\/\/www.mendoza.gov.ar\/prensa\/wp-json\/wp\/v2\/media?parent=41840"}],"wp:term":[{"taxonomy":"category","embeddable":true,"href":"https:\/\/www.mendoza.gov.ar\/prensa\/wp-json\/wp\/v2\/categories?post=41840"},{"taxonomy":"post_tag","embeddable":true,"href":"https:\/\/www.mendoza.gov.ar\/prensa\/wp-json\/wp\/v2\/tags?post=41840"}],"curies":[{"name":"wp","href":"https:\/\/api.w.org\/{rel}","templated":true}]}}