{"id":41853,"date":"2015-10-02T11:10:58","date_gmt":"2015-10-02T14:10:58","guid":{"rendered":"http:\/\/prensa.mendoza.gov.ar\/?p=41853"},"modified":"2015-10-02T11:10:58","modified_gmt":"2015-10-02T14:10:58","slug":"ya-se-toman-denuncias-por-los-danos-ocasionados-por-el-granizo","status":"publish","type":"post","link":"https:\/\/www.mendoza.gov.ar\/prensa\/ya-se-toman-denuncias-por-los-danos-ocasionados-por-el-granizo\/","title":{"rendered":"Ya se toman denuncias por los da\u00f1os ocasionados por el granizo"},"content":{"rendered":"<!DOCTYPE html PUBLIC \"-\/\/W3C\/\/DTD HTML 4.0 Transitional\/\/EN\" \"http:\/\/www.w3.org\/TR\/REC-html40\/loose.dtd\">\n<html><body><p>El Ministerio de Agroindustria y Tecnolog&iacute;a, a trav&eacute;s de la Direcci&oacute;n de Agricultura y Contingencias Clim&aacute;ticas (DACC) realiz&oacute; la evaluaci&oacute;n de los da&ntilde;os ocasionados por granizo del 24 de septiembre en el oasis Este y en el Valle de Uco.<\/p>\n<p>El informe elaborado, detalla que en el Valle de Uco las zonas m&aacute;s afectadas fureon : La Arboleda, El Zampal, Tupungato Centro, Gualtallary, Cord&oacute;n del Plata. En este &aacute;rea el da&ntilde;o observado en los cultivos, no alcanza un porcentaje que comprometa el n&uacute;mero m&iacute;nimo de frutos requeridos para la cosecha completa.<\/p>\n<p>En cuanto al oasis este, la tormenta afect&oacute; a distritos de tres departamentos:<\/p>\n<ul>\n<li>En San Mart&iacute;n las localidades de Alto Verde, Buen Orden, Palmira, Ciudad, El Rambl&oacute;n, Montecaseros, Alto Salvador, El Divisadero, Las Chimbas, Chapanay.<\/li>\n<li>En Jun&iacute;n: Medrano, Rodr&iacute;guez Pe&ntilde;a, Los Barriales, Ciudad, La Colonia, Mundo Nuevo, Phillips, Alto Verde, Algarrobo Grande y<\/li>\n<li>En Rivadavia: Reducci&oacute;n, Medrano, Los &Auml;rboles, Andrade, Los Campamentos, Santa Mar&iacute;a de Oro, Mundo Nuevo, El Mirador.<\/li>\n<\/ul>\n<p>En este oasis de acuerdo al relevamiento realizado, resultaron mayormente afectados frutales de carozo y en menor medida las variedades de vid, en las cuales la brotaci&oacute;n ya ha iniciado.<\/p>\n<p>Aquellos productores que hayan sufrido da&ntilde;os en sus cultivos, ya pueden acercarse a la delegaci&oacute;n de la DACC m&aacute;s cercana a su domicilio. Se debe tener remarcar que los afectados cuentan con 10 d&iacute;as h&aacute;biles para radicar la denuncia despu&eacute;s de ocurrido el siniestro.<\/p>\n<\/body><\/html>\n","protected":false},"excerpt":{"rendered":"Los productores agr\u00edcolas afectados deber\u00e1n acercarse a las delegaciones de la Direcci\u00f3n de Agricultura y Contingencias Clim\u00e1ticas","protected":false},"author":3,"featured_media":0,"comment_status":"open","ping_status":"open","sticky":false,"template":"","format":"standard","meta":[],"categories":[1],"tags":[],"_links":{"self":[{"href":"https:\/\/www.mendoza.gov.ar\/prensa\/wp-json\/wp\/v2\/posts\/41853"}],"collection":[{"href":"https:\/\/www.mendoza.gov.ar\/prensa\/wp-json\/wp\/v2\/posts"}],"about":[{"href":"https:\/\/www.mendoza.gov.ar\/prensa\/wp-json\/wp\/v2\/types\/post"}],"author":[{"embeddable":true,"href":"https:\/\/www.mendoza.gov.ar\/prensa\/wp-json\/wp\/v2\/users\/3"}],"replies":[{"embeddable":true,"href":"https:\/\/www.mendoza.gov.ar\/prensa\/wp-json\/wp\/v2\/comments?post=41853"}],"version-history":[{"count":0,"href":"https:\/\/www.mendoza.gov.ar\/prensa\/wp-json\/wp\/v2\/posts\/41853\/revisions"}],"wp:attachment":[{"href":"https:\/\/www.mendoza.gov.ar\/prensa\/wp-json\/wp\/v2\/media?parent=41853"}],"wp:term":[{"taxonomy":"category","embeddable":true,"href":"https:\/\/www.mendoza.gov.ar\/prensa\/wp-json\/wp\/v2\/categories?post=41853"},{"taxonomy":"post_tag","embeddable":true,"href":"https:\/\/www.mendoza.gov.ar\/prensa\/wp-json\/wp\/v2\/tags?post=41853"}],"curies":[{"name":"wp","href":"https:\/\/api.w.org\/{rel}","templated":true}]}}