{"id":41925,"date":"2015-10-05T00:51:37","date_gmt":"2015-10-05T03:51:37","guid":{"rendered":"http:\/\/prensa.mendoza.gov.ar\/?p=41925"},"modified":"2015-10-05T00:51:37","modified_gmt":"2015-10-05T03:51:37","slug":"mendoza-participa-en-el-festival-gastronomico-raiz-2015-en-buenos-aires","status":"publish","type":"post","link":"https:\/\/www.mendoza.gov.ar\/prensa\/mendoza-participa-en-el-festival-gastronomico-raiz-2015-en-buenos-aires\/","title":{"rendered":"Mendoza particip\u00f3 en el festival gastron\u00f3mico Ra\u00edz 2015 en Buenos Aires"},"content":{"rendered":"<!DOCTYPE html PUBLIC \"-\/\/W3C\/\/DTD HTML 4.0 Transitional\/\/EN\" \"http:\/\/www.w3.org\/TR\/REC-html40\/loose.dtd\">\n<html><body><p>El Ministerio de Agroindustria y Tecnolog&iacute;a, a trav&eacute;s del Instituto de Desarrollo Comercial (IDC), particip&oacute; una vez m&aacute;s en el evento gastron&oacute;mico m&aacute;s importante a nivel nacional, Ra&iacute;z 2015 que se extendi&oacute; hasta &nbsp;ayer domingo en Buenos Aires.<\/p>\n<p>El encuentro, que se desarroll&oacute; en el espacio de Ciencia y Tecnolog&iacute;a Tecn&oacute;polis, y atrajo a compradores de todo el pa&iacute;s interesados en adquirir productos de calidad y precio ya que en el 90% de los casos son los propios due&ntilde;os de las empresas quienes comercializan sus productos de forma directa al consumidor.<\/p>\n<p>En esta &nbsp;oportunidad viajaron a Buenos Aires 10 empresas productoras de vinos, aceites, acetos, productos gourmet y delicatessen, frutos secos y especias oriundos de Luj&aacute;n de Cuyo, San Mart&iacute;n, Guaymall&eacute;n, Maip&uacute;, San Rafael, Capital, Godoy Cruz, Las Heras y Tupungato.<\/p>\n<p>Nicol&aacute;s Gabardos, titular de Vinos Luna Roja, sostuvo que &ldquo;este tipo de actividades son sumamente interesantes a la hora de concretar nuevos negocios a nivel nacional ya que no solo asisten a la feria familias interesadas en adquirir productos para consumir, sino que adem&aacute;s hemos notado, a diferencia de a&ntilde;os anteriores, la presencia de due&ntilde;os de restoranes, distribuidoras, tiendas gourmet y hasta peque&ntilde;os supermercados. Esto nos permite llegar a lugares que no ten&iacute;amos previsto visitar por el hecho de que la feria en si demanda muchas horas de trabajo&rdquo;<\/p>\n<p>En tanto, Mat&iacute;as Fantagussi de OFA Wines remarc&oacute;: &ldquo;Es la segunda vez que participamos de esta feria y que llegamos gracias al aporte del IDC. Para nuestra empresa es muy importante este aporte ya que incurrir&iacute;amos en importantes gastos si tuvi&eacute;ramos que participar por medios propios.<\/p>\n<p><strong>Los que viajan<\/strong><\/p>\n<p>Desde Mendoza viajaron: Bodegas y Vi&ntilde;edos OFA, Frutta Roja (Productos Gourmet), Bodega Luna Roja, Bodega Valle del Indio, Sabores Jucamar (productos gourmet y delicatessen), Oliv&iacute;cola Libanti, Oliv&iacute;colas Piuqu&eacute; y Mar&iacute;a Ravida, Oliv&iacute;cola Oilco, Cuyo Aromas y C&aacute;scara Morena<\/p>\n<p><strong>Sobre la Feria<\/strong><\/p>\n<p>En el marco del festival, hubo un mercado de productos argentinos que cuenta con la presencia de cientos de productores de todo el pa&iacute;s, donde los visitantes pueden probar y adquirir los m&aacute;s diversos alimentos, desde quesos artesanales hasta especias y las &uacute;ltimas elaboraciones gourmet.<\/p>\n<p>Tambi&eacute;n hubieron espacios dedicados a los m&aacute;s chiquitos, distintas fiestas regionales, restaurantes como as&iacute; tambi&eacute;n la presencia de destacados cocineros de todo el pa&iacute;s.<\/p>\n<p>La actividad se extiendi&oacute; a lo largo de todo el d&iacute;a donde los visitantes tuvieron la oportunidad de recorrer el predio del festival como as&iacute; tambi&eacute;n el resto de las atracciones tecnol&oacute;gicas que se ofrecen a todo el p&uacute;blico de manera gratuita.<\/p>\n<\/body><\/html>\n","protected":false},"excerpt":{"rendered":"Son 10 las empresas productoras de la provincia que ofrecieron su producci\u00f3n en Tecn\u00f3polis.","protected":false},"author":3,"featured_media":41711,"comment_status":"open","ping_status":"open","sticky":false,"template":"","format":"standard","meta":[],"categories":[1],"tags":[],"_links":{"self":[{"href":"https:\/\/www.mendoza.gov.ar\/prensa\/wp-json\/wp\/v2\/posts\/41925"}],"collection":[{"href":"https:\/\/www.mendoza.gov.ar\/prensa\/wp-json\/wp\/v2\/posts"}],"about":[{"href":"https:\/\/www.mendoza.gov.ar\/prensa\/wp-json\/wp\/v2\/types\/post"}],"author":[{"embeddable":true,"href":"https:\/\/www.mendoza.gov.ar\/prensa\/wp-json\/wp\/v2\/users\/3"}],"replies":[{"embeddable":true,"href":"https:\/\/www.mendoza.gov.ar\/prensa\/wp-json\/wp\/v2\/comments?post=41925"}],"version-history":[{"count":0,"href":"https:\/\/www.mendoza.gov.ar\/prensa\/wp-json\/wp\/v2\/posts\/41925\/revisions"}],"wp:featuredmedia":[{"embeddable":true,"href":"https:\/\/www.mendoza.gov.ar\/prensa\/wp-json\/wp\/v2\/media\/41711"}],"wp:attachment":[{"href":"https:\/\/www.mendoza.gov.ar\/prensa\/wp-json\/wp\/v2\/media?parent=41925"}],"wp:term":[{"taxonomy":"category","embeddable":true,"href":"https:\/\/www.mendoza.gov.ar\/prensa\/wp-json\/wp\/v2\/categories?post=41925"},{"taxonomy":"post_tag","embeddable":true,"href":"https:\/\/www.mendoza.gov.ar\/prensa\/wp-json\/wp\/v2\/tags?post=41925"}],"curies":[{"name":"wp","href":"https:\/\/api.w.org\/{rel}","templated":true}]}}