{"id":41987,"date":"2015-10-05T13:26:47","date_gmt":"2015-10-05T16:26:47","guid":{"rendered":"http:\/\/prensa.mendoza.gov.ar\/?p=41987"},"modified":"2015-10-05T13:26:47","modified_gmt":"2015-10-05T16:26:47","slug":"agroindustria-realizara-un-concurso-para-desarrolar-lamarca-del-consejo-consultivo-emprendedor","status":"publish","type":"post","link":"https:\/\/www.mendoza.gov.ar\/prensa\/agroindustria-realizara-un-concurso-para-desarrolar-lamarca-del-consejo-consultivo-emprendedor\/","title":{"rendered":"Agroindustria realizar\u00e1 un concurso para desarrollar la marca del Consejo Consultivo Emprendedor"},"content":{"rendered":"<!DOCTYPE html PUBLIC \"-\/\/W3C\/\/DTD HTML 4.0 Transitional\/\/EN\" \"http:\/\/www.w3.org\/TR\/REC-html40\/loose.dtd\">\n<html><body><p>El Ministerio de Agroindustria y Tecnolog&iacute;a, a trav&eacute;s del Instituto de Desarrollo Industrial, Tecnol&oacute;gico y de Servicios (IDITS) invita a participar del concurso para desarrollar el logotipo\/isologo e Identidad de marca bajo el nombre Consejo Consultivo Emprendedor &ndash; Mendoza.<\/p>\n<p>La iniciativa est&aacute; dirigida a estudiantes y graduados con menos de un a&ntilde;o de recibido (al momento de la presentaci&oacute;n del trabajo) de las carreras de Publicidad, Comunicaci&oacute;n, Marketing,&nbsp; Dise&ntilde;o (Gr&aacute;fico, Industrial, de Producto, etc.).<\/p>\n<p>Para mayor informaci&oacute;n se podr&aacute; consultar al correo electr&oacute;nico <a href=\"mailto:lcastellino@mendoza.gov.ar\">lcastellino@mendoza.gov.ar<\/a> . Las propuestas deber&aacute;n presentarse en la sede del IDITS, ubicada en &nbsp;Juli&aacute;n Barraquero 130 de Ciudad.<\/p>\n<\/body><\/html>\n","protected":false},"excerpt":{"rendered":"El certamen est\u00e1 dirigido a estudiantes o graduados de carreras de Publicidad, Comunicaci\u00f3n, Marketing,  Dise\u00f1o. Hay tiempo hasta el 30 de octubre para participar. ","protected":false},"author":3,"featured_media":0,"comment_status":"open","ping_status":"open","sticky":false,"template":"","format":"standard","meta":[],"categories":[1],"tags":[],"_links":{"self":[{"href":"https:\/\/www.mendoza.gov.ar\/prensa\/wp-json\/wp\/v2\/posts\/41987"}],"collection":[{"href":"https:\/\/www.mendoza.gov.ar\/prensa\/wp-json\/wp\/v2\/posts"}],"about":[{"href":"https:\/\/www.mendoza.gov.ar\/prensa\/wp-json\/wp\/v2\/types\/post"}],"author":[{"embeddable":true,"href":"https:\/\/www.mendoza.gov.ar\/prensa\/wp-json\/wp\/v2\/users\/3"}],"replies":[{"embeddable":true,"href":"https:\/\/www.mendoza.gov.ar\/prensa\/wp-json\/wp\/v2\/comments?post=41987"}],"version-history":[{"count":0,"href":"https:\/\/www.mendoza.gov.ar\/prensa\/wp-json\/wp\/v2\/posts\/41987\/revisions"}],"wp:attachment":[{"href":"https:\/\/www.mendoza.gov.ar\/prensa\/wp-json\/wp\/v2\/media?parent=41987"}],"wp:term":[{"taxonomy":"category","embeddable":true,"href":"https:\/\/www.mendoza.gov.ar\/prensa\/wp-json\/wp\/v2\/categories?post=41987"},{"taxonomy":"post_tag","embeddable":true,"href":"https:\/\/www.mendoza.gov.ar\/prensa\/wp-json\/wp\/v2\/tags?post=41987"}],"curies":[{"name":"wp","href":"https:\/\/api.w.org\/{rel}","templated":true}]}}