{"id":42017,"date":"2015-10-07T07:03:06","date_gmt":"2015-10-07T10:03:06","guid":{"rendered":"http:\/\/prensa.mendoza.gov.ar\/?p=42017"},"modified":"2015-10-07T07:03:06","modified_gmt":"2015-10-07T10:03:06","slug":"el-avance-de-generacion-distribuida-puso-a-diez-bibliotecas-publicas-en-pleno-funcionamiento-en-mendoza","status":"publish","type":"post","link":"https:\/\/www.mendoza.gov.ar\/prensa\/el-avance-de-generacion-distribuida-puso-a-diez-bibliotecas-publicas-en-pleno-funcionamiento-en-mendoza\/","title":{"rendered":"Mendoza ya tiene diez bibliotecas p\u00fablicas con uso de energ\u00edas alternativas"},"content":{"rendered":"<!DOCTYPE html PUBLIC \"-\/\/W3C\/\/DTD HTML 4.0 Transitional\/\/EN\" \"http:\/\/www.w3.org\/TR\/REC-html40\/loose.dtd\">\n<html><body><p>El Ministerio de Energ&iacute;a de la provincia llev&oacute; adelante tareas espec&iacute;ficas para sostener un plan de aplicaci&oacute;n sobre conceptos b&aacute;sicos de Eficiencia Energ&eacute;tica (EE), que conducen a la utilizaci&oacute;n correcta y optimizaci&oacute;n de la energ&iacute;a, con un fuerte perfil descentralizador del sistema energ&eacute;tico provincial.<\/p>\n<p>La Generaci&oacute;n Distribuida (GD) se presenta como una modalidad que aporta al desarrollo de la actividad econ&oacute;mica de la regi&oacute;n y como tal, el Gobierno de Mendoza ya tiene en funcionamiento diez bibliotecas p&uacute;blicas en la provincia con estas nuevas tecnolog&iacute;as.<\/p>\n<p>La GD se instala en la provincia como una v&iacute;a de descentralizaci&oacute;n de la energ&iacute;a necesaria para un lugar determinado, una vivienda espec&iacute;fica o edificios p&uacute;blicos que generan electricidad por medio de numerosas fuentes de energ&iacute;a de tama&ntilde;o reducido, en lugares pr&oacute;ximos a las posibles cargas y la que no es utilizada, se vuelca a la red del sistema convencional.<\/p>\n<p>El ministro de Energ&iacute;a, Marcos Zandomeni, se&ntilde;al&oacute; que &ldquo;tanto la provisi&oacute;n como la distribuci&oacute;n de energ&iacute;a tienen un rol fundamental en el desarrollo econ&oacute;mico de Mendoza. El resto de las variables del sector productivo y econ&oacute;mico se relacionan con las variables energ&eacute;ticas en la conformaci&oacute;n de la matriz productiva provincial&rdquo;.<\/p>\n<p><strong>La GD en la provincia<\/strong><\/p>\n<p>Esta nueva forma de energ&iacute;a comienza a traccionar sin inconvenientes, dado las reglamentaciones necesarias y gracias a las inversiones realizadas para su implementaci&oacute;n en la provincia, ya que esto, implica la utilizaci&oacute;n de interconexiones de sistemas fotovoltaicos como red el&eacute;ctrica en distintos ambientes urbanos o rurales. Tras lograr la correspondiente reglamentaci&oacute;n de la nueva Norma de GD, se inici&oacute; un in&eacute;dito proceso de implementaci&oacute;n que modifica una realidad de cara al futuro provincial. Esto, permitir&aacute; llevar adelante un gran paso a la &ldquo;democratizaci&oacute;n de la energ&iacute;a&rdquo;. <a title=\"Ver video\" href=\"https:\/\/www.youtube.com\/watch?t=8&amp;v=AvJv-MLp9lk\"> (Generaci&oacute;n Distribuida)<\/a><\/p>\n<p>En referencia a la producci&oacute;n mediante fuentes alternativas y GD, el titular de Energ&iacute;a indic&oacute; que ya se han hecho importantes avances en t&eacute;rminos normativos y de regulaci&oacute;n de la actividad, por lo que ya se ha comenzado con las primeras experiencias que permitan evaluar c&oacute;mo ser&aacute; la producci&oacute;n de energ&iacute;a domiciliaria y la incorporaci&oacute;n de esos excedentes en la red el&eacute;ctrica. &ldquo;En Mendoza, est&aacute;n latente todo el a&ntilde;o las posibilidades de inversiones y &eacute;stas a su vez, tienen que ver con la existencia de log&iacute;stica que permita la implementaci&oacute;n de las actividades productivas&rdquo;, explic&oacute; Zandomeni.<\/p>\n<p>Se destaca que la Provincia contin&uacute;a incorporando tecnolog&iacute;as para EE en edificios p&uacute;blicos, como las diez nuevas bibliotecas populares departamentales, que son las primeras en incorporar la GD. Esta in&eacute;dita modalidad, alcanza potencias inferiores a 3 kW, y no sobrepasan los 10 kW de potencia instalada.<\/p>\n<p>&ldquo;La Generaci&oacute;n Distribuida tendr&aacute; un impacto m&aacute;s que positivo. Ser&aacute; un impulso para la democratizaci&oacute;n de la energ&iacute;a y el autoabastecimiento particular. Lo que provocar&aacute; toda una revoluci&oacute;n. En el futuro cambiar&aacute; la forma de producir energ&iacute;a y lo haremos a trav&eacute;s del uso masivo de fuentes alternativas&rdquo;, puntualiz&oacute; el ministro.<\/p>\n<\/body><\/html>\n","protected":false},"excerpt":{"rendered":"Gracias a la Generaci\u00f3n Distribu\u00edda, el Gobierno Provincial pudo realizar acciones para fortalecer el desarrollo energ\u00e9tico. La Provincia se encamina a la utilizaci\u00f3n de energ\u00edas alternativas de manera descentralizada, como v\u00eda para ampliar el sistema energ\u00e9tico","protected":false},"author":3,"featured_media":42022,"comment_status":"open","ping_status":"open","sticky":false,"template":"","format":"standard","meta":[],"categories":[1],"tags":[],"_links":{"self":[{"href":"https:\/\/www.mendoza.gov.ar\/prensa\/wp-json\/wp\/v2\/posts\/42017"}],"collection":[{"href":"https:\/\/www.mendoza.gov.ar\/prensa\/wp-json\/wp\/v2\/posts"}],"about":[{"href":"https:\/\/www.mendoza.gov.ar\/prensa\/wp-json\/wp\/v2\/types\/post"}],"author":[{"embeddable":true,"href":"https:\/\/www.mendoza.gov.ar\/prensa\/wp-json\/wp\/v2\/users\/3"}],"replies":[{"embeddable":true,"href":"https:\/\/www.mendoza.gov.ar\/prensa\/wp-json\/wp\/v2\/comments?post=42017"}],"version-history":[{"count":0,"href":"https:\/\/www.mendoza.gov.ar\/prensa\/wp-json\/wp\/v2\/posts\/42017\/revisions"}],"wp:featuredmedia":[{"embeddable":true,"href":"https:\/\/www.mendoza.gov.ar\/prensa\/wp-json\/wp\/v2\/media\/42022"}],"wp:attachment":[{"href":"https:\/\/www.mendoza.gov.ar\/prensa\/wp-json\/wp\/v2\/media?parent=42017"}],"wp:term":[{"taxonomy":"category","embeddable":true,"href":"https:\/\/www.mendoza.gov.ar\/prensa\/wp-json\/wp\/v2\/categories?post=42017"},{"taxonomy":"post_tag","embeddable":true,"href":"https:\/\/www.mendoza.gov.ar\/prensa\/wp-json\/wp\/v2\/tags?post=42017"}],"curies":[{"name":"wp","href":"https:\/\/api.w.org\/{rel}","templated":true}]}}