{"id":42032,"date":"2015-10-06T13:21:44","date_gmt":"2015-10-06T16:21:44","guid":{"rendered":"http:\/\/prensa.mendoza.gov.ar\/?p=42032"},"modified":"2015-10-06T13:21:44","modified_gmt":"2015-10-06T16:21:44","slug":"los-blancos-la-suprema-corte-rechazo-la-medida-cautelar-presentada-por-iecsa","status":"publish","type":"post","link":"https:\/\/www.mendoza.gov.ar\/prensa\/los-blancos-la-suprema-corte-rechazo-la-medida-cautelar-presentada-por-iecsa\/","title":{"rendered":"Los Blancos: la Suprema Corte rechaz\u00f3 la medida cautelar presentada por IECSA"},"content":{"rendered":"<!DOCTYPE html PUBLIC \"-\/\/W3C\/\/DTD HTML 4.0 Transitional\/\/EN\" \"http:\/\/www.w3.org\/TR\/REC-html40\/loose.dtd\">\n<html><body><div>El Gobierno de Mendoza conoci&oacute; esta ma&ntilde;ana la novedad de la Suprema Corte de Justicia acerca de la desestimaci&oacute;n al reclamo iniciado por la firma IECSA.<\/div>\n<div><\/div>\n<div>Seg&uacute;n se expresa en el escrito firmado por los ministros Julio G&oacute;mez y Alejandro P&eacute;rez Hualde. &ldquo;Tras el severo an&aacute;lisis de los recaudos de admisibilidad, no resulta viable ordenar el despacho de la medida requerida&rdquo;.<\/div>\n<div><\/div>\n<div>Algunos de los argumentos se&ntilde;alan que &ldquo;los t&eacute;rminos en que la pretensi&oacute;n ha sido abierta excede el &aacute;mbito de actuaci&oacute;n del instituto en ex&aacute;men&rdquo;, y que &ldquo;el pedido de suspensi&oacute;n no se circuncribe (&hellip;) a aquellos actos que se encontrar&iacute;an transitando la etapa de impugnaci&oacute;n en la sede administrativa, sino al &lsquo;procedimiento licitatorio&rsquo; en general&rdquo;.<\/div>\n<div><\/div>\n<div>Asimismo, indica que el planteo de &ldquo;nulidad de un acto de destituci&oacute;n o cesant&iacute;a, no es &uacute;til para impedir que se desarrolle el concurso para cubrir el cargo&rdquo;.<\/div>\n<div><\/div>\n<div>Estos y otros tantos argumentos son las razones en las que la Sala Primera de la Suprema Corte de Justicia se bas&oacute; para rechazar la cautelar solicitada.<\/div>\n<div><\/div>\n<div>Cabe recordar que la firma IECSA solicit&oacute; que se suspenda el tr&aacute;mite de la Licitaci&oacute;n P&uacute;blica Nacional e Internacional por el Aprovechamiento Hidroel&eacute;ctrico Los Blancos, sobre el r&iacute;o Tunuy&aacute;n y los efectos de todos los actos administrativos tachados de ilegitimidad por su parte, hasta que quede firme la resoluci&oacute;n que se adopte en la impugnaci&oacute;n deducida ante el Gobernador de la Provincia de Mendoza el 03\/07\/2015.<\/div>\n<div><\/div>\n<div>La empresa argument&oacute; que se present&oacute; como oferente en dicha licitaci&oacute;n y su oferta fue desestimada por la autoridad licitante pese a que cumpl&iacute;a con todos los requerimientos formales previstos en el pliego y era la m&aacute;s ventajosa desde el aspecto econ&oacute;mico- financiero.<\/div>\n<\/body><\/html>\n","protected":false},"excerpt":{"rendered":"El M\u00e1ximo Tribunal de la Provincia desestim\u00f3 el pedido de suspensi\u00f3n del procedimiento licitatorio de Los Blancos considerando que los argumentos presentados no son suficientes para hacer lugar al pedido. ","protected":false},"author":3,"featured_media":42047,"comment_status":"open","ping_status":"open","sticky":false,"template":"","format":"standard","meta":[],"categories":[1],"tags":[870,1061,1125,1587],"_links":{"self":[{"href":"https:\/\/www.mendoza.gov.ar\/prensa\/wp-json\/wp\/v2\/posts\/42032"}],"collection":[{"href":"https:\/\/www.mendoza.gov.ar\/prensa\/wp-json\/wp\/v2\/posts"}],"about":[{"href":"https:\/\/www.mendoza.gov.ar\/prensa\/wp-json\/wp\/v2\/types\/post"}],"author":[{"embeddable":true,"href":"https:\/\/www.mendoza.gov.ar\/prensa\/wp-json\/wp\/v2\/users\/3"}],"replies":[{"embeddable":true,"href":"https:\/\/www.mendoza.gov.ar\/prensa\/wp-json\/wp\/v2\/comments?post=42032"}],"version-history":[{"count":0,"href":"https:\/\/www.mendoza.gov.ar\/prensa\/wp-json\/wp\/v2\/posts\/42032\/revisions"}],"wp:featuredmedia":[{"embeddable":true,"href":"https:\/\/www.mendoza.gov.ar\/prensa\/wp-json\/wp\/v2\/media\/42047"}],"wp:attachment":[{"href":"https:\/\/www.mendoza.gov.ar\/prensa\/wp-json\/wp\/v2\/media?parent=42032"}],"wp:term":[{"taxonomy":"category","embeddable":true,"href":"https:\/\/www.mendoza.gov.ar\/prensa\/wp-json\/wp\/v2\/categories?post=42032"},{"taxonomy":"post_tag","embeddable":true,"href":"https:\/\/www.mendoza.gov.ar\/prensa\/wp-json\/wp\/v2\/tags?post=42032"}],"curies":[{"name":"wp","href":"https:\/\/api.w.org\/{rel}","templated":true}]}}