{"id":421118,"date":"2024-07-26T10:39:29","date_gmt":"2024-07-26T13:39:29","guid":{"rendered":"https:\/\/www.mendoza.gov.ar\/prensa\/?p=421118"},"modified":"2024-08-15T12:11:29","modified_gmt":"2024-08-15T15:11:29","slug":"la-fao-premio-a-mendoza-por-el-arbolado-publico-en-el-area-metropolitana","status":"publish","type":"post","link":"https:\/\/www.mendoza.gov.ar\/prensa\/la-fao-premio-a-mendoza-por-el-arbolado-publico-en-el-area-metropolitana\/","title":{"rendered":"La FAO premi\u00f3 a Mendoza por el arbolado p\u00fablico en el \u00c1rea Metropolitana"},"content":{"rendered":"<!DOCTYPE html PUBLIC \"-\/\/W3C\/\/DTD HTML 4.0 Transitional\/\/EN\" \"http:\/\/www.w3.org\/TR\/REC-html40\/loose.dtd\">\n<html><body><h5>El galard&oacute;n fue otorgado en la categor&iacute;a innovaci&oacute;n en los premios Ciudades Verdes. Esto se logr&oacute; a ra&iacute;z del trabajo conjunto entre la Provincia y los municipios que se nuclean en Unicipio, organismo que depende de la Subsecretar&iacute;a de Infraestructura y Desarrollo Territorial.<\/h5>\n\n\n\n<p>Una vez m&aacute;s, el Gobierno de Mendoza fue reconocido por la FAO (Food and Agriculture Organization) en la categor&iacute;a innovaci&oacute;n de los Premios Ciudades Verdes, por el hecho de haber desarrollado proyectos, pol&iacute;ticas y gesti&oacute;n forestal urbana en el &Aacute;rea Metropolitana. Este trabajo se realiza desde hace nueve a&ntilde;os a trav&eacute;s de Unicipio, organismo que depende de la Subsecretar&iacute;a de Infraestructura y Desarrollo Territorial.<\/p>\n\n\n\n<p>As&iacute; fue que, esta ma&ntilde;ana, el Gobernador Alfredo Cornejo se comunic&oacute; de manera virtual con las autoridades de la organizaci&oacute;n internacional que se encuentran en Roma, Italia, quienes le comunicaron el reconocimiento a Unicipio. All&iacute;, el mandatario coment&oacute; a los presentes sobre los alcances de las pol&iacute;ticas p&uacute;blicas aplicadas en Mendoza.<\/p>\n\n\n\n<p>&ldquo;En medio de nuestro clima &aacute;rido y des&eacute;rtico es donde se ha construido una gran metr&oacute;poli&rdquo;, dijo el mandatario. Adem&aacute;s, explic&oacute;: &ldquo;Creamos una instituci&oacute;n en 2016, que es el Unicipio, un consejo de coordinaci&oacute;n de pol&iacute;ticas p&uacute;blicas para el &Aacute;rea Metropolitana de Mendoza, para afrontar desaf&iacute;os sociales y ambientales, que excede el &aacute;mbito del municipio de lo comunal, y no contempla el &aacute;mbito de la provincia, del estado federado. Ese Unicipio est&aacute; conformado por el Gobierno de la Provincia y siete gobiernos municipales&rdquo;.<\/p>\n\n\n\n<p>Durante la reuni&oacute;n virtual, acompa&ntilde;aron al mandatario mendocino la subsecretaria de Infraestructura y Desarrollo Territorial, Marit&eacute; Badui, y la coordinadora de Unicipio, Graciela Marty.<\/p>\n\n\n\n<p>En esa oportunidad, Cornejo tambi&eacute;n explic&oacute; las acciones que se llevan a cabo vinculadas a la sostenibilidad y mencion&oacute; que el &Aacute;rea Metropolitana es habitada por 1.300.000 habitantes. &ldquo;Desde hace nueve a&ntilde;os, en Unicipio nos ocupamos de distintos temas que aumentan y mejoran la sostenibilidad de la urbe&rdquo;, sostuvo el Gobernador, y coment&oacute;: &ldquo;Hemos construido una red de ciclov&iacute;as, la m&aacute;s extensa del interior de la Argentina, y tambi&eacute;n llevamos a cabo un ambicioso proyecto de arbolado p&uacute;blico urbano&rdquo;.<\/p>\n\n\n\n<p>Es m&aacute;s, tomando las estad&iacute;sticas y censo realizado, remarc&oacute;: &ldquo;Nuestro bosque urbano cuenta con m&aacute;s de 615.000 &aacute;rboles, 179 especies diferentes y la particularidad que es irrigado por canales artificiales, denominados acequias&rdquo;. A esto le sum&oacute; que la red de riego cuenta con 5.400 kil&oacute;metros y que cada &aacute;rbol est&aacute; georreferenciado con coordenadas X e Y y su propio n&uacute;mero de identificaci&oacute;n&rdquo;.<\/p>\n\n\n\n<p>Por &uacute;ltimo, el Gobernador agradeci&oacute; la distinci&oacute;n recibida y cont&oacute; algunos objetivos para 2030. &ldquo;Nos hemos puesto una meta en la gobernanza de todos estos temas ambientales, de transporte p&uacute;blico y de coordinaci&oacute;n de la circulaci&oacute;n automotriz&rdquo;, dijo, y coment&oacute; que Mendoza aspira a &ldquo;contar con un &aacute;rbol por persona&rdquo;. Adem&aacute;s, puso en valor que desde Unicipio se promueve el enfoque del desarrollo territorial a trav&eacute;s de micro regiones.<\/p>\n\n\n\n<p><strong>Gobernanza metropolitana innovadora<\/strong><\/p>\n\n\n\n<p>Los criterios generales de selecci&oacute;n se basan en calidad y m&eacute;ritos de la innovaci&oacute;n; posibles beneficios, efectos y sostenibilidad; posibilidad de ampliaci&oacute;n; optimizaci&oacute;n de los recursos y el papel de los j&oacute;venes (menores de 35 a&ntilde;os), las mujeres o los grupos marginados.<\/p>\n\n\n\n<p>Tras haber postulado al certamen, Graciela Marty, coodinadora de Unicipio, recibi&oacute; la notificaci&oacute;n de que Mendoza hab&iacute;a sido galardonada en los premios Ciudades Verdes de la FAO a la innovaci&oacute;n. En la misiva se subrayaba que el ente gubernamental &ldquo;ha permitido a Mendoza desarrollar proyectos, pol&iacute;ticas y gesti&oacute;n forestal urbana a nivel metropolitano, que incluyen una plataforma digital, pero tambi&eacute;n el involucramiento de ciudadanos y estudiantes en la implementaci&oacute;n de actividades&rdquo;.<\/p>\n\n\n\n<p>Al respecto, la funcionaria indic&oacute;: &ldquo;Como coordinadora provincial de Unicipio, me siento muy feliz de haber recibido este reconocimiento internacional, ya que es un premio a la gesti&oacute;n humana, a la organizaci&oacute;n energ&eacute;tica de recursos humanos deliberando y acordando sobre tem&aacute;ticas urbanas, especialmente ligadas a la infraestructura verde y a la sostenibilidad. Recibir este premio significa un honor y una gran motivaci&oacute;n para todos los que integramos las mesas de Unicipio desde hace nueve a&ntilde;os&rdquo;.<\/p>\n\n\n\n<p><strong>GALER&Iacute;A<\/strong><\/p>\n\n\n\n<figure class=\"wp-block-gallery columns-3\"><ul class=\"blocks-gallery-grid\"><li class=\"blocks-gallery-item\"><figure><a href=\"https:\/\/www.mendoza.gov.ar\/wp-content\/uploads\/sites\/5\/2024\/07\/1DSC_9675.jpg\"><img src=\"https:\/\/www.mendoza.gov.ar\/wp-content\/uploads\/sites\/5\/2024\/07\/1DSC_9675-700x466.jpg\" alt=\"\" data-id=\"421119\" data-full-url=\"https:\/\/www.mendoza.gov.ar\/wp-content\/uploads\/sites\/5\/2024\/07\/1DSC_9675.jpg\" data-link=\"https:\/\/www.mendoza.gov.ar\/prensa\/?attachment_id=421119\" class=\"wp-image-421119 img-responsive center-block\"><\/a><\/figure><\/li><li class=\"blocks-gallery-item\"><figure><a href=\"https:\/\/www.mendoza.gov.ar\/wp-content\/uploads\/sites\/5\/2024\/07\/1DSC_9685.jpg\"><img loading=\"lazy\" width=\"700\" height=\"466\" src=\"https:\/\/www.mendoza.gov.ar\/wp-content\/uploads\/sites\/5\/2024\/07\/1DSC_9685-700x466.jpg\" alt=\"\" data-id=\"421120\" data-full-url=\"https:\/\/www.mendoza.gov.ar\/wp-content\/uploads\/sites\/5\/2024\/07\/1DSC_9685.jpg\" data-link=\"https:\/\/www.mendoza.gov.ar\/prensa\/?attachment_id=421120\" class=\"wp-image-421120 img-responsive center-block\" srcset=\"https:\/\/www.mendoza.gov.ar\/wp-content\/uploads\/sites\/5\/2024\/07\/1DSC_9685-700x466.jpg 700w, https:\/\/www.mendoza.gov.ar\/wp-content\/uploads\/sites\/5\/2024\/07\/1DSC_9685-250x167.jpg 250w, https:\/\/www.mendoza.gov.ar\/wp-content\/uploads\/sites\/5\/2024\/07\/1DSC_9685-768x512.jpg 768w, https:\/\/www.mendoza.gov.ar\/wp-content\/uploads\/sites\/5\/2024\/07\/1DSC_9685-1536x1023.jpg 1536w, https:\/\/www.mendoza.gov.ar\/wp-content\/uploads\/sites\/5\/2024\/07\/1DSC_9685-2048x1364.jpg 2048w, https:\/\/www.mendoza.gov.ar\/wp-content\/uploads\/sites\/5\/2024\/07\/1DSC_9685-120x80.jpg 120w\" sizes=\"(max-width: 700px) 100vw, 700px\"><\/a><\/figure><\/li><li class=\"blocks-gallery-item\"><figure><a href=\"https:\/\/www.mendoza.gov.ar\/wp-content\/uploads\/sites\/5\/2024\/07\/1DSC_9693.jpg\"><img loading=\"lazy\" width=\"700\" height=\"466\" src=\"https:\/\/www.mendoza.gov.ar\/wp-content\/uploads\/sites\/5\/2024\/07\/1DSC_9693-700x466.jpg\" alt=\"\" data-id=\"421121\" data-full-url=\"https:\/\/www.mendoza.gov.ar\/wp-content\/uploads\/sites\/5\/2024\/07\/1DSC_9693.jpg\" data-link=\"https:\/\/www.mendoza.gov.ar\/prensa\/?attachment_id=421121\" class=\"wp-image-421121 img-responsive center-block\" srcset=\"https:\/\/www.mendoza.gov.ar\/wp-content\/uploads\/sites\/5\/2024\/07\/1DSC_9693-700x466.jpg 700w, https:\/\/www.mendoza.gov.ar\/wp-content\/uploads\/sites\/5\/2024\/07\/1DSC_9693-250x167.jpg 250w, https:\/\/www.mendoza.gov.ar\/wp-content\/uploads\/sites\/5\/2024\/07\/1DSC_9693-768x512.jpg 768w, https:\/\/www.mendoza.gov.ar\/wp-content\/uploads\/sites\/5\/2024\/07\/1DSC_9693-1536x1023.jpg 1536w, https:\/\/www.mendoza.gov.ar\/wp-content\/uploads\/sites\/5\/2024\/07\/1DSC_9693-2048x1364.jpg 2048w, https:\/\/www.mendoza.gov.ar\/wp-content\/uploads\/sites\/5\/2024\/07\/1DSC_9693-120x80.jpg 120w\" sizes=\"(max-width: 700px) 100vw, 700px\"><\/a><\/figure><\/li><li class=\"blocks-gallery-item\"><figure><a href=\"https:\/\/www.mendoza.gov.ar\/wp-content\/uploads\/sites\/5\/2024\/07\/1DSC_9701.jpg\"><img loading=\"lazy\" width=\"700\" height=\"466\" src=\"https:\/\/www.mendoza.gov.ar\/wp-content\/uploads\/sites\/5\/2024\/07\/1DSC_9701-700x466.jpg\" alt=\"\" data-id=\"421122\" data-full-url=\"https:\/\/www.mendoza.gov.ar\/wp-content\/uploads\/sites\/5\/2024\/07\/1DSC_9701.jpg\" data-link=\"https:\/\/www.mendoza.gov.ar\/prensa\/?attachment_id=421122\" class=\"wp-image-421122 img-responsive center-block\" srcset=\"https:\/\/www.mendoza.gov.ar\/wp-content\/uploads\/sites\/5\/2024\/07\/1DSC_9701-700x466.jpg 700w, https:\/\/www.mendoza.gov.ar\/wp-content\/uploads\/sites\/5\/2024\/07\/1DSC_9701-250x166.jpg 250w, https:\/\/www.mendoza.gov.ar\/wp-content\/uploads\/sites\/5\/2024\/07\/1DSC_9701-768x511.jpg 768w, https:\/\/www.mendoza.gov.ar\/wp-content\/uploads\/sites\/5\/2024\/07\/1DSC_9701-1536x1022.jpg 1536w, https:\/\/www.mendoza.gov.ar\/wp-content\/uploads\/sites\/5\/2024\/07\/1DSC_9701-2048x1362.jpg 2048w, https:\/\/www.mendoza.gov.ar\/wp-content\/uploads\/sites\/5\/2024\/07\/1DSC_9701-120x80.jpg 120w\" sizes=\"(max-width: 700px) 100vw, 700px\"><\/a><\/figure><\/li><\/ul><\/figure>\n<\/body><\/html>\n","protected":false},"excerpt":{"rendered":"El galard&oacute;n fue otorgado en la categor&iacute;a innovaci&oacute;n en los premios Ciudades Verdes. Esto se logr&oacute; a ra&iacute;z del trabajo conjunto entre la Provincia y los municipios que se nuclean en Unicipio, organismo que depende de la Subsecretar&iacute;a de Infraestructura y Desarrollo Territorial. Una vez m&aacute;s, el Gobierno de Mendoza fue reconocido por la FAO&#8230; <a class=\"view-article\" href=\"https:\/\/www.mendoza.gov.ar\/prensa\/la-fao-premio-a-mendoza-por-el-arbolado-publico-en-el-area-metropolitana\/\"><\/a>","protected":false},"author":62,"featured_media":421119,"comment_status":"open","ping_status":"open","sticky":false,"template":"","format":"standard","meta":[],"categories":[19,1801,1792],"tags":[],"_links":{"self":[{"href":"https:\/\/www.mendoza.gov.ar\/prensa\/wp-json\/wp\/v2\/posts\/421118"}],"collection":[{"href":"https:\/\/www.mendoza.gov.ar\/prensa\/wp-json\/wp\/v2\/posts"}],"about":[{"href":"https:\/\/www.mendoza.gov.ar\/prensa\/wp-json\/wp\/v2\/types\/post"}],"author":[{"embeddable":true,"href":"https:\/\/www.mendoza.gov.ar\/prensa\/wp-json\/wp\/v2\/users\/62"}],"replies":[{"embeddable":true,"href":"https:\/\/www.mendoza.gov.ar\/prensa\/wp-json\/wp\/v2\/comments?post=421118"}],"version-history":[{"count":7,"href":"https:\/\/www.mendoza.gov.ar\/prensa\/wp-json\/wp\/v2\/posts\/421118\/revisions"}],"predecessor-version":[{"id":421156,"href":"https:\/\/www.mendoza.gov.ar\/prensa\/wp-json\/wp\/v2\/posts\/421118\/revisions\/421156"}],"wp:featuredmedia":[{"embeddable":true,"href":"https:\/\/www.mendoza.gov.ar\/prensa\/wp-json\/wp\/v2\/media\/421119"}],"wp:attachment":[{"href":"https:\/\/www.mendoza.gov.ar\/prensa\/wp-json\/wp\/v2\/media?parent=421118"}],"wp:term":[{"taxonomy":"category","embeddable":true,"href":"https:\/\/www.mendoza.gov.ar\/prensa\/wp-json\/wp\/v2\/categories?post=421118"},{"taxonomy":"post_tag","embeddable":true,"href":"https:\/\/www.mendoza.gov.ar\/prensa\/wp-json\/wp\/v2\/tags?post=421118"}],"curies":[{"name":"wp","href":"https:\/\/api.w.org\/{rel}","templated":true}]}}