{"id":42189,"date":"2015-10-09T07:53:18","date_gmt":"2015-10-09T10:53:18","guid":{"rendered":"http:\/\/prensa.mendoza.gov.ar\/?p=42189"},"modified":"2015-10-09T07:53:18","modified_gmt":"2015-10-09T10:53:18","slug":"presa-potrerillos-haran-nuevas-maniobras-en-el-descargador-de-fondo","status":"publish","type":"post","link":"https:\/\/www.mendoza.gov.ar\/prensa\/presa-potrerillos-haran-nuevas-maniobras-en-el-descargador-de-fondo\/","title":{"rendered":"Presa Potrerillos: har\u00e1n nuevas maniobras en el descargador de fondo"},"content":{"rendered":"<!DOCTYPE html PUBLIC \"-\/\/W3C\/\/DTD HTML 4.0 Transitional\/\/EN\" \"http:\/\/www.w3.org\/TR\/REC-html40\/loose.dtd\">\n<html><body><p>Una nueva prueba para constatar el funcionamiento del descargador de fondo de la presa Potrerillos, se realizar&aacute; este viernes a primera hora de la tarde con el objetivo de preservar el sistema de emergencia del dique.<\/p>\n<p>Para no afectar el servicio de agua potable, est&aacute; previsto que se realicen tres maniobras de 10 minutos de duraci&oacute;n cada una.<\/p>\n<p>Las pruebas de funcionamiento y los trabajos de limpieza del descargador de fondo de la presa son absolutamente necesarios para preservar la vida &uacute;til del dique y sus componentes y as&iacute; garantizar la seguridad de todos los mendocinos.<\/p>\n<p>Aunque no se prev&eacute; la afectaci&oacute;n en el suministro de agua potable, se solicita la colaboraci&oacute;n de la poblaci&oacute;n a realizar un consumo responsable y solidario del agua potable que permita resguardar las reservas y evitar bajas presiones o faltas de agua.<\/p>\n<p>Adem&aacute;s, se solicita proseguir con las siguiente recomendaciones ante un eventual corte o baja presi&oacute;n en el servicio o aire en las ca&ntilde;er&iacute;as:<\/p>\n<p>-Realizar un consumo restringido del agua potable que permita resguardar la reserva domiciliaria.<\/p>\n<p>-Es fundamental conservar la reserva de agua potable del tanque domiciliario.<\/p>\n<p>-Siempre debe existir en el hogar una peque&ntilde;a reserva de agua embotellada, renovada peri&oacute;dicamente.<\/p>\n<p>-Comunicar la novedad a la familia, para que todos est&eacute;n comprometidos y sepan qu&eacute; hacer.<\/p>\n<p>-Suspender el riego del jard&iacute;n y el uso del lavarropas autom&aacute;tico.<\/p>\n<p>-Controlar al m&aacute;ximo las descargas del inodoro.<\/p>\n<p>-Regular la intensidad del chorro de agua de la canilla (no abrirla al m&aacute;ximo).<\/p>\n<p>-Recordar que est&aacute; prohibido regar calles pavimentadas y que no se deben lavar veredas y autos con manguera o hidrolavadora.<\/p>\n<\/body><\/html>\n","protected":false},"excerpt":{"rendered":"La apertura de compuertas se har\u00e1 ma\u00f1ana, viernes  a partir de las 14, ser\u00e1n operaciones de bajo caudal y corto tiempo. Se solicita seguir las recomendaciones ante un eventual corte o baja presi\u00f3n en el servicio.","protected":false},"author":3,"featured_media":42199,"comment_status":"open","ping_status":"open","sticky":false,"template":"","format":"standard","meta":[],"categories":[1],"tags":[],"_links":{"self":[{"href":"https:\/\/www.mendoza.gov.ar\/prensa\/wp-json\/wp\/v2\/posts\/42189"}],"collection":[{"href":"https:\/\/www.mendoza.gov.ar\/prensa\/wp-json\/wp\/v2\/posts"}],"about":[{"href":"https:\/\/www.mendoza.gov.ar\/prensa\/wp-json\/wp\/v2\/types\/post"}],"author":[{"embeddable":true,"href":"https:\/\/www.mendoza.gov.ar\/prensa\/wp-json\/wp\/v2\/users\/3"}],"replies":[{"embeddable":true,"href":"https:\/\/www.mendoza.gov.ar\/prensa\/wp-json\/wp\/v2\/comments?post=42189"}],"version-history":[{"count":0,"href":"https:\/\/www.mendoza.gov.ar\/prensa\/wp-json\/wp\/v2\/posts\/42189\/revisions"}],"wp:featuredmedia":[{"embeddable":true,"href":"https:\/\/www.mendoza.gov.ar\/prensa\/wp-json\/wp\/v2\/media\/42199"}],"wp:attachment":[{"href":"https:\/\/www.mendoza.gov.ar\/prensa\/wp-json\/wp\/v2\/media?parent=42189"}],"wp:term":[{"taxonomy":"category","embeddable":true,"href":"https:\/\/www.mendoza.gov.ar\/prensa\/wp-json\/wp\/v2\/categories?post=42189"},{"taxonomy":"post_tag","embeddable":true,"href":"https:\/\/www.mendoza.gov.ar\/prensa\/wp-json\/wp\/v2\/tags?post=42189"}],"curies":[{"name":"wp","href":"https:\/\/api.w.org\/{rel}","templated":true}]}}