{"id":42220,"date":"2015-10-09T10:36:57","date_gmt":"2015-10-09T13:36:57","guid":{"rendered":"http:\/\/prensa.mendoza.gov.ar\/?p=42220"},"modified":"2015-10-09T10:36:57","modified_gmt":"2015-10-09T13:36:57","slug":"agroindustria-promociona-el-consumo-de-productos-de-estacion-2","status":"publish","type":"post","link":"https:\/\/www.mendoza.gov.ar\/prensa\/agroindustria-promociona-el-consumo-de-productos-de-estacion-2\/","title":{"rendered":"Agroindustria promociona el consumo de productos de estaci\u00f3n"},"content":{"rendered":"<!DOCTYPE html PUBLIC \"-\/\/W3C\/\/DTD HTML 4.0 Transitional\/\/EN\" \"http:\/\/www.w3.org\/TR\/REC-html40\/loose.dtd\">\n<html><body><p>M&aacute;s de 700 l&aacute;minas orientadas a incentivar el consumo de frutas y hortalizas de Mendoza, promoviendo una alimentaci&oacute;n saludable, fueron entregadas por el Ministerio de Agroindustria y Tecnolog&iacute;a a 320 Centros de Salud de la Provincia. Se trata de afiches, donde se informa sobre los productos de invierno y primavera, destacando las ventajas de consumirlos cuando se encuentran en estaci&oacute;n, por resultar m&aacute;s nutritivos, econ&oacute;micos y ecol&oacute;gicos.<\/p>\n<p>La misma acci&oacute;n se llev&oacute; adelante en locales de venta de frutas y verduras ubicados en el Mercado Central, Mercado Cooperativo de Guaymall&eacute;n y en s&uacute;per e h&iacute;per mercados. Adem&aacute;s se colocaron en verduler&iacute;as situadas en distintos barrios del Gran Mendoza.<\/p>\n<p>De las entregas participaron el subsecretario de Agricultura, Ganader&iacute;a y Alimentos, Leonardo Miranda; el coordinador de la Agencia Mendocina de Comercializaci&oacute;n, Daniel Corral; el director General de Atenci&oacute;n Primaria, Ricardo Miatello y la responsable del Departamento de Educaci&oacute;n para la Salud, Patricia Gianchina; acompa&ntilde;ados por la nutricionista F&aacute;tima Ghazoul, integrante del equipo.<\/p>\n<p>Miranda inform&oacute;&nbsp;sobre el trabajo que viene realizando el Ministerio en lo referente a la puesta en valor de la producci&oacute;n mendocina, tanto frutas y verduras, como enlatados, aceite de oliva, frutos secos y miel, entre otros. &ldquo;Se trabaj&oacute; mucho, desde la Agencia Mendocina de Comercializaci&oacute;n y el programa DisFruta y Verdura, en destacar su calidad y sus propiedades saludables para incrementar su consumo tanto a nivel local, como nacional&rdquo;.<\/p>\n<p>Y agreg&oacute; que &ldquo;Los afiches que entregamos reflejan la diversidad de la producci&oacute;n mendocina y el importante lugar que debe ocupar en cualquier dieta saludable&rdquo;.<\/p>\n<p>Miatello indic&oacute; que &ldquo;es un material informativo, muy bien dise&ntilde;ado, atractivo y que ayuda a inculcar h&aacute;bitos de buena alimentaci&oacute;n, que ser&aacute; distribuido en centros de salud de toda la Provincia&rdquo;.<\/p>\n<p>Por su parte Gianchina destac&oacute; el trabajo desarrollado a lo largo de estos &uacute;ltimos a&ntilde;os en forma mancomunada entre Salud, Agroindustria y Educaci&oacute;n: &ldquo;Las clases de cocina en Centros de Salud, s&uacute;per e h&iacute;per mercados y centros de integraci&oacute;n comunitaria, en los que intervinieron los tres ministerios, son un ejemplo&rdquo;.<\/p>\n<p><strong>Productos de Invierno <\/strong><\/p>\n<p>En invierno se encuentran en estacionalidad la manzana, pera, frutos secos y desecados, cebollita de verdeo, cebolla, ajo, camote, papa, zapallo, zanahoria, remolacha, rabanito, aceituna, coliflor, br&oacute;coli, chaucha, espinaca, lechuga, berro, radicheta, perejil, apio, achicoria, puerro y acelga.<\/p>\n<p><strong>Productos de Primavera <\/strong><\/p>\n<p>En esta estaci&oacute;n las frutas y verduras promocionadas incluyen damasco, frutilla, cereza, durazno, tomate, ajo, cebollita de verdeo, berenjena, pimiento verde, pepino, zanahoria, zapallito italiano y redondo, rabanito, remolacha, alcaucil, habas, apio, escarola, esp&aacute;rragos, achicoria, albahaca y or&eacute;gano.<\/p>\n<\/body><\/html>\n","protected":false},"excerpt":{"rendered":"Se entregaron en verduler\u00edas del Gran Mendoza, centros de salud y escuelas, l\u00e1minas que detallan cuales son las frutas y verduras en cada estaci\u00f3n del a\u00f1o.","protected":false},"author":3,"featured_media":41389,"comment_status":"open","ping_status":"open","sticky":false,"template":"","format":"standard","meta":[],"categories":[1],"tags":[],"_links":{"self":[{"href":"https:\/\/www.mendoza.gov.ar\/prensa\/wp-json\/wp\/v2\/posts\/42220"}],"collection":[{"href":"https:\/\/www.mendoza.gov.ar\/prensa\/wp-json\/wp\/v2\/posts"}],"about":[{"href":"https:\/\/www.mendoza.gov.ar\/prensa\/wp-json\/wp\/v2\/types\/post"}],"author":[{"embeddable":true,"href":"https:\/\/www.mendoza.gov.ar\/prensa\/wp-json\/wp\/v2\/users\/3"}],"replies":[{"embeddable":true,"href":"https:\/\/www.mendoza.gov.ar\/prensa\/wp-json\/wp\/v2\/comments?post=42220"}],"version-history":[{"count":0,"href":"https:\/\/www.mendoza.gov.ar\/prensa\/wp-json\/wp\/v2\/posts\/42220\/revisions"}],"wp:featuredmedia":[{"embeddable":true,"href":"https:\/\/www.mendoza.gov.ar\/prensa\/wp-json\/wp\/v2\/media\/41389"}],"wp:attachment":[{"href":"https:\/\/www.mendoza.gov.ar\/prensa\/wp-json\/wp\/v2\/media?parent=42220"}],"wp:term":[{"taxonomy":"category","embeddable":true,"href":"https:\/\/www.mendoza.gov.ar\/prensa\/wp-json\/wp\/v2\/categories?post=42220"},{"taxonomy":"post_tag","embeddable":true,"href":"https:\/\/www.mendoza.gov.ar\/prensa\/wp-json\/wp\/v2\/tags?post=42220"}],"curies":[{"name":"wp","href":"https:\/\/api.w.org\/{rel}","templated":true}]}}