{"id":422793,"date":"2024-08-07T16:15:11","date_gmt":"2024-08-07T19:15:11","guid":{"rendered":"https:\/\/www.mendoza.gov.ar\/prensa\/?p=422793"},"modified":"2024-10-25T18:47:09","modified_gmt":"2024-10-25T21:47:09","slug":"llamado-a-licitacion-publica-para-la-unidad-de-servicio-la-fuente-del-parque-general-san-martin","status":"publish","type":"post","link":"https:\/\/www.mendoza.gov.ar\/prensa\/llamado-a-licitacion-publica-para-la-unidad-de-servicio-la-fuente-del-parque-general-san-martin\/","title":{"rendered":"Llamado a licitaci\u00f3n p\u00fablica para la unidad de servicio &#8220;La Fuente&#8221;, del Parque General San Mart\u00edn"},"content":{"rendered":"<!DOCTYPE html PUBLIC \"-\/\/W3C\/\/DTD HTML 4.0 Transitional\/\/EN\" \"http:\/\/www.w3.org\/TR\/REC-html40\/loose.dtd\">\n<html><body><h5>El llamado tiene como objeto la refuncionalizaci&oacute;n de la unidad de servicio ubicada en el casco hist&oacute;rico de El Parque. La apertura de sobres se realizar&aacute; el jueves 29 de agosto.<\/h5>\n\n\n\n<p>La Direcci&oacute;n de Biodiversidad y Ecoparque informa que se encuentra abierta la licitaci&oacute;n p&uacute;blica para la refuncionalizaci&oacute;n, puesta a punto y explotaci&oacute;n comercial de la unidad de servicio <em>La Fuente<\/em>. Esta unidad est&aacute; ubicada en el Paseo Ruta del Trabajo, costado Oeste del Parque Hist&oacute;rico General San Mart&iacute;n.<\/p>\n\n\n\n<p>La fecha de apertura de sobres se realizar&aacute; el 29 de agosto de 2024, a las 10, en la sede de la Direcci&oacute;n de Biodiversidad y Ecoparque, ubicada en Paseo Los Pl&aacute;tanos 88, Parque Hist&oacute;rico General San Mart&iacute;n, Mendoza.<\/p>\n\n\n\n<p>Cabe destacar que el procedimiento est&aacute; enmarcado bajo el expediente EX-2024-05103401-GDEMZA-DP#SAYOT<\/p>\n\n\n\n<p>&ldquo;La presentaci&oacute;n de la oferta y toda la documentaci&oacute;n requerida por los pliegos debe realizarse tanto en formato papel como en soporte digital&rdquo;, expres&oacute; el director de Biodiversidad y Ecoparque, Ignacio Haudet.<\/p>\n\n\n\n<p><strong>Consultas y m&aacute;s Informaci&oacute;n<\/strong><\/p>\n\n\n\n<p>Sitio oficial:<br><a href=\"https:\/\/www.mendoza.gov.ar\/compras\/\">https:\/\/www.mendoza.gov.ar\/compras\/<\/a><\/p>\n\n\n\n<p>Descarga del pliego: Direcci&oacute;n de Biodiversidad y Ecoparque (<a href=\"mailto:parques@mendoza.gov.ar\">parques@mendoza.gov.ar<\/a>), arquitecta Paola Raggio (<a href=\"mailto:praggio@mendoza.gov.ar\">praggio@mendoza.gov.ar<\/a>)<\/p>\n\n\n\n<p>Para consultas adicionales y detalles sobre el proceso de licitaci&oacute;n, haga clic <a href=\"https:\/\/www.mendoza.gov.ar\/compras\/\">aqu&iacute; <\/a>o comun&iacute;quese directamente con la Direcci&oacute;n de Biodiversidad y Ecoparque y la arquitecta Paola Raggio.<\/p>\n\n\n\n<figure class=\"wp-block-gallery columns-1\"><ul class=\"blocks-gallery-grid\"><li class=\"blocks-gallery-item\"><figure><a href=\"https:\/\/www.mendoza.gov.ar\/wp-content\/uploads\/sites\/5\/2024\/02\/Parque-Gral.-San-Martin-e1707836276130.jpg\"><img loading=\"lazy\" width=\"700\" height=\"277\" src=\"https:\/\/www.mendoza.gov.ar\/wp-content\/uploads\/sites\/5\/2024\/02\/Parque-Gral.-San-Martin-e1707836276130-700x277.jpg\" alt=\"\" data-id=\"394353\" data-full-url=\"https:\/\/www.mendoza.gov.ar\/wp-content\/uploads\/sites\/5\/2024\/02\/Parque-Gral.-San-Martin-e1707836276130.jpg\" data-link=\"https:\/\/www.mendoza.gov.ar\/prensa\/mendoza-vivio-el-carnaval-con-una-gran-agenda-para-mendocinos-y-turistas\/parque-gral-san-martin-2\/\" class=\"wp-image-394353 img-responsive center-block\" srcset=\"https:\/\/www.mendoza.gov.ar\/wp-content\/uploads\/sites\/5\/2024\/02\/Parque-Gral.-San-Martin-e1707836276130-700x277.jpg 700w, https:\/\/www.mendoza.gov.ar\/wp-content\/uploads\/sites\/5\/2024\/02\/Parque-Gral.-San-Martin-e1707836276130-250x99.jpg 250w, https:\/\/www.mendoza.gov.ar\/wp-content\/uploads\/sites\/5\/2024\/02\/Parque-Gral.-San-Martin-e1707836276130-768x303.jpg 768w, https:\/\/www.mendoza.gov.ar\/wp-content\/uploads\/sites\/5\/2024\/02\/Parque-Gral.-San-Martin-e1707836276130-1536x607.jpg 1536w, https:\/\/www.mendoza.gov.ar\/wp-content\/uploads\/sites\/5\/2024\/02\/Parque-Gral.-San-Martin-e1707836276130-120x47.jpg 120w, https:\/\/www.mendoza.gov.ar\/wp-content\/uploads\/sites\/5\/2024\/02\/Parque-Gral.-San-Martin-e1707836276130.jpg 1600w\" sizes=\"(max-width: 700px) 100vw, 700px\"><\/a><\/figure><\/li><\/ul><\/figure>\n<\/body><\/html>\n","protected":false},"excerpt":{"rendered":"El llamado tiene como objeto la refuncionalizaci&oacute;n de la unidad de servicio ubicada en el casco hist&oacute;rico de El Parque. La apertura de sobres se realizar&aacute; el jueves 29 de agosto. La Direcci&oacute;n de Biodiversidad y Ecoparque informa que se encuentra abierta la licitaci&oacute;n p&uacute;blica para la refuncionalizaci&oacute;n, puesta a punto y explotaci&oacute;n comercial de&#8230; <a class=\"view-article\" href=\"https:\/\/www.mendoza.gov.ar\/prensa\/llamado-a-licitacion-publica-para-la-unidad-de-servicio-la-fuente-del-parque-general-san-martin\/\"><\/a>","protected":false},"author":63,"featured_media":394353,"comment_status":"open","ping_status":"open","sticky":false,"template":"","format":"standard","meta":[],"categories":[3037,3039,3,3066],"tags":[],"_links":{"self":[{"href":"https:\/\/www.mendoza.gov.ar\/prensa\/wp-json\/wp\/v2\/posts\/422793"}],"collection":[{"href":"https:\/\/www.mendoza.gov.ar\/prensa\/wp-json\/wp\/v2\/posts"}],"about":[{"href":"https:\/\/www.mendoza.gov.ar\/prensa\/wp-json\/wp\/v2\/types\/post"}],"author":[{"embeddable":true,"href":"https:\/\/www.mendoza.gov.ar\/prensa\/wp-json\/wp\/v2\/users\/63"}],"replies":[{"embeddable":true,"href":"https:\/\/www.mendoza.gov.ar\/prensa\/wp-json\/wp\/v2\/comments?post=422793"}],"version-history":[{"count":5,"href":"https:\/\/www.mendoza.gov.ar\/prensa\/wp-json\/wp\/v2\/posts\/422793\/revisions"}],"predecessor-version":[{"id":422811,"href":"https:\/\/www.mendoza.gov.ar\/prensa\/wp-json\/wp\/v2\/posts\/422793\/revisions\/422811"}],"wp:featuredmedia":[{"embeddable":true,"href":"https:\/\/www.mendoza.gov.ar\/prensa\/wp-json\/wp\/v2\/media\/394353"}],"wp:attachment":[{"href":"https:\/\/www.mendoza.gov.ar\/prensa\/wp-json\/wp\/v2\/media?parent=422793"}],"wp:term":[{"taxonomy":"category","embeddable":true,"href":"https:\/\/www.mendoza.gov.ar\/prensa\/wp-json\/wp\/v2\/categories?post=422793"},{"taxonomy":"post_tag","embeddable":true,"href":"https:\/\/www.mendoza.gov.ar\/prensa\/wp-json\/wp\/v2\/tags?post=422793"}],"curies":[{"name":"wp","href":"https:\/\/api.w.org\/{rel}","templated":true}]}}