{"id":42499,"date":"2015-10-16T10:25:40","date_gmt":"2015-10-16T13:25:40","guid":{"rendered":"http:\/\/prensa.mendoza.gov.ar\/?p=42499"},"modified":"2015-10-16T10:25:40","modified_gmt":"2015-10-16T13:25:40","slug":"el-fondo-para-la-transformacion-y-el-crecimiento-financio-un-local-de-diseno-de-muebles","status":"publish","type":"post","link":"https:\/\/www.mendoza.gov.ar\/prensa\/el-fondo-para-la-transformacion-y-el-crecimiento-financio-un-local-de-diseno-de-muebles\/","title":{"rendered":"El Fondo para la Transformaci\u00f3n y el Crecimiento financi\u00f3 un local de dise\u00f1o de muebles"},"content":{"rendered":"<!DOCTYPE html PUBLIC \"-\/\/W3C\/\/DTD HTML 4.0 Transitional\/\/EN\" \"http:\/\/www.w3.org\/TR\/REC-html40\/loose.dtd\">\n<html><body><p>El Ministerio de Agroindustria y Tecnolog&iacute;a financi&oacute; el emprendimiento &ldquo;Escala 1 en 1&rdquo; con la l&iacute;nea de cr&eacute;dito &ldquo;Hasta $350.000&rdquo;; acci&oacute;n que permite el crecimiento de la producci&oacute;n.<\/p>\n<p>El director Pablo Olaiz realiz&oacute; una visita a Escala 1 en 1 para conocer el nuevo local &ldquo;continuamos realizando estas visitas a los emprendedores que accedieron a la ayuda financiera del Fondo para la Transformaci&oacute;n. Esto nos permite conocer la experiencia que han tenido con la instituci&oacute;n, ver en qu&eacute; les ha ayudado el cr&eacute;dito y tambi&eacute;n recibir cr&iacute;ticas para continuar mejorando y as&iacute; brindar un mejor servicio para las peque&ntilde;os emprendedores que&nbsp; aportan al crecimiento de la econom&iacute;a de Mendoza&rdquo;.<\/p>\n<p>Por su parte, Natalia Barocchi, due&ntilde;a del local, coment&oacute; &ldquo;somos una familia emprendedora, siempre en la b&uacute;squeda de informaci&oacute;n acerca de financiamientos o m&eacute;todos que nos permitan crecer. Necesit&aacute;bamos expandirnos, ya que el mobiliario requiere de mucho espacio para exhibir los productos. Fue as&iacute; que llegamos al Fondo para la Transformaci&oacute;n, el cr&eacute;dito sali&oacute; muy r&aacute;pido y nos ayud&oacute; a la inversi&oacute;n para abrir el nuevo local. Gracias al cr&eacute;dito notamos mucho el cambio, mucha gente ha empezado a conocernos&rdquo;.<\/p>\n<p>&ldquo;Escala 1 en 1&rdquo; se dedica a la venta de muebles de dise&ntilde;o, iluminaci&oacute;n, decoraci&oacute;n y obras. Ofrecen asesoramiento en pisos, cortinas y variables de muebles. Desde el relevamiento en el domicilio hasta la colocaci&oacute;n de los productos solicitados. El pr&oacute;ximo mes inauguran una nueva sucursal en el Departamento de San Mart&iacute;n.<\/p>\n<p>Con respecto a la l&iacute;nea &ldquo;Hasta $350.000&rdquo; financia inversiones en activos fijos por un monto menor o igual al que hace referencia su nombre. La tasa es del 50% de la Tasa Nominal Anual del Banco de la Naci&oacute;n Argentina. Los plazos de devoluci&oacute;n son muy accesibles, esta l&iacute;nea cuenta con un a&ntilde;o de gracia y 3 de amortizaci&oacute;n.<\/p>\n<p>Para obtener m&aacute;s informaci&oacute;n sobre el Fondo para la Transformaci&oacute;n y el Crecimiento ingresar a la p&aacute;gina web&nbsp; <a href=\"https:\/\/www.ftyc.gob.ar\">www.ftyc.gob.ar<\/a> comunicarse a los tel&eacute;fonos 0261- 4202434\/35 de lunes a viernes 7.30 a 14.<\/p>\n<\/body><\/html>\n","protected":false},"excerpt":{"rendered":"La empresa se dedica a la venta de muebles de dise\u00f1o, iluminaci\u00f3n, decoraci\u00f3n y obras. Ofrecen asesoramiento en pisos, cortinas y variables de muebles. Recibi\u00f3 un cr\u00e9dito de la l\u00ednea Hasta $350.000","protected":false},"author":3,"featured_media":42503,"comment_status":"open","ping_status":"open","sticky":false,"template":"","format":"standard","meta":[],"categories":[1],"tags":[],"_links":{"self":[{"href":"https:\/\/www.mendoza.gov.ar\/prensa\/wp-json\/wp\/v2\/posts\/42499"}],"collection":[{"href":"https:\/\/www.mendoza.gov.ar\/prensa\/wp-json\/wp\/v2\/posts"}],"about":[{"href":"https:\/\/www.mendoza.gov.ar\/prensa\/wp-json\/wp\/v2\/types\/post"}],"author":[{"embeddable":true,"href":"https:\/\/www.mendoza.gov.ar\/prensa\/wp-json\/wp\/v2\/users\/3"}],"replies":[{"embeddable":true,"href":"https:\/\/www.mendoza.gov.ar\/prensa\/wp-json\/wp\/v2\/comments?post=42499"}],"version-history":[{"count":0,"href":"https:\/\/www.mendoza.gov.ar\/prensa\/wp-json\/wp\/v2\/posts\/42499\/revisions"}],"wp:featuredmedia":[{"embeddable":true,"href":"https:\/\/www.mendoza.gov.ar\/prensa\/wp-json\/wp\/v2\/media\/42503"}],"wp:attachment":[{"href":"https:\/\/www.mendoza.gov.ar\/prensa\/wp-json\/wp\/v2\/media?parent=42499"}],"wp:term":[{"taxonomy":"category","embeddable":true,"href":"https:\/\/www.mendoza.gov.ar\/prensa\/wp-json\/wp\/v2\/categories?post=42499"},{"taxonomy":"post_tag","embeddable":true,"href":"https:\/\/www.mendoza.gov.ar\/prensa\/wp-json\/wp\/v2\/tags?post=42499"}],"curies":[{"name":"wp","href":"https:\/\/api.w.org\/{rel}","templated":true}]}}