{"id":42578,"date":"2015-10-20T07:55:20","date_gmt":"2015-10-20T10:55:20","guid":{"rendered":"http:\/\/prensa.mendoza.gov.ar\/?p=42578"},"modified":"2015-10-20T07:55:20","modified_gmt":"2015-10-20T10:55:20","slug":"se-inauguro-oficialmente-la-campana-2015-16-de-la-lucha-antigranizo","status":"publish","type":"post","link":"https:\/\/www.mendoza.gov.ar\/prensa\/se-inauguro-oficialmente-la-campana-2015-16-de-la-lucha-antigranizo\/","title":{"rendered":"Qued\u00f3 inaugurada oficialmente la Campa\u00f1a 2015-16 de la Lucha Antigranizo"},"content":{"rendered":"<!DOCTYPE html PUBLIC \"-\/\/W3C\/\/DTD HTML 4.0 Transitional\/\/EN\" \"http:\/\/www.w3.org\/TR\/REC-html40\/loose.dtd\">\n<html><body><p>El Ministerio de Agroindustria y Tecnolog&iacute;a dej&oacute; oficialmente inaugurada la campa&ntilde;a n&uacute;mero 11 del Programa Provincial de Lucha Antigranizo. Este sistema de mitigaci&oacute;n contar&aacute; en la temporada 2015-2016 con cuatro radares y tres aviones.<\/p>\n<p>Si bien, operativamente el sistema est&aacute; en funcionamiento desde el 1 de octubre, el &uacute;ltimo viernes autoridades de la Direcci&oacute;n de Agricultura y Contingencias Clim&aacute;ticas (DACC) y del Departamento de Aeron&aacute;utica de la Provincia celebraron la apertura con un acto.<\/p>\n<p>El director de la DACC, Marcos Scipioni, comunic&oacute; que para esta temporada se trabajar&aacute; con cuatros radares ubicados en San Mart&iacute;n, Tupungato, San Rafael (La Llave) y General Alvear (Bowen). El funcionario tambi&eacute;n explic&oacute; que los tres aviones Piper Chayenne en funcionamiento estar&aacute;n operados por un cuerpo de 20 pilotos y que una de las naves tendr&aacute; su base en el oasis sur<\/p>\n<p>El sistema de Lucha Antigranizo funciona gracias al trabajo en conjunto de radaristas y pilotos, del centro de operaciones- que se ubica en Tunuy&aacute;n, de los generadores de superficie que protegen las &aacute;reas donde los aviones no pueden volar; adem&aacute;s de una tercer parte que es el Fondo Solidario Agr&iacute;cola, que otorga las compensaciones a productores adheridos al sistema. Tambi&eacute;n cuenta con un cuerpo de ingenieros agr&oacute;nomos que son los encargados de realizar los peritajes en caso de registrarse siniestros.<\/p>\n<\/body><\/html>\n","protected":false},"excerpt":{"rendered":"El viernes 16 de octubre se realiz\u00f3 la apertura oficial. Participaron autoridades de la Direcci\u00f3n del Agricultura y Contingencias Clim\u00e1ticas y del departamento de aeron\u00e1utica.","protected":false},"author":3,"featured_media":42585,"comment_status":"open","ping_status":"open","sticky":false,"template":"","format":"standard","meta":[],"categories":[1],"tags":[],"_links":{"self":[{"href":"https:\/\/www.mendoza.gov.ar\/prensa\/wp-json\/wp\/v2\/posts\/42578"}],"collection":[{"href":"https:\/\/www.mendoza.gov.ar\/prensa\/wp-json\/wp\/v2\/posts"}],"about":[{"href":"https:\/\/www.mendoza.gov.ar\/prensa\/wp-json\/wp\/v2\/types\/post"}],"author":[{"embeddable":true,"href":"https:\/\/www.mendoza.gov.ar\/prensa\/wp-json\/wp\/v2\/users\/3"}],"replies":[{"embeddable":true,"href":"https:\/\/www.mendoza.gov.ar\/prensa\/wp-json\/wp\/v2\/comments?post=42578"}],"version-history":[{"count":0,"href":"https:\/\/www.mendoza.gov.ar\/prensa\/wp-json\/wp\/v2\/posts\/42578\/revisions"}],"wp:featuredmedia":[{"embeddable":true,"href":"https:\/\/www.mendoza.gov.ar\/prensa\/wp-json\/wp\/v2\/media\/42585"}],"wp:attachment":[{"href":"https:\/\/www.mendoza.gov.ar\/prensa\/wp-json\/wp\/v2\/media?parent=42578"}],"wp:term":[{"taxonomy":"category","embeddable":true,"href":"https:\/\/www.mendoza.gov.ar\/prensa\/wp-json\/wp\/v2\/categories?post=42578"},{"taxonomy":"post_tag","embeddable":true,"href":"https:\/\/www.mendoza.gov.ar\/prensa\/wp-json\/wp\/v2\/tags?post=42578"}],"curies":[{"name":"wp","href":"https:\/\/api.w.org\/{rel}","templated":true}]}}