{"id":42655,"date":"2015-10-21T09:02:24","date_gmt":"2015-10-21T12:02:24","guid":{"rendered":"http:\/\/prensa.mendoza.gov.ar\/?p=42655"},"modified":"2015-10-21T09:02:24","modified_gmt":"2015-10-21T12:02:24","slug":"comenzo-la-xxxiv-reunion-binacional-del-sistema-cristo-redentor","status":"publish","type":"post","link":"https:\/\/www.mendoza.gov.ar\/prensa\/comenzo-la-xxxiv-reunion-binacional-del-sistema-cristo-redentor\/","title":{"rendered":"Comenz\u00f3\u00a0la XXXIV\u00a0reuni\u00f3n binacional del sistema Cristo Redentor"},"content":{"rendered":"<!DOCTYPE html PUBLIC \"-\/\/W3C\/\/DTD HTML 4.0 Transitional\/\/EN\" \"http:\/\/www.w3.org\/TR\/REC-html40\/loose.dtd\">\n<html><body><p>El&nbsp;ministro de Infraestructura, Rolando Baldasso junto a su par de Gobierno, Rodolfo Lafalla participaron del acto de apertura de la&nbsp;XXXIV&nbsp;reuni&oacute;n binacional del sistema Cristo Redentor.<\/p>\n<p>La tarea del comit&eacute; es evaluar lo realizado durante el a&ntilde;o y fijar las pautas de trabajo para el nuevo ciclo y la reuni&oacute;n, especificamente tiene&nbsp;como objetivo abordar temas de trascendental importancia para Chile y Argentina, tales como migraciones, aduanas, controles fitozoosanitarios, infraestructura y transporte, turismo,&nbsp;comercio y producci&oacute;n, cultura,&nbsp; patrimonio, salud,&nbsp;medio ambiente, medios de comunicaci&oacute;n, educaci&oacute;n y g&eacute;nero.<\/p>\n<p>Se&nbsp;destacaran los temas referidos a la facilitaci&oacute;n fronteriza del paso Cristo Redentor, ya sea en el tr&aacute;nsito de turistas como para el transporte internacional de carga.<\/p>\n<p>&ldquo;Tenemos la expectativa de comenzar a trabajar en la conformaci&oacute;n de un ente binacional que, con criterios t&eacute;cnicos y apoyados en el uso de la tecnolog&iacute;a, permita unificar las decisiones a la hora de establecer las condiciones de transitabilidad, apertura y cierre del paso&rdquo; explic&oacute; el ministro Baldasso.<\/p>\n<p>Sobre el balance de las reuniones realizadas sobre este importante paso cordillerano, el ministro Baldasso expres&oacute;: &ldquo;Durante los 4 a&ntilde;os de mi gesti&oacute;n hemos realizado importantes avances en materia de agilizaci&oacute;n de los tr&aacute;mites aduaneros, como es la implementaci&oacute;n del sistema codo a codo y la construcci&oacute;n de cabinas externas que permiten la realizaci&oacute;n de un mayor n&uacute;mero de tr&aacute;mites, principalmente en las &eacute;pocas de mayor flujo tur&iacute;stico como los meses de enero y febrero. Tambi&eacute;n la inversi&oacute;n en equipamiento e infraestructura realizada por Validad Nacional ha permitido mayor agilidad en el lado argentino. Como materia pendiente, nos queda la reconversi&oacute;n del t&uacute;nel Caracoles, que es un t&uacute;nel ferroviario, en corredor vial que permita el doble carril para bajada y subida de los veh&iacute;culos, camiones y colectivos&rdquo;.<\/p>\n<p>En el encuentro estuvieron presentes &nbsp;el representante de la Embajada de Chile en Argentina, Jos&eacute; Antonio Viera Gallo; la gobernadora de Los Andes, Mar&iacute;a Victoria Rodr&iacute;guez; la presidente del Comit&eacute;, M&oacute;nica Dinucci; el representante de la Direcci&oacute;n de Fronteras y L&iacute;mites de Chile, Anselmo Pomes y representando a la provincia de Mendoza los ministros de Infraestructura, Rolando Baldasso y de Gobierno, Rodolfo Lafalla. Tambi&eacute;n asistieron a la reuni&oacute;n representantes de las gobernaciones de Los Andes y San Felipe y los seremi de Agricultura, Ganader&iacute;a, Econom&iacute;a, Justicia y Desarrollo Social del vecino pa&iacute;s.<\/p>\n<p>&nbsp;<\/p>\n<\/body><\/html>\n","protected":false},"excerpt":{"rendered":"Las actividades se desarrollan en el Espacio Julio Le Parc durante hoy y ma\u00f1ana. Importantes expectativas en la creaci\u00f3n de un ente que unifique criterios t\u00e9cnicos para la apertura y cierre del cruce internacional a ambos lados de la cordillera.","protected":false},"author":3,"featured_media":42666,"comment_status":"open","ping_status":"open","sticky":false,"template":"","format":"standard","meta":[],"categories":[1],"tags":[],"_links":{"self":[{"href":"https:\/\/www.mendoza.gov.ar\/prensa\/wp-json\/wp\/v2\/posts\/42655"}],"collection":[{"href":"https:\/\/www.mendoza.gov.ar\/prensa\/wp-json\/wp\/v2\/posts"}],"about":[{"href":"https:\/\/www.mendoza.gov.ar\/prensa\/wp-json\/wp\/v2\/types\/post"}],"author":[{"embeddable":true,"href":"https:\/\/www.mendoza.gov.ar\/prensa\/wp-json\/wp\/v2\/users\/3"}],"replies":[{"embeddable":true,"href":"https:\/\/www.mendoza.gov.ar\/prensa\/wp-json\/wp\/v2\/comments?post=42655"}],"version-history":[{"count":0,"href":"https:\/\/www.mendoza.gov.ar\/prensa\/wp-json\/wp\/v2\/posts\/42655\/revisions"}],"wp:featuredmedia":[{"embeddable":true,"href":"https:\/\/www.mendoza.gov.ar\/prensa\/wp-json\/wp\/v2\/media\/42666"}],"wp:attachment":[{"href":"https:\/\/www.mendoza.gov.ar\/prensa\/wp-json\/wp\/v2\/media?parent=42655"}],"wp:term":[{"taxonomy":"category","embeddable":true,"href":"https:\/\/www.mendoza.gov.ar\/prensa\/wp-json\/wp\/v2\/categories?post=42655"},{"taxonomy":"post_tag","embeddable":true,"href":"https:\/\/www.mendoza.gov.ar\/prensa\/wp-json\/wp\/v2\/tags?post=42655"}],"curies":[{"name":"wp","href":"https:\/\/api.w.org\/{rel}","templated":true}]}}