{"id":42847,"date":"2015-10-27T07:39:40","date_gmt":"2015-10-27T10:39:40","guid":{"rendered":"http:\/\/prensa.mendoza.gov.ar\/?p=42847"},"modified":"2015-10-27T07:39:40","modified_gmt":"2015-10-27T10:39:40","slug":"homenaje-a-carmen-guzman-de-la-casa-de-mendoza","status":"publish","type":"post","link":"https:\/\/www.mendoza.gov.ar\/prensa\/homenaje-a-carmen-guzman-de-la-casa-de-mendoza\/","title":{"rendered":"Homenaje a Carmen Guzm\u00e1n de la Casa de Mendoza"},"content":{"rendered":"<!DOCTYPE html PUBLIC \"-\/\/W3C\/\/DTD HTML 4.0 Transitional\/\/EN\" \"http:\/\/www.w3.org\/TR\/REC-html40\/loose.dtd\">\n<html><body><p>El mi&eacute;rcoles 4 de noviembre, a las 20.30, en el marco del Ciclo &ldquo;Tango de Mi&eacute;rcoles&rdquo; se realizar&aacute; el homenaje a una gran cantante y compositora mendocina, bajo el t&iacute;tulo &ldquo;Se&ntilde;ora Milonga&rdquo; Tributo a Carmen Guzm&aacute;n.<\/p>\n<p>El homenaje es organizado por la Casa de Mendoza junto a la Academia Nacional del Tango y el Centro Cultural de la Cooperaci&oacute;n Floreal Gorini.<\/p>\n<p>El evento se desarrollar&aacute; en la Sala Osvaldo Pugliese, Centro Cultural de la Cooperaci&oacute;n Floreal Gorini. Av. Corrientes 1543, C.A.B.A.<\/p>\n<p>Formar&aacute;n parte varios artistas reconocidos y personalidades de la cultura, entre ellos Gabriel Soria, Presidente de la Academia Nacional del Tango, Luis Filipelli (voz), Federico Mizrahi (piano), Victoria Di Raimondo (voz), Hern&aacute;n Reinaudo (guitarra), Andr&eacute;s Mart&iacute;nez (voz), Emiliano Aguilar (guitarra), Jorge Troyano (guitarra), Claudia Moreno (voz) y Mar&iacute;a del Mar Estrella, poeta y letrista.&nbsp;Adem&aacute;s&nbsp;se proyectar&aacute;n entrevistas &nbsp;de Marcelo Sim&oacute;n, director de Radio Nacional Folkl&oacute;rica;<\/p>\n<p>La conducci&oacute;n estar&aacute; a cargo de Mariana Fossati y Walter Alegre.<\/p>\n<p><strong>La cantautora<\/strong><\/p>\n<p>Carmen Guzm&aacute;n, autora, compositora, cantante y guitarrista con m&aacute;s de 60 a&ntilde;os de trayectoria art&iacute;stica, naci&oacute; en Mendoza, el 13 de octubre de 1925, estudi&oacute; guitarra desde los 7 a&ntilde;os y se recibi&oacute; de Profesora a los 14, revelando desde entonces su excepcional talento para la m&uacute;sica.<\/p>\n<p>A los 19, gan&oacute; un concurso en Radio de Cuyo, iniciando as&iacute; su carrera art&iacute;stica.<\/p>\n<p>Compuso m&aacute;s de 300 temas, como &ldquo;De Buenos Aires morena&rdquo; (Primer Premio en Folklore &ndash; Pre-Selecci&oacute;n Festival OTI y Premio Prensario como Mejor Canci&oacute;n de 1980), &ldquo;Siga cantando nom&aacute;s&rdquo; (1&ordm; Premio Festival Gardel de la Canci&oacute;n), &ldquo;Gorri&oacute;n con bolsillos&rdquo;, &ldquo;Milonga de andar con alas&rdquo;, &ldquo;Cae la tarde&rdquo;, &ldquo;Guitarra desolada&rdquo;, &ldquo;Patente de aprendiz&rdquo;varios de ellos fueron premiados e integran el repertorio de consagrados int&eacute;rpretes de la m&uacute;sica nacional como Susana Rinaldi,&nbsp; Chany Su&aacute;rez, Laura Albarrac&iacute;n, Leticia Daneri, Caracol, Horacio Molina, &nbsp;Juan Darth&eacute;s,&nbsp; entre otros.<\/p>\n<p>Adem&aacute;s, compuso m&aacute;s de treinta obras del g&eacute;nero cl&aacute;sico para guitarra sola, editadas por Editorial Lagos y por Editorial Henry Lemoine de Par&iacute;s, Francia, que hoy son materia de estudio entre profesores del instrumento y fueron incluidas en c&aacute;tedras de guitarra en universidades de los Estados Unidos.<\/p>\n<p>Todos los importantes sellos discogr&aacute;ficos de Buenos Aires contaron con su valioso aporte a la m&uacute;sica folkl&oacute;rica y al tango. Actu&oacute; en radio y televisi&oacute;n, en los m&aacute;s importantes teatros y salas de la Ciudad de Buenos Aires y&nbsp; en diversos pa&iacute;ses junto a grandes figuras de la m&uacute;sica. Sus &uacute;ltimos registros discogr&aacute;ficos, De Buenos Aires morena, Carnet de identidad, Canto que se hace viento y Se&ntilde;ora Milonga, fueron recibidos con elogios de la cr&iacute;tica especializada y del p&uacute;blico.<\/p>\n<p>Falleci&oacute; en la ciudad de Buenos Aires el 17 de mayo de 2012, a los 86 a&ntilde;os de edad.<\/p>\n<p>&nbsp;<\/p>\n<\/body><\/html>\n","protected":false},"excerpt":{"rendered":"El espect\u00e1culo en honor a la gran cantante y compositora mendocina, recibe el t\u00edtulo de&#8221;Se\u00f1ora Milonga&#8221;. Se realizar\u00e1 en la Sala Osvaldo Pugliese, Centro Cultural de la Cooperaci\u00f3n, Corrientes 1543, C.A.B.A","protected":false},"author":3,"featured_media":42850,"comment_status":"open","ping_status":"open","sticky":false,"template":"","format":"standard","meta":[],"categories":[1],"tags":[],"_links":{"self":[{"href":"https:\/\/www.mendoza.gov.ar\/prensa\/wp-json\/wp\/v2\/posts\/42847"}],"collection":[{"href":"https:\/\/www.mendoza.gov.ar\/prensa\/wp-json\/wp\/v2\/posts"}],"about":[{"href":"https:\/\/www.mendoza.gov.ar\/prensa\/wp-json\/wp\/v2\/types\/post"}],"author":[{"embeddable":true,"href":"https:\/\/www.mendoza.gov.ar\/prensa\/wp-json\/wp\/v2\/users\/3"}],"replies":[{"embeddable":true,"href":"https:\/\/www.mendoza.gov.ar\/prensa\/wp-json\/wp\/v2\/comments?post=42847"}],"version-history":[{"count":0,"href":"https:\/\/www.mendoza.gov.ar\/prensa\/wp-json\/wp\/v2\/posts\/42847\/revisions"}],"wp:featuredmedia":[{"embeddable":true,"href":"https:\/\/www.mendoza.gov.ar\/prensa\/wp-json\/wp\/v2\/media\/42850"}],"wp:attachment":[{"href":"https:\/\/www.mendoza.gov.ar\/prensa\/wp-json\/wp\/v2\/media?parent=42847"}],"wp:term":[{"taxonomy":"category","embeddable":true,"href":"https:\/\/www.mendoza.gov.ar\/prensa\/wp-json\/wp\/v2\/categories?post=42847"},{"taxonomy":"post_tag","embeddable":true,"href":"https:\/\/www.mendoza.gov.ar\/prensa\/wp-json\/wp\/v2\/tags?post=42847"}],"curies":[{"name":"wp","href":"https:\/\/api.w.org\/{rel}","templated":true}]}}