{"id":430146,"date":"2024-09-18T15:00:02","date_gmt":"2024-09-18T18:00:02","guid":{"rendered":"https:\/\/www.mendoza.gov.ar\/prensa\/?p=430146"},"modified":"2024-10-25T18:13:52","modified_gmt":"2024-10-25T21:13:52","slug":"incas-en-laguna-del-diamante-energia-y-ambiente-presento-los-reveladores-resultados-de-la-investigacion","status":"publish","type":"post","link":"https:\/\/www.mendoza.gov.ar\/prensa\/incas-en-laguna-del-diamante-energia-y-ambiente-presento-los-reveladores-resultados-de-la-investigacion\/","title":{"rendered":"Incas en Laguna del Diamante: Energ\u00eda y Ambiente present\u00f3 los reveladores resultados de la investigaci\u00f3n"},"content":{"rendered":"<!DOCTYPE html PUBLIC \"-\/\/W3C\/\/DTD HTML 4.0 Transitional\/\/EN\" \"http:\/\/www.w3.org\/TR\/REC-html40\/loose.dtd\">\n<html><body><h5>El resultado de las investigaciones conjuntas entre el sector cient&iacute;fico, Guardaparques y Gobierno revela que el imperio lleg&oacute; m&aacute;s al Sur de lo que siempre se crey&oacute;. El &aacute;rea natural protegida de San Carlos fue un sitio sagrado a los pies del volc&aacute;n Maipo. La laguna y el volc&aacute;n fueron consideradas deidades.<\/h5>\n\n\n\n<p>Un grupo de guardaparques mendocinos encontr&oacute; en 2022 un conjunto de estructuras arquitect&oacute;nicas complejas que les llamaron la atenci&oacute;n al Sur del volc&aacute;n Maipo, en San Carlos. A partir de ese hallazgo, se inici&oacute; un trabajo interdisciplinario entre el Gobierno de Mendoza, cient&iacute;ficos y guardaparques y las conclusiones fueron presentadas en Museo de la Educaci&oacute;n, antigua Escuela Mitre.<\/p>\n\n\n\n<p>La informaci&oacute;n sorprende al mundo de la arqueolog&iacute;a y le agrega valor al &Aacute;rea Natural Protegida que ya es patrimonio de los mendocinos: el Imperio Inca lleg&oacute; mucho m&aacute;s al sur de lo que se pensaba y la zona de San Carlos era un sitio sagrado donde hab&iacute;a presencia permanente.<\/p>\n\n\n\n<p>La presentaci&oacute;n, organizada por la direcci&oacute;n de &Aacute;reas Protegidas del Ministerio de Energ&iacute;a y Ambiente, se realiz&oacute; en el marco del conversatorio &ldquo;Estructuras arquitect&oacute;nicas incas en el &Aacute;rea Natural Protegida Laguna del Diamante. La construcci&oacute;n de un paisaje sagrado en el l&iacute;mite sur del Tawantinsuyu&rdquo;.<\/p>\n\n\n\n<p>Los encargados de exponer las novedades fueron la doctora en Ciencia y Tecnolog&iacute;a orientada a la arqueolog&iacute;a Sol Z&aacute;rate Bernardi y el doctor en Ciencias Naturales y antrop&oacute;logo V&iacute;ctor Dur&aacute;n, del Laboratorio de Paleontolog&iacute;a Humana, Instituto de Ciencias B&aacute;sicas (ICB), Conicet-UNCuyo, junto con la guardaparque Jimena Mart&iacute;nez Chaves.<\/p>\n\n\n\n<p>Los estudios llevados adelante, desde el hallazgo de 2022, permitieron identificar un conjunto de sitios singulares en un sector de contacto entre las cuencas de los r&iacute;os Maipo (Chile) y Diamante y Tunuy&aacute;n (Argentina), dentro de una franja considerada el l&iacute;mite austral del Tawantinsuyu.<\/p>\n\n\n\n<p>Los hallazgos sugieren que el estado inca podr&iacute;a haber controlado estos ambientes de altura para mantener una red de tr&aacute;fico especializado que conectaba el Valle Central Chileno con los valles orientales de Uco y Jaur&uacute;a.<\/p>\n\n\n\n<p>Adem&aacute;s, la investigaci&oacute;n propone un proceso de sacralizaci&oacute;n de estos espacios dominados por el volc&aacute;n Maipo y la laguna del Diamante, en el cual pudieron haber participado mitimaes provenientes del &aacute;rea circum-pune&ntilde;a.<\/p>\n\n\n\n<p>&ldquo;Las investigaciones arqueol&oacute;gicas que se est&aacute;n desarrollando en el &Aacute;rea Natural Protegida Laguna del Diamante cobran una importancia particular, ya que demuestran que los incas construyeron all&iacute;, hace alrededor de 500 a&ntilde;os, un paisaje sagrado que se expresa en un conjunto extraordinario de estructuras arquitect&oacute;nicas que envuelven al volc&aacute;n Maipo y a la Laguna del Diamante&rdquo;, afirm&oacute; Dur&aacute;n.<\/p>\n\n\n\n<p>&ldquo;Al construirlas honraron a ese volc&aacute;n y a la laguna como deidades y al mismo tiempo marcaron el l&iacute;mite de su expansi&oacute;n hacia el sur&rdquo;, agreg&oacute;.<\/p>\n\n\n\n<p>Por su parte, la guardaparque Jimena Mart&iacute;nez Chaves remarc&oacute; el rol del Cuerpo de Guardaparques como agentes de conservaci&oacute;n, ya que una de sus funciones es la colaboraci&oacute;n y articulaci&oacute;n con los equipos y grupos que realizan investigaciones cient&iacute;ficas en las &aacute;reas naturales protegidas de Mendoza.<\/p>\n\n\n\n<p>&ldquo;Es importante dar a conocer los resultados de estos trabajos y poner en valor el patrimonio cultural de la provincia, m&aacute;s cuando estos hallazgos tienen relevancia internacional&rdquo;, afirm&oacute; Mart&iacute;nez Chaves.<\/p>\n\n\n\n<p>La participaci&oacute;n del Cuerpo de Guardaparques en las tareas de investigaci&oacute;n arqueol&oacute;gica dentro de la Reserva Natural Laguna del Diamante ha sido clave para lograr los hallazgos. Los resultados son fruto de un trabajo conjunto entre el Conicet, la Universidad Nacional de La Plata, la Universidad Nacional de Cuyo y el personal del Gobierno de Mendoza.<\/p>\n\n\n\n<figure class=\"wp-block-gallery columns-3\"><ul class=\"blocks-gallery-grid\"><li class=\"blocks-gallery-item\"><figure><a href=\"https:\/\/www.mendoza.gov.ar\/wp-content\/uploads\/sites\/5\/2024\/09\/WhatsApp-Image-2024-09-18-at-12.17.48-700x933.jpeg\"><img loading=\"lazy\" width=\"700\" height=\"933\" src=\"https:\/\/www.mendoza.gov.ar\/wp-content\/uploads\/sites\/5\/2024\/09\/WhatsApp-Image-2024-09-18-at-12.17.48-700x933.jpeg\" alt=\"\" data-id=\"430148\" data-link=\"https:\/\/www.mendoza.gov.ar\/prensa\/?attachment_id=430148\" class=\"wp-image-430148 img-responsive center-block\" srcset=\"https:\/\/www.mendoza.gov.ar\/wp-content\/uploads\/sites\/5\/2024\/09\/WhatsApp-Image-2024-09-18-at-12.17.48-700x933.jpeg 700w, https:\/\/www.mendoza.gov.ar\/wp-content\/uploads\/sites\/5\/2024\/09\/WhatsApp-Image-2024-09-18-at-12.17.48-250x333.jpeg 250w, https:\/\/www.mendoza.gov.ar\/wp-content\/uploads\/sites\/5\/2024\/09\/WhatsApp-Image-2024-09-18-at-12.17.48-768x1024.jpeg 768w, https:\/\/www.mendoza.gov.ar\/wp-content\/uploads\/sites\/5\/2024\/09\/WhatsApp-Image-2024-09-18-at-12.17.48-1152x1536.jpeg 1152w, https:\/\/www.mendoza.gov.ar\/wp-content\/uploads\/sites\/5\/2024\/09\/WhatsApp-Image-2024-09-18-at-12.17.48-120x160.jpeg 120w, https:\/\/www.mendoza.gov.ar\/wp-content\/uploads\/sites\/5\/2024\/09\/WhatsApp-Image-2024-09-18-at-12.17.48.jpeg 1200w\" sizes=\"(max-width: 700px) 100vw, 700px\"><\/a><\/figure><\/li><li class=\"blocks-gallery-item\"><figure><a href=\"https:\/\/www.mendoza.gov.ar\/wp-content\/uploads\/sites\/5\/2024\/09\/WhatsApp-Image-2024-09-18-at-12.17.47-3-700x933.jpeg\"><img loading=\"lazy\" width=\"700\" height=\"933\" src=\"https:\/\/www.mendoza.gov.ar\/wp-content\/uploads\/sites\/5\/2024\/09\/WhatsApp-Image-2024-09-18-at-12.17.47-3-700x933.jpeg\" alt=\"\" data-id=\"430149\" data-link=\"https:\/\/www.mendoza.gov.ar\/prensa\/?attachment_id=430149\" class=\"wp-image-430149 img-responsive center-block\" srcset=\"https:\/\/www.mendoza.gov.ar\/wp-content\/uploads\/sites\/5\/2024\/09\/WhatsApp-Image-2024-09-18-at-12.17.47-3-700x933.jpeg 700w, https:\/\/www.mendoza.gov.ar\/wp-content\/uploads\/sites\/5\/2024\/09\/WhatsApp-Image-2024-09-18-at-12.17.47-3-250x333.jpeg 250w, https:\/\/www.mendoza.gov.ar\/wp-content\/uploads\/sites\/5\/2024\/09\/WhatsApp-Image-2024-09-18-at-12.17.47-3-768x1024.jpeg 768w, https:\/\/www.mendoza.gov.ar\/wp-content\/uploads\/sites\/5\/2024\/09\/WhatsApp-Image-2024-09-18-at-12.17.47-3-1152x1536.jpeg 1152w, https:\/\/www.mendoza.gov.ar\/wp-content\/uploads\/sites\/5\/2024\/09\/WhatsApp-Image-2024-09-18-at-12.17.47-3-120x160.jpeg 120w, https:\/\/www.mendoza.gov.ar\/wp-content\/uploads\/sites\/5\/2024\/09\/WhatsApp-Image-2024-09-18-at-12.17.47-3.jpeg 1200w\" sizes=\"(max-width: 700px) 100vw, 700px\"><\/a><\/figure><\/li><li class=\"blocks-gallery-item\"><figure><a href=\"https:\/\/www.mendoza.gov.ar\/wp-content\/uploads\/sites\/5\/2024\/09\/WhatsApp-Image-2024-09-18-at-12.17.47-2-700x933.jpeg\"><img loading=\"lazy\" width=\"700\" height=\"933\" src=\"https:\/\/www.mendoza.gov.ar\/wp-content\/uploads\/sites\/5\/2024\/09\/WhatsApp-Image-2024-09-18-at-12.17.47-2-700x933.jpeg\" alt=\"\" data-id=\"430150\" data-link=\"https:\/\/www.mendoza.gov.ar\/prensa\/?attachment_id=430150\" class=\"wp-image-430150 img-responsive center-block\" srcset=\"https:\/\/www.mendoza.gov.ar\/wp-content\/uploads\/sites\/5\/2024\/09\/WhatsApp-Image-2024-09-18-at-12.17.47-2-700x933.jpeg 700w, https:\/\/www.mendoza.gov.ar\/wp-content\/uploads\/sites\/5\/2024\/09\/WhatsApp-Image-2024-09-18-at-12.17.47-2-250x333.jpeg 250w, https:\/\/www.mendoza.gov.ar\/wp-content\/uploads\/sites\/5\/2024\/09\/WhatsApp-Image-2024-09-18-at-12.17.47-2-768x1024.jpeg 768w, https:\/\/www.mendoza.gov.ar\/wp-content\/uploads\/sites\/5\/2024\/09\/WhatsApp-Image-2024-09-18-at-12.17.47-2-1152x1536.jpeg 1152w, https:\/\/www.mendoza.gov.ar\/wp-content\/uploads\/sites\/5\/2024\/09\/WhatsApp-Image-2024-09-18-at-12.17.47-2-120x160.jpeg 120w, https:\/\/www.mendoza.gov.ar\/wp-content\/uploads\/sites\/5\/2024\/09\/WhatsApp-Image-2024-09-18-at-12.17.47-2.jpeg 1200w\" sizes=\"(max-width: 700px) 100vw, 700px\"><\/a><\/figure><\/li><li class=\"blocks-gallery-item\"><figure><a href=\"https:\/\/www.mendoza.gov.ar\/wp-content\/uploads\/sites\/5\/2024\/09\/WhatsApp-Image-2024-09-18-at-12.17.47-1-700x525.jpeg\"><img loading=\"lazy\" width=\"700\" height=\"525\" src=\"https:\/\/www.mendoza.gov.ar\/wp-content\/uploads\/sites\/5\/2024\/09\/WhatsApp-Image-2024-09-18-at-12.17.47-1-700x525.jpeg\" alt=\"\" data-id=\"430151\" data-link=\"https:\/\/www.mendoza.gov.ar\/prensa\/?attachment_id=430151\" class=\"wp-image-430151 img-responsive center-block\" srcset=\"https:\/\/www.mendoza.gov.ar\/wp-content\/uploads\/sites\/5\/2024\/09\/WhatsApp-Image-2024-09-18-at-12.17.47-1-700x525.jpeg 700w, https:\/\/www.mendoza.gov.ar\/wp-content\/uploads\/sites\/5\/2024\/09\/WhatsApp-Image-2024-09-18-at-12.17.47-1-250x188.jpeg 250w, https:\/\/www.mendoza.gov.ar\/wp-content\/uploads\/sites\/5\/2024\/09\/WhatsApp-Image-2024-09-18-at-12.17.47-1-768x576.jpeg 768w, https:\/\/www.mendoza.gov.ar\/wp-content\/uploads\/sites\/5\/2024\/09\/WhatsApp-Image-2024-09-18-at-12.17.47-1-120x90.jpeg 120w, https:\/\/www.mendoza.gov.ar\/wp-content\/uploads\/sites\/5\/2024\/09\/WhatsApp-Image-2024-09-18-at-12.17.47-1.jpeg 1288w\" sizes=\"(max-width: 700px) 100vw, 700px\"><\/a><\/figure><\/li><li class=\"blocks-gallery-item\"><figure><a href=\"https:\/\/www.mendoza.gov.ar\/wp-content\/uploads\/sites\/5\/2024\/09\/WhatsApp-Image-2024-09-18-at-12.17.47-700x525.jpeg\"><img loading=\"lazy\" width=\"700\" height=\"525\" src=\"https:\/\/www.mendoza.gov.ar\/wp-content\/uploads\/sites\/5\/2024\/09\/WhatsApp-Image-2024-09-18-at-12.17.47-700x525.jpeg\" alt=\"\" data-id=\"430152\" data-link=\"https:\/\/www.mendoza.gov.ar\/prensa\/?attachment_id=430152\" class=\"wp-image-430152 img-responsive center-block\" srcset=\"https:\/\/www.mendoza.gov.ar\/wp-content\/uploads\/sites\/5\/2024\/09\/WhatsApp-Image-2024-09-18-at-12.17.47-700x525.jpeg 700w, https:\/\/www.mendoza.gov.ar\/wp-content\/uploads\/sites\/5\/2024\/09\/WhatsApp-Image-2024-09-18-at-12.17.47-250x188.jpeg 250w, https:\/\/www.mendoza.gov.ar\/wp-content\/uploads\/sites\/5\/2024\/09\/WhatsApp-Image-2024-09-18-at-12.17.47-768x576.jpeg 768w, https:\/\/www.mendoza.gov.ar\/wp-content\/uploads\/sites\/5\/2024\/09\/WhatsApp-Image-2024-09-18-at-12.17.47-120x90.jpeg 120w, https:\/\/www.mendoza.gov.ar\/wp-content\/uploads\/sites\/5\/2024\/09\/WhatsApp-Image-2024-09-18-at-12.17.47.jpeg 1288w\" sizes=\"(max-width: 700px) 100vw, 700px\"><\/a><\/figure><\/li><\/ul><\/figure>\n<\/body><\/html>\n","protected":false},"excerpt":{"rendered":"El resultado de las investigaciones conjuntas entre el sector cient&iacute;fico, Guardaparques y Gobierno revela que el imperio lleg&oacute; m&aacute;s al Sur de lo que siempre se crey&oacute;. El &aacute;rea natural protegida de San Carlos fue un sitio sagrado a los pies del volc&aacute;n Maipo. La laguna y el volc&aacute;n fueron consideradas deidades. Un grupo de&#8230; <a class=\"view-article\" href=\"https:\/\/www.mendoza.gov.ar\/prensa\/incas-en-laguna-del-diamante-energia-y-ambiente-presento-los-reveladores-resultados-de-la-investigacion\/\"><\/a>","protected":false},"author":61,"featured_media":430148,"comment_status":"open","ping_status":"open","sticky":false,"template":"","format":"standard","meta":[],"categories":[3037,3040,3064,3,3063],"tags":[],"_links":{"self":[{"href":"https:\/\/www.mendoza.gov.ar\/prensa\/wp-json\/wp\/v2\/posts\/430146"}],"collection":[{"href":"https:\/\/www.mendoza.gov.ar\/prensa\/wp-json\/wp\/v2\/posts"}],"about":[{"href":"https:\/\/www.mendoza.gov.ar\/prensa\/wp-json\/wp\/v2\/types\/post"}],"author":[{"embeddable":true,"href":"https:\/\/www.mendoza.gov.ar\/prensa\/wp-json\/wp\/v2\/users\/61"}],"replies":[{"embeddable":true,"href":"https:\/\/www.mendoza.gov.ar\/prensa\/wp-json\/wp\/v2\/comments?post=430146"}],"version-history":[{"count":5,"href":"https:\/\/www.mendoza.gov.ar\/prensa\/wp-json\/wp\/v2\/posts\/430146\/revisions"}],"predecessor-version":[{"id":430166,"href":"https:\/\/www.mendoza.gov.ar\/prensa\/wp-json\/wp\/v2\/posts\/430146\/revisions\/430166"}],"wp:featuredmedia":[{"embeddable":true,"href":"https:\/\/www.mendoza.gov.ar\/prensa\/wp-json\/wp\/v2\/media\/430148"}],"wp:attachment":[{"href":"https:\/\/www.mendoza.gov.ar\/prensa\/wp-json\/wp\/v2\/media?parent=430146"}],"wp:term":[{"taxonomy":"category","embeddable":true,"href":"https:\/\/www.mendoza.gov.ar\/prensa\/wp-json\/wp\/v2\/categories?post=430146"},{"taxonomy":"post_tag","embeddable":true,"href":"https:\/\/www.mendoza.gov.ar\/prensa\/wp-json\/wp\/v2\/tags?post=430146"}],"curies":[{"name":"wp","href":"https:\/\/api.w.org\/{rel}","templated":true}]}}