{"id":43052,"date":"2015-11-03T18:27:16","date_gmt":"2015-11-03T21:27:16","guid":{"rendered":"http:\/\/prensa.mendoza.gov.ar\/?p=43052"},"modified":"2015-11-03T18:27:16","modified_gmt":"2015-11-03T21:27:16","slug":"habra-un-corte-de-agua-en-godoy-cruz","status":"publish","type":"post","link":"https:\/\/www.mendoza.gov.ar\/prensa\/habra-un-corte-de-agua-en-godoy-cruz\/","title":{"rendered":"Habr\u00e1 un corte de agua en Godoy Cruz"},"content":{"rendered":"<!DOCTYPE html PUBLIC \"-\/\/W3C\/\/DTD HTML 4.0 Transitional\/\/EN\" \"http:\/\/www.w3.org\/TR\/REC-html40\/loose.dtd\">\n<html><body><p>Autoridades de AYSAM informaron que este mi&eacute;rcoles 4 de noviembre, de 9 a 17, se producir&aacute; un corte de agua en Godoy Cruz. Ser&aacute; desde calle Arturo Illia a Jacarand&aacute; y de Soler a Salvador Civit.<\/p>\n<p>La interrupci&oacute;n del normal abastecimiento de agua potable se debe a trabajos de mejoras y mantenimiento.<\/p>\n<\/body><\/html>\n","protected":false},"excerpt":{"rendered":"Ser\u00e1 este mi\u00e9rcoles 4 de noviembre, de 9 a 17, desde calle Arturo Illia a Jacarand\u00e1 y de Soler a Salvador Civit.","protected":false},"author":3,"featured_media":0,"comment_status":"open","ping_status":"open","sticky":false,"template":"","format":"standard","meta":[],"categories":[1],"tags":[],"_links":{"self":[{"href":"https:\/\/www.mendoza.gov.ar\/prensa\/wp-json\/wp\/v2\/posts\/43052"}],"collection":[{"href":"https:\/\/www.mendoza.gov.ar\/prensa\/wp-json\/wp\/v2\/posts"}],"about":[{"href":"https:\/\/www.mendoza.gov.ar\/prensa\/wp-json\/wp\/v2\/types\/post"}],"author":[{"embeddable":true,"href":"https:\/\/www.mendoza.gov.ar\/prensa\/wp-json\/wp\/v2\/users\/3"}],"replies":[{"embeddable":true,"href":"https:\/\/www.mendoza.gov.ar\/prensa\/wp-json\/wp\/v2\/comments?post=43052"}],"version-history":[{"count":0,"href":"https:\/\/www.mendoza.gov.ar\/prensa\/wp-json\/wp\/v2\/posts\/43052\/revisions"}],"wp:attachment":[{"href":"https:\/\/www.mendoza.gov.ar\/prensa\/wp-json\/wp\/v2\/media?parent=43052"}],"wp:term":[{"taxonomy":"category","embeddable":true,"href":"https:\/\/www.mendoza.gov.ar\/prensa\/wp-json\/wp\/v2\/categories?post=43052"},{"taxonomy":"post_tag","embeddable":true,"href":"https:\/\/www.mendoza.gov.ar\/prensa\/wp-json\/wp\/v2\/tags?post=43052"}],"curies":[{"name":"wp","href":"https:\/\/api.w.org\/{rel}","templated":true}]}}