{"id":43082,"date":"2015-11-05T07:08:26","date_gmt":"2015-11-05T10:08:26","guid":{"rendered":"http:\/\/prensa.mendoza.gov.ar\/?p=43082"},"modified":"2015-11-05T07:08:26","modified_gmt":"2015-11-05T10:08:26","slug":"el-fondo-para-la-transformacion-y-el-crecimiento-financio-una-fabrica-de-galletas","status":"publish","type":"post","link":"https:\/\/www.mendoza.gov.ar\/prensa\/el-fondo-para-la-transformacion-y-el-crecimiento-financio-una-fabrica-de-galletas\/","title":{"rendered":"El Fondo para la Transformaci\u00f3n y el Crecimiento financi\u00f3 una f\u00e1brica de galletas"},"content":{"rendered":"<!DOCTYPE html PUBLIC \"-\/\/W3C\/\/DTD HTML 4.0 Transitional\/\/EN\" \"http:\/\/www.w3.org\/TR\/REC-html40\/loose.dtd\">\n<html><body><p>El Ministerio de Agroindustria y Tecnolog&iacute;a sigue brindando financiamiento a emprendedores de toda la provincia que permiten el crecimiento de la producci&oacute;n mendocina. Indaz S.A. accedi&oacute; al financiamiento a trav&eacute;s de la l&iacute;nea &ldquo;Inversi&oacute;n en pesos&rdquo;. El cr&eacute;dito fue destinado a la adquisici&oacute;n de maquinaria para incorporar una l&iacute;nea de ba&ntilde;ado de chocolate y fraccionamiento de galletas.<\/p>\n<p>El Director Pablo Olaiz realiz&oacute; una visita a la f&aacute;brica: &ldquo;realizamos las visitas a emprendimientos financiados por FTyC con varios objetivos, entre ellos tener el contacto directo entre el tomador del cr&eacute;dito y la instituci&oacute;n y que nos cuente la experiencia que tuvieron con el Fondo. Esto nos permite ver en qu&eacute; les ha ayudado el cr&eacute;dito y tambi&eacute;n recibir cr&iacute;ticas para continuar mejorando y as&iacute; brindar un mejor servicio para los peque&ntilde;os emprendedores que&nbsp; aportan al crecimiento de la econom&iacute;a de Mendoza&rdquo;.<\/p>\n<p><a href=\"https:\/\/www.mendoza.gov.ar\/prensa\/wp-content\/uploads\/sites\/23\/9.jpg\"><img loading=\"lazy\" class=\"alignnone wp-image-43089 img-responsive center-block\" src=\"https:\/\/www.mendoza.gov.ar\/prensa\/wp-content\/uploads\/sites\/23\/9.jpg\" alt=\"9\" width=\"650\" height=\"470\"><\/a><\/p>\n<p>Por su parte, Carlos Aznar, propietario de la f&aacute;brica coment&oacute;: &rdquo;No existe de manera accesible en el mercado financiero una herramienta como el Fondo para la Transformaci&oacute;n. Nos permiti&oacute; dar este paso en nuestra empresa para crecer&rdquo;.<\/p>\n<p>Para obtener m&aacute;s informaci&oacute;n sobre esta l&iacute;nea y otras de financiamiento del Fondo para la Transformaci&oacute;n y el Crecimiento, los interesados deben ingresar a la p&aacute;gina web <a href=\"www.ftyc.gob.ar%20\">www.ftyc.gob.ar <\/a>, comunicarse a los tel&eacute;fonos 0261- 4202434\/35 de lunes a viernes 7.30 a 14.<\/p>\n<\/body><\/html>\n","protected":false},"excerpt":{"rendered":"A trav\u00e9s de la l\u00ednea &#8220;Inversi\u00f3n en pesos&#8221; una f\u00e1brica compr\u00f3 maquinaria para el ba\u00f1ado de chocolate y fraccionamiento de galletas.","protected":false},"author":3,"featured_media":43091,"comment_status":"open","ping_status":"open","sticky":false,"template":"","format":"standard","meta":[],"categories":[1],"tags":[],"_links":{"self":[{"href":"https:\/\/www.mendoza.gov.ar\/prensa\/wp-json\/wp\/v2\/posts\/43082"}],"collection":[{"href":"https:\/\/www.mendoza.gov.ar\/prensa\/wp-json\/wp\/v2\/posts"}],"about":[{"href":"https:\/\/www.mendoza.gov.ar\/prensa\/wp-json\/wp\/v2\/types\/post"}],"author":[{"embeddable":true,"href":"https:\/\/www.mendoza.gov.ar\/prensa\/wp-json\/wp\/v2\/users\/3"}],"replies":[{"embeddable":true,"href":"https:\/\/www.mendoza.gov.ar\/prensa\/wp-json\/wp\/v2\/comments?post=43082"}],"version-history":[{"count":0,"href":"https:\/\/www.mendoza.gov.ar\/prensa\/wp-json\/wp\/v2\/posts\/43082\/revisions"}],"wp:featuredmedia":[{"embeddable":true,"href":"https:\/\/www.mendoza.gov.ar\/prensa\/wp-json\/wp\/v2\/media\/43091"}],"wp:attachment":[{"href":"https:\/\/www.mendoza.gov.ar\/prensa\/wp-json\/wp\/v2\/media?parent=43082"}],"wp:term":[{"taxonomy":"category","embeddable":true,"href":"https:\/\/www.mendoza.gov.ar\/prensa\/wp-json\/wp\/v2\/categories?post=43082"},{"taxonomy":"post_tag","embeddable":true,"href":"https:\/\/www.mendoza.gov.ar\/prensa\/wp-json\/wp\/v2\/tags?post=43082"}],"curies":[{"name":"wp","href":"https:\/\/api.w.org\/{rel}","templated":true}]}}