{"id":43203,"date":"2015-11-09T10:14:25","date_gmt":"2015-11-09T13:14:25","guid":{"rendered":"http:\/\/prensa.mendoza.gov.ar\/?p=43203"},"modified":"2015-11-09T10:14:25","modified_gmt":"2015-11-09T13:14:25","slug":"la-casa-de-mendoza-en-buenos-aires-cumple-79-anos","status":"publish","type":"post","link":"https:\/\/www.mendoza.gov.ar\/prensa\/la-casa-de-mendoza-en-buenos-aires-cumple-79-anos\/","title":{"rendered":"La Casa de Mendoza en Buenos Aires cumple 79 a\u00f1os"},"content":{"rendered":"<!DOCTYPE html PUBLIC \"-\/\/W3C\/\/DTD HTML 4.0 Transitional\/\/EN\" \"http:\/\/www.w3.org\/TR\/REC-html40\/loose.dtd\">\n<html><body><p>La Casa de los mendocinos en Buenos Aires cumpli&oacute; 79 a&ntilde;os. Fue creada mediante la ley provincial 1.216 sancionada el 6 de noviembre de 1936, denominada &ldquo;Ley de Turismo&rdquo;,&nbsp; la que en su art&iacute;culo 16 establece la instalaci&oacute;n&nbsp; de una oficina de la Direcci&oacute;n Provincial de Turismo en la Capital Federal, para luego convertirse, como funciona actualmente en la sede del Gobierno de Mendoza en Buenos Aires.<\/p>\n<p>Desde 1936, a&ntilde;o en que se realiza la primera Fiesta Nacional de la Vendimia y en coincidencia con la inauguraci&oacute;n del Obelisco, Casa de Mendoza ofrece sus servicios en Buenos Aires, para residentes mendocinos en Capital y para todos los interesados en conocer Mendoza.<\/p>\n<p>En Casa de Mendoza se encuentra&nbsp;al servicio del ciudadano, brindando informaci&oacute;n dirigida al p&uacute;blico en general interesado en la provincia. Adem&aacute;s de transmitir las actividades de gobierno y de los mendocinos visitantes y residentes en Capital<em>,<\/em> representa a funcionarios provinciales en reuniones o acciones ante el Estado Nacional.<\/p>\n<p>Establecelos nexos necesarios a los mendocinos que habitan en Capital, con el fin de cubrir su demanda social, tur&iacute;stica, cultural y educativa inherente a la provincia de Mendoza.<\/p>\n<p>Cuentas con las siguientes &aacute;reas:&nbsp;<strong>Registro Civil y Capacidad de las personas<\/strong><strong>, <\/strong><strong>Turismo, Cultura<\/strong><strong>, <\/strong>&Aacute;rea Social, Educaci&oacute;n y las delegaciones del departamento de San Rafael y de la Obra Social de Empleados P&uacute;blicos (OSEP).<\/p>\n<p>Casa de Mendoza es un pedacito de tierra con perfume a vid, que se impone en la Avenida Callao esquina Corrientes, donde se conjuga el folklore con las melod&iacute;as del tango citadino<\/p>\n<\/body><\/html>\n","protected":false},"excerpt":{"rendered":"Fue creada mediante la ley provincial y brinda servicios de Registro Civil y Capacidad de las personas, Turismo, Cultura, \u00c1rea Social, Educaci\u00f3n y  de la Obra Social de Empleados P\u00fablicos ","protected":false},"author":3,"featured_media":43207,"comment_status":"open","ping_status":"open","sticky":false,"template":"","format":"standard","meta":[],"categories":[1],"tags":[],"_links":{"self":[{"href":"https:\/\/www.mendoza.gov.ar\/prensa\/wp-json\/wp\/v2\/posts\/43203"}],"collection":[{"href":"https:\/\/www.mendoza.gov.ar\/prensa\/wp-json\/wp\/v2\/posts"}],"about":[{"href":"https:\/\/www.mendoza.gov.ar\/prensa\/wp-json\/wp\/v2\/types\/post"}],"author":[{"embeddable":true,"href":"https:\/\/www.mendoza.gov.ar\/prensa\/wp-json\/wp\/v2\/users\/3"}],"replies":[{"embeddable":true,"href":"https:\/\/www.mendoza.gov.ar\/prensa\/wp-json\/wp\/v2\/comments?post=43203"}],"version-history":[{"count":0,"href":"https:\/\/www.mendoza.gov.ar\/prensa\/wp-json\/wp\/v2\/posts\/43203\/revisions"}],"wp:featuredmedia":[{"embeddable":true,"href":"https:\/\/www.mendoza.gov.ar\/prensa\/wp-json\/wp\/v2\/media\/43207"}],"wp:attachment":[{"href":"https:\/\/www.mendoza.gov.ar\/prensa\/wp-json\/wp\/v2\/media?parent=43203"}],"wp:term":[{"taxonomy":"category","embeddable":true,"href":"https:\/\/www.mendoza.gov.ar\/prensa\/wp-json\/wp\/v2\/categories?post=43203"},{"taxonomy":"post_tag","embeddable":true,"href":"https:\/\/www.mendoza.gov.ar\/prensa\/wp-json\/wp\/v2\/tags?post=43203"}],"curies":[{"name":"wp","href":"https:\/\/api.w.org\/{rel}","templated":true}]}}