{"id":43260,"date":"2015-11-10T07:58:42","date_gmt":"2015-11-10T10:58:42","guid":{"rendered":"http:\/\/prensa.mendoza.gov.ar\/?p=43260"},"modified":"2015-11-10T07:58:42","modified_gmt":"2015-11-10T10:58:42","slug":"el-canal-acequia-fue-reconocido-en-cuba","status":"publish","type":"post","link":"https:\/\/www.mendoza.gov.ar\/prensa\/el-canal-acequia-fue-reconocido-en-cuba\/","title":{"rendered":"El Canal Acequia fue reconocido en Cuba"},"content":{"rendered":"<!DOCTYPE html PUBLIC \"-\/\/W3C\/\/DTD HTML 4.0 Transitional\/\/EN\" \"http:\/\/www.w3.org\/TR\/REC-html40\/loose.dtd\">\n<html><body><p>Acequia, el canal p&uacute;blico y estatal de la provincia de Mendoza particip&oacute; de la 2&deg; Convenci&oacute;n de Radio y Televisi&oacute;n en Cuba obteniendo menciones en tres de sus programas y una menci&oacute;n especial. El encuentro se llev&oacute; a cabo los d&iacute;as 25 y 30 de octubre en el Palacio de Convenciones de La Habana, Cuba y es organizada por el Instituto Cubano de Radio y Televisi&oacute;n. Canal Acequia particip&oacute; en todas las categor&iacute;as, aunque no de manera presencial.<\/p>\n<p>Los tres productos audiovisuales de Canal Acequia que lograron menciones fueron: El Cototo y su Choco (categor&iacute;a Animados), La C&aacute;psula del Tiempo (categor&iacute;a Programas Infantiles) y A mil kil&oacute;metros de casa (categor&iacute;a Programas Culturales). Fuera de concurso el Jurado del Festival reconoci&oacute; la labor de Acequia&nbsp; &ldquo;por la defensa de la cultura de Mendoza dentro del panorama argentino, por el respeto y la salvaguarda de su identidad y tradiciones&rdquo;. La otra televisora reconocida fue Al Mayadeen, del L&iacute;bano, por denunciar las atrocidades del terrorismo en el Medio Oriente y por el conjunto de sus obras que forman parte de la memoria hist&oacute;rica de la humanidad.<\/p>\n<p>La Convenci&oacute;n de Radio y Televisi&oacute;n se celebra con el fin de promover el intercambio de ideas, la cooperaci&oacute;n y la comercializaci&oacute;n de tecnolog&iacute;a, productos y servicios. Este a&ntilde;o estuvo especialmente orientada a la protecci&oacute;n del medio ambiente y la difusi&oacute;n de la historia. El jurado estuvo conformado por prestigiosos especialistas quienes tuvieron a su cargo las nominaciones por cada categor&iacute;a en concurso, observando sus valores &eacute;ticos y est&eacute;ticos, as&iacute; como los requisitos de calidad y originalidad. Cuba, Italia, y el L&iacute;bano fueron los pa&iacute;ses que m&aacute;s sobresalieron con el Premio Internacional de Televisi&oacute;n otorgado por el Comit&eacute; Organizador de la Convenci&oacute;n de Radio y Televisi&oacute;n Cuba 2015 que cont&oacute; adem&aacute;s con la participaci&oacute;n de muchos pa&iacute;ses latinoamericanos.<\/p>\n<p>Categor&iacute;a Animados<\/p>\n<ul>\n<li>Menci&oacute;n para El Cototo y su Choco, de Juan Mart&iacute;n Guillot<\/li>\n<\/ul>\n<p>Categor&iacute;a Programas Infantiles<\/p>\n<ul>\n<li>Menci&oacute;n para La C&aacute;psula del tiempo, de C&iacute;nicos Videoexperimentos<\/li>\n<\/ul>\n<p>Categor&iacute;a Programas Culturales<\/p>\n<ul>\n<li>Menci&oacute;n para A mil kil&oacute;metros de casa, de Mariano Di Cesare<\/li>\n<\/ul>\n<p>Menci&oacute;n Especial<\/p>\n<ul>\n<li>Canal Acequia por la defensa de la cultura de Mendoza dentro del panorama argentino, por el respeto y la salvaguarda de su identidad y tradiciones.<\/li>\n<\/ul>\n<\/body><\/html>\n","protected":false},"excerpt":{"rendered":"Representantes de la se\u00f1al televisiva de Mendoza participaron de la Convenci\u00f3n de Radio y Televisi\u00f3n cubana. All\u00ed el canal fue reconocido por la defensa de la cultura mendocina en tres categor\u00edas, dos de ellas infantiles.","protected":false},"author":3,"featured_media":43266,"comment_status":"open","ping_status":"open","sticky":false,"template":"","format":"standard","meta":[],"categories":[1],"tags":[],"_links":{"self":[{"href":"https:\/\/www.mendoza.gov.ar\/prensa\/wp-json\/wp\/v2\/posts\/43260"}],"collection":[{"href":"https:\/\/www.mendoza.gov.ar\/prensa\/wp-json\/wp\/v2\/posts"}],"about":[{"href":"https:\/\/www.mendoza.gov.ar\/prensa\/wp-json\/wp\/v2\/types\/post"}],"author":[{"embeddable":true,"href":"https:\/\/www.mendoza.gov.ar\/prensa\/wp-json\/wp\/v2\/users\/3"}],"replies":[{"embeddable":true,"href":"https:\/\/www.mendoza.gov.ar\/prensa\/wp-json\/wp\/v2\/comments?post=43260"}],"version-history":[{"count":0,"href":"https:\/\/www.mendoza.gov.ar\/prensa\/wp-json\/wp\/v2\/posts\/43260\/revisions"}],"wp:featuredmedia":[{"embeddable":true,"href":"https:\/\/www.mendoza.gov.ar\/prensa\/wp-json\/wp\/v2\/media\/43266"}],"wp:attachment":[{"href":"https:\/\/www.mendoza.gov.ar\/prensa\/wp-json\/wp\/v2\/media?parent=43260"}],"wp:term":[{"taxonomy":"category","embeddable":true,"href":"https:\/\/www.mendoza.gov.ar\/prensa\/wp-json\/wp\/v2\/categories?post=43260"},{"taxonomy":"post_tag","embeddable":true,"href":"https:\/\/www.mendoza.gov.ar\/prensa\/wp-json\/wp\/v2\/tags?post=43260"}],"curies":[{"name":"wp","href":"https:\/\/api.w.org\/{rel}","templated":true}]}}