{"id":43346,"date":"2015-11-12T14:24:55","date_gmt":"2015-11-12T17:24:55","guid":{"rendered":"http:\/\/prensa.mendoza.gov.ar\/?p=43346"},"modified":"2015-11-12T14:24:55","modified_gmt":"2015-11-12T17:24:55","slug":"comenzo-la-expo-metalmecanica-y-mas-energia-2015","status":"publish","type":"post","link":"https:\/\/www.mendoza.gov.ar\/prensa\/comenzo-la-expo-metalmecanica-y-mas-energia-2015\/","title":{"rendered":"Comenz\u00f3 la Expo Metalmec\u00e1nica y M\u00e1s Energ\u00eda 2015"},"content":{"rendered":"<!DOCTYPE html PUBLIC \"-\/\/W3C\/\/DTD HTML 4.0 Transitional\/\/EN\" \"http:\/\/www.w3.org\/TR\/REC-html40\/loose.dtd\">\n<html><body><p>En el arranque de la novena edici&oacute;n de la Expo Metalmec&aacute;nica y M&aacute;s Energ&iacute;a 2015 que se desarrolla en las instalaciones del Complejo Arena Maip&uacute;, el ministro de Energ&iacute;a de la provincia, Marcos Zandomeni, habl&oacute; de la importancia que tiene esta in&eacute;dita propuesta, ya que por primera vez se suma el &aacute;rea de energ&iacute;a provincial, y que tiene como objeto de poner en valor el desarrollo energ&eacute;tico e industrial de la regi&oacute;n, y generar mayor empleo para el sector.<\/p>\n<p>En esta oportunidad &nbsp;de acercamiento con el sector metalmec&aacute;nico local, el titular de la cartera energ&eacute;tica provincial, se&ntilde;al&oacute; que &ldquo;nuestra provincia tiene productos de gran calidad que pueden satisfacer la demanda de las empresas que operan en nuestra provincia. Es muy importante que estemos presentes en estos eventos de forma coordinada, mostrando el potencial de toda una regi&oacute;n en un mercado tan competitivo como el de los hidrocarburos, la metalmec&aacute;nica y la energ&iacute;a. Buscamos resultados concretos, queremos materializar, a trav&eacute;s de nuevos negocios la capacidad de producci&oacute;n y de tecnolog&iacute;a de la que disponen las empresas mendocinas&rdquo;.<\/p>\n<p>Adem&aacute;s, el funcionario agreg&oacute; que &ldquo;debe tenerse en cuenta que el sector energ&eacute;tico representa el 27% del PBG, lo que muestra la capacidad de tracci&oacute;n que tiene respecto del sector metalmec&aacute;nico. La sinergia entre estos sectores se potencia tambi&eacute;n los recursos humanos que tiene la provincia&rdquo;. &ldquo;&rdquo;Con mayor energ&iacute;a, estar&aacute; asegurado no s&oacute;lo el futuro de Mendoza, sino tambi&eacute;n de toda la Argentina&rdquo;.<\/p>\n<p>El Gobierno de Mendoza mediante la cartera de Energ&iacute;a, realiz&oacute; un plan estrat&eacute;gico con la idea de poner en valor el desarrollo energ&eacute;tico e industrial de la regi&oacute;n, y generar mayor empleo para los mendocinos. Ante este objetivo fijado, el Ministerio de Energ&iacute;a llev&oacute; adelante diferentes delineamientos espec&iacute;ficos para impulsar el desarrollo de la actividad metalmec&aacute;nica en Mendoza, ya que este sector funciona como una arista importante en la sinergia entre la el sector energ&eacute;tico y la industria.<\/p>\n<p>Por ello, se contin&uacute;a trabajando de manera constante para mantener un estrecho acercamiento entre estos sectores, para planificar, proyectar y ejecutar numerosos proyectos que ponen en valor el desarrollo industrial y energ&eacute;tico de la provincia, no solo como una oportunidad para generar mayor puestos de trabajo, sino tambi&eacute;n como un eje esencial para la vida econ&oacute;mica de Mendoza.<\/p>\n<p>Con este particular panorama, indicamos que nuestra provincia cuenta con productos de gran calidad que pueden satisfacer la demanda de las empresas que operan a lo largo y a lo ancho de nuestro territorio provincial. En cada encuentro que se tiene con funcionarios y empresarios mendocinos, se destaca la importancia de la presencia del Estado y los principales actores que motorizan la actividad econ&oacute;mica de la provincia, con el fin de coordinar tareas en pos de robustecer un mercado tan competitivo como el de los hidrocarburos, el hidroel&eacute;ctrco, la metalmec&aacute;nica y la energ&iacute;a.<\/p>\n<p>Por su parte, el titular de ASIMET, Julio Totero, puntualiz&oacute; que &ldquo;todos los que componemos este sector de la metalmec&aacute;nica de Mendoza, estamos muy contentos de que esta novena edici&oacute;n de la Expo 2015, podamos juntarnos para analizar inquietudes y participar de jornadas de negocios generando oportunidades para el sector&rdquo;. Adem&aacute;s, agreg&oacute; que &ldquo;los empresarios que participan de este evento con enorme esfuerzo, queremos darle a la provincia los recursos necesarios para el normal desarrollo de las industrias y por supuesto de las econom&iacute;as regionales&rdquo;.<\/p>\n<p>Con la tarea conjunta del Gobierno de Mendoza, a trav&eacute;s de los Ministerio de Energ&iacute;a, y de Agroindustria, junto a la Asociaci&oacute;n de Industriales Metal&uacute;rgicos de Mendoza (ASINMET), y referentes del sector metalmec&aacute;nico e industrial de la provincia, de la C&aacute;mara Mendocina de Servicios Petroleros (CAMESPE), C&aacute;mara Mendocina de Empresarios Mineros (CAMEM), sumados a los directivos del Complejo Arena Maip&uacute;, fue posible llevar adelante este exclusivo encuentro que cuenta con m&aacute;s de 200 expositores de empresas e instituciones con profesionales especializados del pa&iacute;s y del extranjero.<\/p>\n<\/body><\/html>\n","protected":false},"excerpt":{"rendered":"La Expo Metalmec\u00e1nica y M\u00e1s Energ\u00eda 2015 se extender\u00e1 los d\u00edas 12, 13 y 14 de noviembre, en las instalaciones del Arena Maip\u00fa. All\u00ed, el Ministro de Energ\u00eda habl\u00f3 sobre las oportunidades que tiene el sector y los proyectos energ\u00e9ticos para Mendoza.","protected":false},"author":3,"featured_media":0,"comment_status":"open","ping_status":"open","sticky":false,"template":"","format":"standard","meta":[],"categories":[1],"tags":[],"_links":{"self":[{"href":"https:\/\/www.mendoza.gov.ar\/prensa\/wp-json\/wp\/v2\/posts\/43346"}],"collection":[{"href":"https:\/\/www.mendoza.gov.ar\/prensa\/wp-json\/wp\/v2\/posts"}],"about":[{"href":"https:\/\/www.mendoza.gov.ar\/prensa\/wp-json\/wp\/v2\/types\/post"}],"author":[{"embeddable":true,"href":"https:\/\/www.mendoza.gov.ar\/prensa\/wp-json\/wp\/v2\/users\/3"}],"replies":[{"embeddable":true,"href":"https:\/\/www.mendoza.gov.ar\/prensa\/wp-json\/wp\/v2\/comments?post=43346"}],"version-history":[{"count":0,"href":"https:\/\/www.mendoza.gov.ar\/prensa\/wp-json\/wp\/v2\/posts\/43346\/revisions"}],"wp:attachment":[{"href":"https:\/\/www.mendoza.gov.ar\/prensa\/wp-json\/wp\/v2\/media?parent=43346"}],"wp:term":[{"taxonomy":"category","embeddable":true,"href":"https:\/\/www.mendoza.gov.ar\/prensa\/wp-json\/wp\/v2\/categories?post=43346"},{"taxonomy":"post_tag","embeddable":true,"href":"https:\/\/www.mendoza.gov.ar\/prensa\/wp-json\/wp\/v2\/tags?post=43346"}],"curies":[{"name":"wp","href":"https:\/\/api.w.org\/{rel}","templated":true}]}}