{"id":43382,"date":"2015-11-12T20:51:02","date_gmt":"2015-11-12T23:51:02","guid":{"rendered":"http:\/\/prensa.mendoza.gov.ar\/?p=43382"},"modified":"2015-11-12T20:51:02","modified_gmt":"2015-11-12T23:51:02","slug":"corte-de-agua-en-godoy-cruz","status":"publish","type":"post","link":"https:\/\/www.mendoza.gov.ar\/prensa\/corte-de-agua-en-godoy-cruz\/","title":{"rendered":"Corte de agua en Godoy Cruz"},"content":{"rendered":"<!DOCTYPE html PUBLIC \"-\/\/W3C\/\/DTD HTML 4.0 Transitional\/\/EN\" \"http:\/\/www.w3.org\/TR\/REC-html40\/loose.dtd\">\n<html><body><p>Aguas Mendocinas informa que por reparaci&oacute;n de ca&ntilde;o maestro, se ha realizado un corte del servicio de agua potable en la zona comprendida&nbsp;desde la calle Gorriti a Santiago del Estero y desde San Mart&iacute;n Coronado a Juncal, de Godoy Cruz.<\/p>\n<p>Personal t&eacute;cnico operativo de la empresa se encuentra en el lugar para solucionar este inconveniente lo antes posible.<\/p>\n<\/body><\/html>\n","protected":false},"excerpt":{"rendered":"Por reparaci\u00f3n de un ca\u00f1o maestro se ha realizado una interrupci\u00f3n del servicio.","protected":false},"author":3,"featured_media":0,"comment_status":"open","ping_status":"open","sticky":false,"template":"","format":"standard","meta":[],"categories":[1],"tags":[],"_links":{"self":[{"href":"https:\/\/www.mendoza.gov.ar\/prensa\/wp-json\/wp\/v2\/posts\/43382"}],"collection":[{"href":"https:\/\/www.mendoza.gov.ar\/prensa\/wp-json\/wp\/v2\/posts"}],"about":[{"href":"https:\/\/www.mendoza.gov.ar\/prensa\/wp-json\/wp\/v2\/types\/post"}],"author":[{"embeddable":true,"href":"https:\/\/www.mendoza.gov.ar\/prensa\/wp-json\/wp\/v2\/users\/3"}],"replies":[{"embeddable":true,"href":"https:\/\/www.mendoza.gov.ar\/prensa\/wp-json\/wp\/v2\/comments?post=43382"}],"version-history":[{"count":0,"href":"https:\/\/www.mendoza.gov.ar\/prensa\/wp-json\/wp\/v2\/posts\/43382\/revisions"}],"wp:attachment":[{"href":"https:\/\/www.mendoza.gov.ar\/prensa\/wp-json\/wp\/v2\/media?parent=43382"}],"wp:term":[{"taxonomy":"category","embeddable":true,"href":"https:\/\/www.mendoza.gov.ar\/prensa\/wp-json\/wp\/v2\/categories?post=43382"},{"taxonomy":"post_tag","embeddable":true,"href":"https:\/\/www.mendoza.gov.ar\/prensa\/wp-json\/wp\/v2\/tags?post=43382"}],"curies":[{"name":"wp","href":"https:\/\/api.w.org\/{rel}","templated":true}]}}