{"id":43442,"date":"2015-11-16T10:44:25","date_gmt":"2015-11-16T13:44:25","guid":{"rendered":"http:\/\/prensa.mendoza.gov.ar\/?p=43442"},"modified":"2015-11-16T10:44:25","modified_gmt":"2015-11-16T13:44:25","slug":"inauguraron-edificio-de-la-escuela-maurin-navarro-de-malargue","status":"publish","type":"post","link":"https:\/\/www.mendoza.gov.ar\/prensa\/inauguraron-edificio-de-la-escuela-maurin-navarro-de-malargue\/","title":{"rendered":"Inauguraron edificio de la escuela Maur\u00edn Navarro de Malarg\u00fce"},"content":{"rendered":"<!DOCTYPE html PUBLIC \"-\/\/W3C\/\/DTD HTML 4.0 Transitional\/\/EN\" \"http:\/\/www.w3.org\/TR\/REC-html40\/loose.dtd\">\n<html><body><p>El ministro de Infraestructura, Rolando Baldasso, acompa&ntilde;ado por funcionarios de su cartera, viajaron este lunes al departamento sure&ntilde;o donde inauguraron&nbsp;el nuevo edificio de la escuela especial 2-030 Dr. Maur&iacute;n Navarro, de Malarg&uuml;e.<\/p>\n<p>El flamante establecimiento educativo, de nivel especial, est&aacute; enclavado en la esquina de Amigorena e Illesca, en el radio c&eacute;ntrico malarg&uuml;ino, lo que posibilita que la mayor&iacute;a de los alumnos no tengan que recorrer largas distancias para concurrir al establecimiento.<\/p>\n<p>El inmueble escolar alberga tambi&eacute;n a la escuela posprimaria especial 7-009 Roberto Ordenes, con el objetivo de que los alumnos no tengan que ir a otro edificio cuando concluyan la escolaridad primaria. Este inmueble ha sido largamente reclamado por la comunidad educativa de la zona y sus alrededores, y ahora ofrece mayores comodidades y espacios m&aacute;s amplios a los m&aacute;s de 110 alumnos que en la actualidad asisten a la escuela malarg&uuml;ina.<\/p>\n<p>La construcci&oacute;n de la Maur&iacute;n Navarro arranc&oacute; all&aacute; por 2008, pero la empresa que ejecutaba la obra debi&oacute; abandonarla por falta de solvencia econ&oacute;mica. Luego retom&oacute; los trabajos otra firma, pero corri&oacute; con la misma suerte y dej&oacute; un avance de obra de apenas 40%. Hasta que fue abordada por Terra SA, empresa que s&iacute; logr&oacute; concluir los trabajos.<\/p>\n<p>La obra comprendi&oacute; la construcci&oacute;n de 2.280 m2, con una inversi&oacute;n oficial total de $19.500.000, que fue financiada &iacute;ntegramente con fondos provinciales.<\/p>\n<p><strong>Las obras realizadas<\/strong><\/p>\n<p><strong>Obra nueva<\/strong><\/p>\n<ul>\n<li>N&uacute;cleo sanitario del ala norte<\/li>\n<li>Divisiones del taller de la vida diaria con las instalaciones correspondientes<\/li>\n<li>Porches de entrada, de ambas esquinas, junto con las escalinatas y rampas.<\/li>\n<li>Acceso independiente para la Sala de Hidroterapia.<\/li>\n<li>El techado del ala norte y el sector de uni&oacute;n entre los edificios nuevo y viejo.<\/li>\n<li>Piscina de Hidroterapia con las medidas y dimensiones requeridas<\/li>\n<li>Rampas para discapacitados y escalinatas en los patios internos.<\/li>\n<li>La terminaci&oacute;n de todo lo construido, incluyendo cielorrasos de placa de roca de yeso, carpinter&iacute;as, contrapisos, sistemas de calefacci&oacute;n y refrigeraci&oacute;n, etc.<\/li>\n<li>Se construyeron las salas de cisternas con techo y estructura met&aacute;lica<\/li>\n<li>Se revisti&oacute; el muro sur de la galer&iacute;a con piedra del lugar para protegerlo de la humedad que pudiera recibir de la nieve que se posiciona en los meses de invierno.<\/li>\n<li>Vereda con las acequias y cordones correspondientes y los puentes peatonales y vehiculares<\/li>\n<li>Play&oacute;n deportivo y el patio aleda&ntilde;o, la construcci&oacute;n del patio de Nivel Inicial y la construcci&oacute;n del patio del post primario.<\/li>\n<\/ul>\n<p><strong>Obra de Refuncionalizaci&oacute;n y Rehabilitaci&oacute;n<\/strong><\/p>\n<ul>\n<li>La rehabilitaci&oacute;n y refuncionalizaci&oacute;n de los espacios existentes proyectados en el viejo edificio.<\/li>\n<li>La construcci&oacute;n de tabiques de apoyo de losa en los accesos a sanitarios.<\/li>\n<li>Los sanitarios ya sean de alumnos, discapacitados y docentes del bloque existente, que ser&aacute;n ocupados por el post-primario deber&aacute;n construirse seg&uacute;n proyecto, teniendo en cuenta la losa y las estructuras existentes.<\/li>\n<\/ul>\n<p>&nbsp;<\/p>\n<\/body><\/html>\n","protected":false},"excerpt":{"rendered":"Financiada con fondos provinciales, la obra comprendi\u00f3 la construcci\u00f3n de 2.280 m2 y una inversi\u00f3n de $19.500.000.","protected":false},"author":3,"featured_media":0,"comment_status":"open","ping_status":"open","sticky":false,"template":"","format":"standard","meta":[],"categories":[1],"tags":[],"_links":{"self":[{"href":"https:\/\/www.mendoza.gov.ar\/prensa\/wp-json\/wp\/v2\/posts\/43442"}],"collection":[{"href":"https:\/\/www.mendoza.gov.ar\/prensa\/wp-json\/wp\/v2\/posts"}],"about":[{"href":"https:\/\/www.mendoza.gov.ar\/prensa\/wp-json\/wp\/v2\/types\/post"}],"author":[{"embeddable":true,"href":"https:\/\/www.mendoza.gov.ar\/prensa\/wp-json\/wp\/v2\/users\/3"}],"replies":[{"embeddable":true,"href":"https:\/\/www.mendoza.gov.ar\/prensa\/wp-json\/wp\/v2\/comments?post=43442"}],"version-history":[{"count":0,"href":"https:\/\/www.mendoza.gov.ar\/prensa\/wp-json\/wp\/v2\/posts\/43442\/revisions"}],"wp:attachment":[{"href":"https:\/\/www.mendoza.gov.ar\/prensa\/wp-json\/wp\/v2\/media?parent=43442"}],"wp:term":[{"taxonomy":"category","embeddable":true,"href":"https:\/\/www.mendoza.gov.ar\/prensa\/wp-json\/wp\/v2\/categories?post=43442"},{"taxonomy":"post_tag","embeddable":true,"href":"https:\/\/www.mendoza.gov.ar\/prensa\/wp-json\/wp\/v2\/tags?post=43442"}],"curies":[{"name":"wp","href":"https:\/\/api.w.org\/{rel}","templated":true}]}}