{"id":43490,"date":"2015-11-18T08:21:58","date_gmt":"2015-11-18T11:21:58","guid":{"rendered":"http:\/\/prensa.mendoza.gov.ar\/?p=43490"},"modified":"2015-11-18T08:21:58","modified_gmt":"2015-11-18T11:21:58","slug":"idits-estuvo-en-la-expometalmecanica-y-mas-energia-2015","status":"publish","type":"post","link":"https:\/\/www.mendoza.gov.ar\/prensa\/idits-estuvo-en-la-expometalmecanica-y-mas-energia-2015\/","title":{"rendered":"IDITS estuvo en la Expometalmec\u00e1nica y M\u00e1s Energ\u00eda 2015"},"content":{"rendered":"<!DOCTYPE html PUBLIC \"-\/\/W3C\/\/DTD HTML 4.0 Transitional\/\/EN\" \"http:\/\/www.w3.org\/TR\/REC-html40\/loose.dtd\">\n<html><body><p>El Ministerio de Energ&iacute;a de Mendoza, ASINMET, CAMESPE y CAMEM organizaron la Expometalmec&aacute;nica y Expo M&aacute;s Energ&iacute;a&nbsp;2015, una feria especialmente preparada para mostrar el equipamiento industrial metalmec&aacute;nico, los insumos y los servicios conexos en un escenario de nivel internacional.<\/p>\n<p>Durante la jornada se registr&oacute; el ingreso de gran cantidad de visitantes, quienes pudieron observar toda la tecnolog&iacute;a expuesta para los sectores agr&iacute;cola e industriales como para la actividad minera, petrolera y energ&eacute;tica en general. Expusieron m&aacute;s de 250 empresas e instituciones relacionadas con el sector energ&eacute;tico, metalmec&aacute;nico y agroindustrial.<\/p>\n<p>El IDITS, dependiente del Ministerio de Agroindustria y Tecnolog&iacute;a, estuvo presente en el stand 45, &nbsp;presentando tecnolog&iacute;a e innovaci&oacute;n a trav&eacute;s de las empresas Instalar DG, Propack SA, Mendomaq SA y Termet SA.<\/p>\n<p><strong>Instalar DG<\/strong><\/p>\n<p>La empresa se dedica a la fabricaci&oacute;n de Equipos Agrarios de Cosecha: Las maquinarias desarrolladas permiten trasportar a los cosechadores, mejorando tareas en condiciones no tan favorables como en estos momentos, ejemplo en caso de mucho sol o lluvia se puede adaptar un techo para proteger al cosechador.<\/p>\n<p><strong>Propack SA<\/strong><\/p>\n<p>Sello cartucho inteligente: Con este proyecto Gabriel Bravo fue premiado en la categor&iacute;a Gran Premio INNOVAR por el Ministerio de Ciencia, Tecnolog&iacute;a e Innovaci&oacute;n Productiva en la 11&deg; edici&oacute;n del Concurso Nacional de Innovaciones &ndash; INNOVAR.<\/p>\n<p><strong>Mendomaq SA<\/strong><\/p>\n<p>Son fabricantes de maquinarias para frutas y hortalizas en fresco, respondiendo a la necesidad planteada por clientes locales de, no solamente poder contar con una tecnolog&iacute;a que permitieran&nbsp;optimizar los procesos de selecci&oacute;n de calidad y tama&ntilde;o de frutas y hortalizas reduciendo los costos de mano de obra, sino tambi&eacute;n que la misma presente un precio m&aacute;s accesible que el de la competencia.<\/p>\n<p><strong>Termet SA<\/strong><\/p>\n<p>Nuevo desarrollo de la Refrigeraci&oacute;n de la Aceituna + 4&deg;C para el descarozado: Propone un nuevo e innovador sistema de enfriamiento, garantizando un proceso mucho m&aacute;s econ&oacute;mico, simplificando el transporte de las aceitunas y por lo tanto, evitando los deterioros del producto ocasionados por el movimiento de las mismas. ORIGINALIDAD TERMET desarrollo el enfriamiento de las aceitunas a 4&deg;C en las mismas tolvas.<\/p>\n<\/body><\/html>\n","protected":false},"excerpt":{"rendered":"Con la participaci\u00f3n de m\u00e1s de 250 empresas expositoras concluy\u00f3 una nueva edici\u00f3n de Expometalmec\u00e1nica y M\u00e1s Energ\u00eda 2015.","protected":false},"author":3,"featured_media":43493,"comment_status":"open","ping_status":"open","sticky":false,"template":"","format":"standard","meta":[],"categories":[1],"tags":[],"_links":{"self":[{"href":"https:\/\/www.mendoza.gov.ar\/prensa\/wp-json\/wp\/v2\/posts\/43490"}],"collection":[{"href":"https:\/\/www.mendoza.gov.ar\/prensa\/wp-json\/wp\/v2\/posts"}],"about":[{"href":"https:\/\/www.mendoza.gov.ar\/prensa\/wp-json\/wp\/v2\/types\/post"}],"author":[{"embeddable":true,"href":"https:\/\/www.mendoza.gov.ar\/prensa\/wp-json\/wp\/v2\/users\/3"}],"replies":[{"embeddable":true,"href":"https:\/\/www.mendoza.gov.ar\/prensa\/wp-json\/wp\/v2\/comments?post=43490"}],"version-history":[{"count":0,"href":"https:\/\/www.mendoza.gov.ar\/prensa\/wp-json\/wp\/v2\/posts\/43490\/revisions"}],"wp:featuredmedia":[{"embeddable":true,"href":"https:\/\/www.mendoza.gov.ar\/prensa\/wp-json\/wp\/v2\/media\/43493"}],"wp:attachment":[{"href":"https:\/\/www.mendoza.gov.ar\/prensa\/wp-json\/wp\/v2\/media?parent=43490"}],"wp:term":[{"taxonomy":"category","embeddable":true,"href":"https:\/\/www.mendoza.gov.ar\/prensa\/wp-json\/wp\/v2\/categories?post=43490"},{"taxonomy":"post_tag","embeddable":true,"href":"https:\/\/www.mendoza.gov.ar\/prensa\/wp-json\/wp\/v2\/tags?post=43490"}],"curies":[{"name":"wp","href":"https:\/\/api.w.org\/{rel}","templated":true}]}}