{"id":438261,"date":"2024-10-29T13:15:53","date_gmt":"2024-10-29T16:15:53","guid":{"rendered":"https:\/\/www.mendoza.gov.ar\/prensa\/?p=438261"},"modified":"2024-10-29T16:40:32","modified_gmt":"2024-10-29T19:40:32","slug":"iscamen-finalizo-la-primera-etapa-de-ensayos-de-liberacion-de-mosquitos-esteriles-de-aedes-aegypti","status":"publish","type":"post","link":"https:\/\/www.mendoza.gov.ar\/prensa\/iscamen-finalizo-la-primera-etapa-de-ensayos-de-liberacion-de-mosquitos-esteriles-de-aedes-aegypti\/","title":{"rendered":"El Iscamen finaliz\u00f3 la primera etapa de ensayos de liberaci\u00f3n de mosquitos est\u00e9riles de Aedes aegypti"},"content":{"rendered":"<!DOCTYPE html PUBLIC \"-\/\/W3C\/\/DTD HTML 4.0 Transitional\/\/EN\" \"http:\/\/www.w3.org\/TR\/REC-html40\/loose.dtd\">\n<html><body><h5>La experiencia incluy&oacute; una serie de ensayos que se realizaron durante el mes de octubre, en barrios de Guaymall&eacute;n y San Mart&iacute;n. En esta oportunidad se suman sectores de Godoy Cruz. El objeto es optimizar par&aacute;metros de la T&eacute;cnica del Insecto Est&eacute;ril (TIE) y herramientas compatibles con el Manejo Integrado de plagas. Se proyecta una segunda etapa de ensayos extendida durante los meses de enero y febrero 2025.<\/h5>\n\n\n\n<p>El Gobernador Alfredo Cornejo, junto al ministro de Producci&oacute;n, Rodolfo Vargas Arizu; el de Deportes y Salud, Rodolfo Montero; el intendente de Godoy Cruz, Diego Costarelli; el de Guaymall&eacute;n, Marcos Calvente y el presidente del Iscamen, Jos&eacute; Orts, participaron de la finalizaci&oacute;n de la primera etapa de ensayos de la liberaci&oacute;n de mosquitos est&eacute;riles de Aedes aegypti, para evitar la propagaci&oacute;n de dengue.<\/p>\n\n\n\n<p>Utilizando la infraestructura disponible y los conocimientos adquiridos durante a&ntilde;os en el control a trav&eacute;s de la esterilizaci&oacute;n de insectos, la misma que se utiliza para el control de la mosca del Mediterr&aacute;neo en Mendoza; Iscamen ha venido trabajando en la validaci&oacute;n de esta t&eacute;cnica en mosquitos, con miras a avanzar hacia la cr&iacute;a masiva de estos insectos, elemento fundamental del m&eacute;todo. Se trata de una T&eacute;cnica biol&oacute;gica que propone la utilizaci&oacute;n de insectos esterilizados de la misma especie para controlar su propia poblaci&oacute;n, siendo esencial dentro del Manejo Integrado de Plagas.<\/p>\n\n\n\n<p>En esta oportunidad, en articulaci&oacute;n con los ministerios de Producci&oacute;n y de Salud y Deportes, junto a diversas &aacute;reas de gesti&oacute;n de los municipios de Guaymall&eacute;n, San Mart&iacute;n y Godoy Cruz, se ha dado un primer paso fundamental para analizar el comportamiento del insecto producido en laboratorio en un entorno real. En esta primera etapa no se busca un control directo sobre el insecto silvestre, sino mejorar el insecto producido en laboratorio que permita a futuro avanzar hacia la cr&iacute;a masiva, fundamento de la T&eacute;cnica del Insecto Est&eacute;ril como herramienta de control.<\/p>\n\n\n\n<p>Cornejo destac&oacute; los resultados obtenidos por el Instituto de Sanidad y Calidad Agropecuaria. &ldquo;Hay que resaltar los avances notorios que est&aacute; teniendo el Iscamen en investigaci&oacute;n, en innovaci&oacute;n que nos est&aacute; permitiendo incluso comercializar sus productos fuera del pa&iacute;s, con clientes muy relevantes. En breve se est&aacute; firmando un contrato en Uruguay. En estos meses estamos vendiendo en muchos lugares del mundo, haciendo que el Iscamen pueda auto gestionarse y eso habla de una buena administraci&oacute;n&rdquo;.<\/p>\n\n\n\n<p>El Gobernador sostuvo que un grupo de t&eacute;cnicos se encuentra investigando, produciendo y generando conocimientos para la realizaci&oacute;n de este proyecto. &ldquo;Si bien es una fase experimental, creemos que va a funcionar bien. Estamos recibiendo apoyo tambi&eacute;n de los l&iacute;deres institucionales en el territorio. Lo seguiremos haciendo en muchos otros lugares probables de dengue. Esta estrategia innovadora habla de c&oacute;mo debemos encarar este fen&oacute;meno&rdquo;,<\/p>\n\n\n\n<p>Por su parte Montero volvi&oacute; a remarcar que el foco del combate del dengue no tiene que estar puesto en la vacunaci&oacute;n y si en el control vectorial. &ldquo;Nosotros desde el principio, en el ministerio de Salud, hemos sido muy sinceros y dijimos que la vacuna no iba a ser la soluci&oacute;n para el dengue, que no iba a haber disponibilidad de vacunas. Hablar en los medios de este tema es distorsionar la comunicaci&oacute;n y hace que no pongamos el foco donde lo tenemos que poner, que es el control vectorial. Tenemos que trabajar en tratar de controlar el mosquito y su reproducci&oacute;n&rdquo;.<\/p>\n\n\n\n<p>El titular de la cartera de Salud y Deportes se mostr&oacute; expectante en que esta t&eacute;cnica funcione y sostuvo que la misma puede ser copiada por otras provincias.<\/p>\n\n\n\n<p>El responsable del Iscamen, por su parte, se&ntilde;al&oacute; que en este tercer ensayo se liberaron m&aacute;s 30.000 mosquitos machos y se continuar&aacute; en enero y febrero de una manera m&aacute;s masiva. &ldquo;Vale aclarar, ya que es muy importante, que hemos firmado un convenio con la Agencia Internacional de Energ&iacute;a At&oacute;mica y este v&iacute;nculo nos permite realizar es tipo de ensayo&rdquo;, dijo Orts y agreg&oacute;: &ldquo;Tambi&eacute;n venimos trabajando de manera conjunta con los tres municipios, en este caso tambi&eacute;n con el Ministerio de Salud y el Ministerio de Producci&oacute;n&rdquo;.<\/p>\n\n\n\n<p>Ante esto, el funcionario explic&oacute; que previo a la suelta de los mosquitos est&eacute;riles se realiz&oacute; un trabajo fuerte con los vecinos de los barrios donde se ha intervenido. &ldquo;Se habla con la comunidad, con cada uno de los vecinos y esto nos permite que colaboren y trabajen con nosotros para, incluso, tener trampas dentro de sus viviendas&rdquo;, asegur&oacute;. Mencion&oacute; que esto le permite al Iscamen avanzar r&aacute;pidamente para empezar a obtener peque&ntilde;os resultados de c&oacute;mo est&aacute; trabajando y c&oacute;mo est&aacute; actuando el macho con la hembra silvestre.<\/p>\n\n\n\n<p>El cuanto a los primeros resultados de estos ensayos, Orts asegur&oacute; que &ldquo;estamos viendo c&oacute;mo est&aacute; reaccionando el macho que est&aacute; esterilizado y est&aacute; pigmentado&rdquo;. Esto les permite, &ldquo;una vez que tengamos una recaptura, saber que es el mosquito nuestro, independientemente de que despu&eacute;s nosotros en el laboratorio lo trabajamos con microscopio y podemos identificar cada uno de los mosquitos, tanto el silvestre como aquellos que liberamos nosotros&rdquo;.<\/p>\n\n\n\n<p>Ante esto, el funcionario pidi&oacute; que la gente no los combata: &ldquo;Tambi&eacute;n es importante destacar que hemos visto a trav&eacute;s de las redes sociales que la gente est&aacute; colaborando, est&aacute; ayudando&rdquo; e hizo alusi&oacute;n a los vecinos que se acercaron al espacio verde del barrio SUPE para destacar la buena voluntad que est&aacute;n teniendo los vecinos de Mendoza ante una futura soluci&oacute;n para lo que es el problema del dengue, que es una problem&aacute;tica mundial.<\/p>\n\n\n\n<p>En otro tramo de su explicaci&oacute;n, Orts tom&oacute; como ejemplo el trabajo que viene desarrollando Mendoza con la mosca del Mediterr&aacute;neo: &ldquo;Ha tenido buenos resultados, estamos exportando a Chile y a Bolivia y viendo con las provincias de la Patagonia y estamos buscando nuevos mercados, como Paraguay&rdquo;.<\/p>\n\n\n\n<p>Tambi&eacute;n coment&oacute; que este tipo de trabajos se est&aacute;n realizando con otros insectos como el gusano barrenador del ganado, &ldquo;estamos cerca de cerrar un contrato con Uruguay, de hecho hemos tenido comunicaci&oacute;n con el presidente de ese pa&iacute;s que quiere que en febrero estemos liberando para su agro&rdquo;.<\/p>\n\n\n\n<p><strong>Sobre los ensayos<\/strong><\/p>\n\n\n\n<p>A la liberaci&oacute;n de los insectos en un punto central de cada barrio, se sum&oacute; la colocaci&oacute;n de trampas distribuidas en anillos a diversas distancias. En esta primera etapa, los par&aacute;metros a evaluar incluyen la capacidad de vuelo del insecto y la efectividad de los elementos de medici&oacute;n para el trampeo, con el objetivo de mejorar su rendimiento, competitividad y monitoreo.<\/p>\n\n\n\n<p>La encargada de este proyecto, Ingeniera M&oacute;nica L&oacute;pez, explic&oacute; c&oacute;mo es la metodolog&iacute;a que se utiliza. &ldquo;Nosotros colectamos machos, los supervisamos con microscopios, separamos todas las hembras, los esterilizamos y esos machos, en competencia con los machos silvestres que hubieran en el ambiente, copulan con las hembras y ponen huevos que no son viables&rdquo;.<\/p>\n\n\n\n<p>Quien se desempe&ntilde;a como t&eacute;cnica del Iscamen, remarc&oacute; que se est&aacute; trabajando en conjunto con los municipios y que esta t&eacute;cnica es amigable con el ambiente, porque los machos liberados no pican, por lo tanto, no transfieren la enfermedad.<\/p>\n\n\n\n<p>Antes de cada ensayo, se realiz&oacute; un minucioso trabajo de comunicaci&oacute;n en terreno, informando puerta a puerta a los vecinos sobre las acciones a realizar y las ventajas futuras de poder contar con esta herramienta. Esta labor fue llevada a cabo por equipos de trabajo articulados entre Iscamen y cada uno de los municipios. Adem&aacute;s, se enfatiz&oacute; la importancia de continuar con acciones preventivas, como el descacharrado y la eliminaci&oacute;n de potenciales criaderos.<\/p>\n\n\n\n<p>Despu&eacute;s del an&aacute;lisis de los resultados y la mejora continua en la cr&iacute;a, se proyecta una segunda etapa de ensayos, extendida durante los meses de enero y febrero del siguiente a&ntilde;o.<\/p>\n\n\n\n<p><strong>T&eacute;cnica del Insecto Est&eacute;ril para Aedes aegypti<\/strong><\/p>\n\n\n\n<p>Mendoza ha sido pionera en la utilizaci&oacute;n de t&eacute;cnicas alternativas para el control masivo de plagas y enfermedades agr&iacute;colas, para ello ha desarrollado procedimientos sostenibles para el manejo de insectos y plagas. Cuenta con la Bioplanta de producci&oacute;n de insectos en el Departamento de Santa Rosa que es la m&aacute;s importante de Sudam&eacute;rica y una de las m&aacute;s grandes del mundo, con personal t&eacute;cnico altamente capacitado en la cr&iacute;a masiva de insectos.<\/p>\n\n\n\n<p>En el marco de un programa de cooperaci&oacute;n t&eacute;cnica con la Agencia Internacional de Energ&iacute;a At&oacute;mica (AIEA) se comenz&oacute; a trabajar a partir de 2019 ajustando y validando los protocolos de cr&iacute;a y esterilizaci&oacute;n, en todas sus etapas. Luego se incorpor&oacute; una m&aacute;quina que permite la separaci&oacute;n de pupas de este insecto y se realizaron oportunamente ensayos de liberaci&oacute;n en espacios confinados.<\/p>\n\n\n\n<p>La separaci&oacute;n de pupas por sexo es un punto esencial en el proceso de producci&oacute;n de mosquitos, ya que asegura la liberaci&oacute;n &uacute;nicamente de insectos machos est&eacute;riles. Cabe destacar que en esta especie es la hembra la que pica, porque necesita las prote&iacute;nas de la sangre de alg&uacute;n vertebrado, no tanto como alimento sino para producir huevos. Es fundamental la liberaci&oacute;n controlada de machos esterilizados como fundamento de la TIE.<\/p>\n\n\n\n<p>Los insectos producidos en laboratorio son pigmentados de color rojo para diferenciar al mosquito macho est&eacute;ril producido por Iscamen del mosquito silvestre.<\/p>\n\n\n\n<p>Para el funcionamiento de esta t&eacute;cnica de control se requiere la liberaci&oacute;n masiva de insectos machos que compitan con los silvestres para el apareo de hembras f&eacute;rtiles, de ah&iacute; que estas etapas previas de estudio y evaluaci&oacute;n son fundamentales para aspirar a alcanzar la etapa de producci&oacute;n masiva.<\/p>\n\n\n\n<p><strong>Datos del ensayo<\/strong><\/p>\n\n\n\n<p>&bull; Se liberaron en barrios de 3 departamentos: Guaymall&eacute;n, San Mart&iacute;n y Godoy Cruz.<br>&bull; Se liberaron 10.000, 13.000 y 15.000 mosquitos machos est&eacute;riles, respectivamente.<br>&bull; Se instalaron aproximadamente 30 trampas orientadas en diversas direcciones cardinales.<br>&bull; Se realizan revisiones en forma peri&oacute;dica durante un lapso de una semana, post liberaci&oacute;n.<br>&bull; Este es el primer ensayo en ambiente del mosquito producido por Iscamen, de los diversos que se realizar&aacute;n hasta optimizar la t&eacute;cnica.<br>&bull; En estos primeros ensayos se han elegido diversas locaciones para obtener un mayor volumen de datos, lo que nos permitir&aacute; optimizar la t&eacute;cnica y avanzar hacia un censo poblacional del insecto. Estas herramientas requieren tiempo, pero este es un primer paso hacia una alternativa sostenible de control.<br>&bull; La recepci&oacute;n por parte de la comunidad ha sido muy grande y se debe en parte al trabajo desarrollado, durante a&ntilde;os, con &eacute;xito y reconocimiento internacional.<\/p>\n\n\n\n<figure class=\"wp-block-gallery columns-3\"><ul class=\"blocks-gallery-grid\"><li class=\"blocks-gallery-item\"><figure><a href=\"https:\/\/www.mendoza.gov.ar\/wp-content\/uploads\/sites\/5\/2024\/10\/DSC05930.jpg\"><img loading=\"lazy\" width=\"700\" height=\"467\" src=\"https:\/\/www.mendoza.gov.ar\/wp-content\/uploads\/sites\/5\/2024\/10\/DSC05930-700x467.jpg\" alt=\"\" data-id=\"438278\" data-full-url=\"https:\/\/www.mendoza.gov.ar\/wp-content\/uploads\/sites\/5\/2024\/10\/DSC05930.jpg\" data-link=\"https:\/\/www.mendoza.gov.ar\/prensa\/?attachment_id=438278\" class=\"wp-image-438278 img-responsive center-block\" srcset=\"https:\/\/www.mendoza.gov.ar\/wp-content\/uploads\/sites\/5\/2024\/10\/DSC05930-700x467.jpg 700w, https:\/\/www.mendoza.gov.ar\/wp-content\/uploads\/sites\/5\/2024\/10\/DSC05930-250x167.jpg 250w, https:\/\/www.mendoza.gov.ar\/wp-content\/uploads\/sites\/5\/2024\/10\/DSC05930-768x512.jpg 768w, https:\/\/www.mendoza.gov.ar\/wp-content\/uploads\/sites\/5\/2024\/10\/DSC05930-1536x1024.jpg 1536w, https:\/\/www.mendoza.gov.ar\/wp-content\/uploads\/sites\/5\/2024\/10\/DSC05930-2048x1365.jpg 2048w, https:\/\/www.mendoza.gov.ar\/wp-content\/uploads\/sites\/5\/2024\/10\/DSC05930-120x80.jpg 120w\" sizes=\"(max-width: 700px) 100vw, 700px\"><\/a><\/figure><\/li><li class=\"blocks-gallery-item\"><figure><a href=\"https:\/\/www.mendoza.gov.ar\/wp-content\/uploads\/sites\/5\/2024\/10\/DSC05994.jpg\"><img loading=\"lazy\" width=\"700\" height=\"467\" src=\"https:\/\/www.mendoza.gov.ar\/wp-content\/uploads\/sites\/5\/2024\/10\/DSC05994-700x467.jpg\" alt=\"\" data-id=\"438276\" data-full-url=\"https:\/\/www.mendoza.gov.ar\/wp-content\/uploads\/sites\/5\/2024\/10\/DSC05994.jpg\" data-link=\"https:\/\/www.mendoza.gov.ar\/prensa\/?attachment_id=438276\" class=\"wp-image-438276 img-responsive center-block\" srcset=\"https:\/\/www.mendoza.gov.ar\/wp-content\/uploads\/sites\/5\/2024\/10\/DSC05994-700x467.jpg 700w, https:\/\/www.mendoza.gov.ar\/wp-content\/uploads\/sites\/5\/2024\/10\/DSC05994-250x167.jpg 250w, https:\/\/www.mendoza.gov.ar\/wp-content\/uploads\/sites\/5\/2024\/10\/DSC05994-768x512.jpg 768w, https:\/\/www.mendoza.gov.ar\/wp-content\/uploads\/sites\/5\/2024\/10\/DSC05994-1536x1024.jpg 1536w, https:\/\/www.mendoza.gov.ar\/wp-content\/uploads\/sites\/5\/2024\/10\/DSC05994-2048x1365.jpg 2048w, https:\/\/www.mendoza.gov.ar\/wp-content\/uploads\/sites\/5\/2024\/10\/DSC05994-120x80.jpg 120w\" sizes=\"(max-width: 700px) 100vw, 700px\"><\/a><\/figure><\/li><li class=\"blocks-gallery-item\"><figure><a href=\"https:\/\/www.mendoza.gov.ar\/wp-content\/uploads\/sites\/5\/2024\/10\/DSC06029.jpg\"><img loading=\"lazy\" width=\"700\" height=\"467\" src=\"https:\/\/www.mendoza.gov.ar\/wp-content\/uploads\/sites\/5\/2024\/10\/DSC06029-700x467.jpg\" alt=\"\" data-id=\"438273\" data-full-url=\"https:\/\/www.mendoza.gov.ar\/wp-content\/uploads\/sites\/5\/2024\/10\/DSC06029.jpg\" data-link=\"https:\/\/www.mendoza.gov.ar\/prensa\/?attachment_id=438273\" class=\"wp-image-438273 img-responsive center-block\" srcset=\"https:\/\/www.mendoza.gov.ar\/wp-content\/uploads\/sites\/5\/2024\/10\/DSC06029-700x467.jpg 700w, https:\/\/www.mendoza.gov.ar\/wp-content\/uploads\/sites\/5\/2024\/10\/DSC06029-250x167.jpg 250w, https:\/\/www.mendoza.gov.ar\/wp-content\/uploads\/sites\/5\/2024\/10\/DSC06029-768x512.jpg 768w, https:\/\/www.mendoza.gov.ar\/wp-content\/uploads\/sites\/5\/2024\/10\/DSC06029-1536x1024.jpg 1536w, https:\/\/www.mendoza.gov.ar\/wp-content\/uploads\/sites\/5\/2024\/10\/DSC06029-2048x1365.jpg 2048w, https:\/\/www.mendoza.gov.ar\/wp-content\/uploads\/sites\/5\/2024\/10\/DSC06029-120x80.jpg 120w\" sizes=\"(max-width: 700px) 100vw, 700px\"><\/a><\/figure><\/li><li class=\"blocks-gallery-item\"><figure><a href=\"https:\/\/www.mendoza.gov.ar\/wp-content\/uploads\/sites\/5\/2024\/10\/DSC05961.jpg\"><img loading=\"lazy\" width=\"700\" height=\"467\" src=\"https:\/\/www.mendoza.gov.ar\/wp-content\/uploads\/sites\/5\/2024\/10\/DSC05961-700x467.jpg\" alt=\"\" data-id=\"438277\" data-full-url=\"https:\/\/www.mendoza.gov.ar\/wp-content\/uploads\/sites\/5\/2024\/10\/DSC05961.jpg\" data-link=\"https:\/\/www.mendoza.gov.ar\/prensa\/?attachment_id=438277\" class=\"wp-image-438277 img-responsive center-block\" srcset=\"https:\/\/www.mendoza.gov.ar\/wp-content\/uploads\/sites\/5\/2024\/10\/DSC05961-700x467.jpg 700w, https:\/\/www.mendoza.gov.ar\/wp-content\/uploads\/sites\/5\/2024\/10\/DSC05961-250x167.jpg 250w, https:\/\/www.mendoza.gov.ar\/wp-content\/uploads\/sites\/5\/2024\/10\/DSC05961-768x512.jpg 768w, https:\/\/www.mendoza.gov.ar\/wp-content\/uploads\/sites\/5\/2024\/10\/DSC05961-1536x1024.jpg 1536w, https:\/\/www.mendoza.gov.ar\/wp-content\/uploads\/sites\/5\/2024\/10\/DSC05961-2048x1365.jpg 2048w, https:\/\/www.mendoza.gov.ar\/wp-content\/uploads\/sites\/5\/2024\/10\/DSC05961-120x80.jpg 120w\" sizes=\"(max-width: 700px) 100vw, 700px\"><\/a><\/figure><\/li><li class=\"blocks-gallery-item\"><figure><a href=\"https:\/\/www.mendoza.gov.ar\/wp-content\/uploads\/sites\/5\/2024\/10\/DSC05974.jpg\"><img loading=\"lazy\" width=\"700\" height=\"467\" src=\"https:\/\/www.mendoza.gov.ar\/wp-content\/uploads\/sites\/5\/2024\/10\/DSC05974-700x467.jpg\" alt=\"\" data-id=\"438270\" data-full-url=\"https:\/\/www.mendoza.gov.ar\/wp-content\/uploads\/sites\/5\/2024\/10\/DSC05974.jpg\" data-link=\"https:\/\/www.mendoza.gov.ar\/prensa\/?attachment_id=438270\" class=\"wp-image-438270 img-responsive center-block\" srcset=\"https:\/\/www.mendoza.gov.ar\/wp-content\/uploads\/sites\/5\/2024\/10\/DSC05974-700x467.jpg 700w, https:\/\/www.mendoza.gov.ar\/wp-content\/uploads\/sites\/5\/2024\/10\/DSC05974-250x167.jpg 250w, https:\/\/www.mendoza.gov.ar\/wp-content\/uploads\/sites\/5\/2024\/10\/DSC05974-768x512.jpg 768w, https:\/\/www.mendoza.gov.ar\/wp-content\/uploads\/sites\/5\/2024\/10\/DSC05974-1536x1024.jpg 1536w, https:\/\/www.mendoza.gov.ar\/wp-content\/uploads\/sites\/5\/2024\/10\/DSC05974-2048x1365.jpg 2048w, https:\/\/www.mendoza.gov.ar\/wp-content\/uploads\/sites\/5\/2024\/10\/DSC05974-120x80.jpg 120w\" sizes=\"(max-width: 700px) 100vw, 700px\"><\/a><\/figure><\/li><li class=\"blocks-gallery-item\"><figure><a href=\"https:\/\/www.mendoza.gov.ar\/wp-content\/uploads\/sites\/5\/2024\/10\/DSC05969-1.jpg\"><img loading=\"lazy\" width=\"700\" height=\"467\" src=\"https:\/\/www.mendoza.gov.ar\/wp-content\/uploads\/sites\/5\/2024\/10\/DSC05969-1-700x467.jpg\" alt=\"\" data-id=\"438271\" data-full-url=\"https:\/\/www.mendoza.gov.ar\/wp-content\/uploads\/sites\/5\/2024\/10\/DSC05969-1.jpg\" data-link=\"https:\/\/www.mendoza.gov.ar\/prensa\/?attachment_id=438271\" class=\"wp-image-438271 img-responsive center-block\" srcset=\"https:\/\/www.mendoza.gov.ar\/wp-content\/uploads\/sites\/5\/2024\/10\/DSC05969-1-700x467.jpg 700w, https:\/\/www.mendoza.gov.ar\/wp-content\/uploads\/sites\/5\/2024\/10\/DSC05969-1-250x167.jpg 250w, https:\/\/www.mendoza.gov.ar\/wp-content\/uploads\/sites\/5\/2024\/10\/DSC05969-1-768x512.jpg 768w, https:\/\/www.mendoza.gov.ar\/wp-content\/uploads\/sites\/5\/2024\/10\/DSC05969-1-1536x1024.jpg 1536w, https:\/\/www.mendoza.gov.ar\/wp-content\/uploads\/sites\/5\/2024\/10\/DSC05969-1-2048x1365.jpg 2048w, https:\/\/www.mendoza.gov.ar\/wp-content\/uploads\/sites\/5\/2024\/10\/DSC05969-1-120x80.jpg 120w\" sizes=\"(max-width: 700px) 100vw, 700px\"><\/a><\/figure><\/li><li class=\"blocks-gallery-item\"><figure><a href=\"https:\/\/www.mendoza.gov.ar\/wp-content\/uploads\/sites\/5\/2024\/10\/DSC05988.jpg\"><img loading=\"lazy\" width=\"700\" height=\"467\" src=\"https:\/\/www.mendoza.gov.ar\/wp-content\/uploads\/sites\/5\/2024\/10\/DSC05988-700x467.jpg\" alt=\"\" data-id=\"438272\" data-full-url=\"https:\/\/www.mendoza.gov.ar\/wp-content\/uploads\/sites\/5\/2024\/10\/DSC05988.jpg\" data-link=\"https:\/\/www.mendoza.gov.ar\/prensa\/?attachment_id=438272\" class=\"wp-image-438272 img-responsive center-block\" srcset=\"https:\/\/www.mendoza.gov.ar\/wp-content\/uploads\/sites\/5\/2024\/10\/DSC05988-700x467.jpg 700w, https:\/\/www.mendoza.gov.ar\/wp-content\/uploads\/sites\/5\/2024\/10\/DSC05988-250x167.jpg 250w, https:\/\/www.mendoza.gov.ar\/wp-content\/uploads\/sites\/5\/2024\/10\/DSC05988-768x512.jpg 768w, https:\/\/www.mendoza.gov.ar\/wp-content\/uploads\/sites\/5\/2024\/10\/DSC05988-1536x1024.jpg 1536w, https:\/\/www.mendoza.gov.ar\/wp-content\/uploads\/sites\/5\/2024\/10\/DSC05988-2048x1365.jpg 2048w, https:\/\/www.mendoza.gov.ar\/wp-content\/uploads\/sites\/5\/2024\/10\/DSC05988-120x80.jpg 120w\" sizes=\"(max-width: 700px) 100vw, 700px\"><\/a><\/figure><\/li><li class=\"blocks-gallery-item\"><figure><a href=\"https:\/\/www.mendoza.gov.ar\/wp-content\/uploads\/sites\/5\/2024\/10\/DSC05907.jpg\"><img loading=\"lazy\" width=\"700\" height=\"467\" src=\"https:\/\/www.mendoza.gov.ar\/wp-content\/uploads\/sites\/5\/2024\/10\/DSC05907-700x467.jpg\" alt=\"\" data-id=\"438274\" data-full-url=\"https:\/\/www.mendoza.gov.ar\/wp-content\/uploads\/sites\/5\/2024\/10\/DSC05907.jpg\" data-link=\"https:\/\/www.mendoza.gov.ar\/prensa\/?attachment_id=438274\" class=\"wp-image-438274 img-responsive center-block\" srcset=\"https:\/\/www.mendoza.gov.ar\/wp-content\/uploads\/sites\/5\/2024\/10\/DSC05907-700x467.jpg 700w, https:\/\/www.mendoza.gov.ar\/wp-content\/uploads\/sites\/5\/2024\/10\/DSC05907-250x167.jpg 250w, https:\/\/www.mendoza.gov.ar\/wp-content\/uploads\/sites\/5\/2024\/10\/DSC05907-768x512.jpg 768w, https:\/\/www.mendoza.gov.ar\/wp-content\/uploads\/sites\/5\/2024\/10\/DSC05907-1536x1024.jpg 1536w, https:\/\/www.mendoza.gov.ar\/wp-content\/uploads\/sites\/5\/2024\/10\/DSC05907-2048x1365.jpg 2048w, https:\/\/www.mendoza.gov.ar\/wp-content\/uploads\/sites\/5\/2024\/10\/DSC05907-120x80.jpg 120w\" sizes=\"(max-width: 700px) 100vw, 700px\"><\/a><\/figure><\/li><li class=\"blocks-gallery-item\"><figure><a href=\"https:\/\/www.mendoza.gov.ar\/wp-content\/uploads\/sites\/5\/2024\/10\/DSC06044.jpg\"><img loading=\"lazy\" width=\"700\" height=\"467\" src=\"https:\/\/www.mendoza.gov.ar\/wp-content\/uploads\/sites\/5\/2024\/10\/DSC06044-700x467.jpg\" alt=\"\" data-id=\"438275\" data-full-url=\"https:\/\/www.mendoza.gov.ar\/wp-content\/uploads\/sites\/5\/2024\/10\/DSC06044.jpg\" data-link=\"https:\/\/www.mendoza.gov.ar\/prensa\/?attachment_id=438275\" class=\"wp-image-438275 img-responsive center-block\" srcset=\"https:\/\/www.mendoza.gov.ar\/wp-content\/uploads\/sites\/5\/2024\/10\/DSC06044-700x467.jpg 700w, https:\/\/www.mendoza.gov.ar\/wp-content\/uploads\/sites\/5\/2024\/10\/DSC06044-250x167.jpg 250w, https:\/\/www.mendoza.gov.ar\/wp-content\/uploads\/sites\/5\/2024\/10\/DSC06044-768x512.jpg 768w, https:\/\/www.mendoza.gov.ar\/wp-content\/uploads\/sites\/5\/2024\/10\/DSC06044-1536x1024.jpg 1536w, https:\/\/www.mendoza.gov.ar\/wp-content\/uploads\/sites\/5\/2024\/10\/DSC06044-2048x1365.jpg 2048w, https:\/\/www.mendoza.gov.ar\/wp-content\/uploads\/sites\/5\/2024\/10\/DSC06044-120x80.jpg 120w\" sizes=\"(max-width: 700px) 100vw, 700px\"><\/a><\/figure><\/li><li class=\"blocks-gallery-item\"><figure><a href=\"https:\/\/www.mendoza.gov.ar\/wp-content\/uploads\/sites\/5\/2024\/10\/DSC05848.jpg\"><img loading=\"lazy\" width=\"700\" height=\"467\" src=\"https:\/\/www.mendoza.gov.ar\/wp-content\/uploads\/sites\/5\/2024\/10\/DSC05848-700x467.jpg\" alt=\"\" data-id=\"438280\" data-full-url=\"https:\/\/www.mendoza.gov.ar\/wp-content\/uploads\/sites\/5\/2024\/10\/DSC05848.jpg\" data-link=\"https:\/\/www.mendoza.gov.ar\/prensa\/?attachment_id=438280\" class=\"wp-image-438280 img-responsive center-block\" srcset=\"https:\/\/www.mendoza.gov.ar\/wp-content\/uploads\/sites\/5\/2024\/10\/DSC05848-700x467.jpg 700w, https:\/\/www.mendoza.gov.ar\/wp-content\/uploads\/sites\/5\/2024\/10\/DSC05848-250x167.jpg 250w, https:\/\/www.mendoza.gov.ar\/wp-content\/uploads\/sites\/5\/2024\/10\/DSC05848-768x512.jpg 768w, https:\/\/www.mendoza.gov.ar\/wp-content\/uploads\/sites\/5\/2024\/10\/DSC05848-1536x1024.jpg 1536w, https:\/\/www.mendoza.gov.ar\/wp-content\/uploads\/sites\/5\/2024\/10\/DSC05848-2048x1365.jpg 2048w, https:\/\/www.mendoza.gov.ar\/wp-content\/uploads\/sites\/5\/2024\/10\/DSC05848-120x80.jpg 120w\" sizes=\"(max-width: 700px) 100vw, 700px\"><\/a><\/figure><\/li><li class=\"blocks-gallery-item\"><figure><a href=\"https:\/\/www.mendoza.gov.ar\/wp-content\/uploads\/sites\/5\/2024\/10\/DSC05844.jpg\"><img loading=\"lazy\" width=\"700\" height=\"467\" src=\"https:\/\/www.mendoza.gov.ar\/wp-content\/uploads\/sites\/5\/2024\/10\/DSC05844-700x467.jpg\" alt=\"\" data-id=\"438281\" data-full-url=\"https:\/\/www.mendoza.gov.ar\/wp-content\/uploads\/sites\/5\/2024\/10\/DSC05844.jpg\" data-link=\"https:\/\/www.mendoza.gov.ar\/prensa\/?attachment_id=438281\" class=\"wp-image-438281 img-responsive center-block\" srcset=\"https:\/\/www.mendoza.gov.ar\/wp-content\/uploads\/sites\/5\/2024\/10\/DSC05844-700x467.jpg 700w, https:\/\/www.mendoza.gov.ar\/wp-content\/uploads\/sites\/5\/2024\/10\/DSC05844-250x167.jpg 250w, https:\/\/www.mendoza.gov.ar\/wp-content\/uploads\/sites\/5\/2024\/10\/DSC05844-768x512.jpg 768w, https:\/\/www.mendoza.gov.ar\/wp-content\/uploads\/sites\/5\/2024\/10\/DSC05844-1536x1024.jpg 1536w, https:\/\/www.mendoza.gov.ar\/wp-content\/uploads\/sites\/5\/2024\/10\/DSC05844-2048x1365.jpg 2048w, https:\/\/www.mendoza.gov.ar\/wp-content\/uploads\/sites\/5\/2024\/10\/DSC05844-120x80.jpg 120w\" sizes=\"(max-width: 700px) 100vw, 700px\"><\/a><\/figure><\/li><\/ul><\/figure>\n<\/body><\/html>\n","protected":false},"excerpt":{"rendered":"La experiencia incluy&oacute; una serie de ensayos que se realizaron durante el mes de octubre, en barrios de Guaymall&eacute;n y San Mart&iacute;n. En esta oportunidad se suman sectores de Godoy Cruz. El objeto es optimizar par&aacute;metros de la T&eacute;cnica del Insecto Est&eacute;ril (TIE) y herramientas compatibles con el Manejo Integrado de plagas. Se proyecta una&#8230; <a class=\"view-article\" href=\"https:\/\/www.mendoza.gov.ar\/prensa\/iscamen-finalizo-la-primera-etapa-de-ensayos-de-liberacion-de-mosquitos-esteriles-de-aedes-aegypti\/\"><\/a>","protected":false},"author":278,"featured_media":438268,"comment_status":"open","ping_status":"open","sticky":false,"template":"","format":"standard","meta":[],"categories":[19,3057,15,32],"tags":[],"_links":{"self":[{"href":"https:\/\/www.mendoza.gov.ar\/prensa\/wp-json\/wp\/v2\/posts\/438261"}],"collection":[{"href":"https:\/\/www.mendoza.gov.ar\/prensa\/wp-json\/wp\/v2\/posts"}],"about":[{"href":"https:\/\/www.mendoza.gov.ar\/prensa\/wp-json\/wp\/v2\/types\/post"}],"author":[{"embeddable":true,"href":"https:\/\/www.mendoza.gov.ar\/prensa\/wp-json\/wp\/v2\/users\/278"}],"replies":[{"embeddable":true,"href":"https:\/\/www.mendoza.gov.ar\/prensa\/wp-json\/wp\/v2\/comments?post=438261"}],"version-history":[{"count":18,"href":"https:\/\/www.mendoza.gov.ar\/prensa\/wp-json\/wp\/v2\/posts\/438261\/revisions"}],"predecessor-version":[{"id":438326,"href":"https:\/\/www.mendoza.gov.ar\/prensa\/wp-json\/wp\/v2\/posts\/438261\/revisions\/438326"}],"wp:featuredmedia":[{"embeddable":true,"href":"https:\/\/www.mendoza.gov.ar\/prensa\/wp-json\/wp\/v2\/media\/438268"}],"wp:attachment":[{"href":"https:\/\/www.mendoza.gov.ar\/prensa\/wp-json\/wp\/v2\/media?parent=438261"}],"wp:term":[{"taxonomy":"category","embeddable":true,"href":"https:\/\/www.mendoza.gov.ar\/prensa\/wp-json\/wp\/v2\/categories?post=438261"},{"taxonomy":"post_tag","embeddable":true,"href":"https:\/\/www.mendoza.gov.ar\/prensa\/wp-json\/wp\/v2\/tags?post=438261"}],"curies":[{"name":"wp","href":"https:\/\/api.w.org\/{rel}","templated":true}]}}