{"id":43930,"date":"2015-12-09T07:55:25","date_gmt":"2015-12-09T10:55:25","guid":{"rendered":"http:\/\/prensa.mendoza.gov.ar\/?p=43930"},"modified":"2015-12-09T07:55:25","modified_gmt":"2015-12-09T10:55:25","slug":"asumio-el-nuevo-gobernador-alfredo-cornejo","status":"publish","type":"post","link":"https:\/\/www.mendoza.gov.ar\/prensa\/asumio-el-nuevo-gobernador-alfredo-cornejo\/","title":{"rendered":"Asumi\u00f3 el nuevo gobernador Alfredo Cornejo"},"content":{"rendered":"<!DOCTYPE html PUBLIC \"-\/\/W3C\/\/DTD HTML 4.0 Transitional\/\/EN\" \"http:\/\/www.w3.org\/TR\/REC-html40\/loose.dtd\">\n<html><body><p>Luego de la actividad que se realiz&oacute; en la Legislatura de Mendoza, el gobernador Alfredo Cornejo particip&oacute; del acto de traspaso de mando en el cuarto piso de Casa de Gobierno. En un evento sencillo y protocolar, Francisco P&eacute;rez entreg&oacute; el bast&oacute;n de mando y la banda al nuevo Gobernador de Mendoza, Alfredo Cornejo. Entre los presentes estaban algunas autoridades provinciales y familiares de ambos.<\/p>\n<p><a href=\"https:\/\/www.mendoza.gov.ar\/prensa\/wp-content\/uploads\/sites\/23\/CornejoMontero00010-e1449707945429.jpg\"><img loading=\"lazy\" class=\"alignnone wp-image-43947 img-responsive center-block\" src=\"https:\/\/www.mendoza.gov.ar\/prensa\/wp-content\/uploads\/sites\/23\/CornejoMontero00010-e1449707945429.jpg\" alt=\"\" width=\"650\" height=\"433\"><\/a><\/p>\n<p>Tras la entonaci&oacute;n del Himno Nacional Argentino, la escribana general de gobierno procedi&oacute; a la lectura y firma del acta de traspaso de mando y minutos m&aacute;s tarde Cornejo le entreg&oacute; a P&eacute;rez, a modo de recuerdo, la banda que le fue entregada el d&iacute;a de su asunci&oacute;n en el a&ntilde;o 2011.<\/p>\n<p>Luego de eso Cornejo y Montero salieron al balc&oacute;n del despacho para saludar al p&uacute;blico que asisti&oacute; a la asunci&oacute;n, quienes con mucha alegr&iacute;a apoyaron con aplausos el cambio de gesti&oacute;n.<\/p>\n<p>Finalmente bajaron a la explanada, donde Alfredo Cornejo tom&oacute; juramento a los ministros y secretarios que conformar&aacute;n su gabinete.<\/p>\n<p><a href=\"https:\/\/www.mendoza.gov.ar\/prensa\/wp-content\/uploads\/sites\/23\/Alfredo-y-Laura-en-Casa-de-Gobierno.jpg\"><img loading=\"lazy\" class=\"alignnone wp-image-43949 img-responsive center-block\" src=\"https:\/\/www.mendoza.gov.ar\/prensa\/wp-content\/uploads\/sites\/23\/Alfredo-y-Laura-en-Casa-de-Gobierno.jpg\" alt=\"Alfredo y Laura en Casa de Gobierno\" width=\"650\" height=\"432\"><\/a><\/p>\n<\/body><\/html>\n","protected":false},"excerpt":{"rendered":"El flamante mandatario recibi\u00f3 los atributos luego de jurar en la Legislatura de Mendoza como gobernador para el per\u00edodo 2015-2019. El traspaso de mando se realiz\u00f3 en el cuarto piso de Casa de Gobierno.","protected":false},"author":3,"featured_media":43952,"comment_status":"open","ping_status":"open","sticky":false,"template":"","format":"standard","meta":[],"categories":[19],"tags":[],"_links":{"self":[{"href":"https:\/\/www.mendoza.gov.ar\/prensa\/wp-json\/wp\/v2\/posts\/43930"}],"collection":[{"href":"https:\/\/www.mendoza.gov.ar\/prensa\/wp-json\/wp\/v2\/posts"}],"about":[{"href":"https:\/\/www.mendoza.gov.ar\/prensa\/wp-json\/wp\/v2\/types\/post"}],"author":[{"embeddable":true,"href":"https:\/\/www.mendoza.gov.ar\/prensa\/wp-json\/wp\/v2\/users\/3"}],"replies":[{"embeddable":true,"href":"https:\/\/www.mendoza.gov.ar\/prensa\/wp-json\/wp\/v2\/comments?post=43930"}],"version-history":[{"count":0,"href":"https:\/\/www.mendoza.gov.ar\/prensa\/wp-json\/wp\/v2\/posts\/43930\/revisions"}],"wp:featuredmedia":[{"embeddable":true,"href":"https:\/\/www.mendoza.gov.ar\/prensa\/wp-json\/wp\/v2\/media\/43952"}],"wp:attachment":[{"href":"https:\/\/www.mendoza.gov.ar\/prensa\/wp-json\/wp\/v2\/media?parent=43930"}],"wp:term":[{"taxonomy":"category","embeddable":true,"href":"https:\/\/www.mendoza.gov.ar\/prensa\/wp-json\/wp\/v2\/categories?post=43930"},{"taxonomy":"post_tag","embeddable":true,"href":"https:\/\/www.mendoza.gov.ar\/prensa\/wp-json\/wp\/v2\/tags?post=43930"}],"curies":[{"name":"wp","href":"https:\/\/api.w.org\/{rel}","templated":true}]}}