{"id":43953,"date":"2015-12-10T10:59:40","date_gmt":"2015-12-10T13:59:40","guid":{"rendered":"http:\/\/prensa.mendoza.gov.ar\/?p=43953"},"modified":"2023-11-28T11:31:06","modified_gmt":"2023-11-28T14:31:06","slug":"cornejo-delineo-ejes-de-su-gobierno-en-su-discurso-en-la-explanada","status":"publish","type":"post","link":"https:\/\/www.mendoza.gov.ar\/prensa\/cornejo-delineo-ejes-de-su-gobierno-en-su-discurso-en-la-explanada\/","title":{"rendered":"Cornejo deline\u00f3 ejes de su gobierno en su discurso en la explanada"},"content":{"rendered":"<!DOCTYPE html PUBLIC \"-\/\/W3C\/\/DTD HTML 4.0 Transitional\/\/EN\" \"http:\/\/www.w3.org\/TR\/REC-html40\/loose.dtd\">\n<html><body><p>En su primer discurso como Gobernador, Alfredo Cornejo agradeci&oacute; la presencia de su familia, como as&iacute; tambi&eacute;n la del Frente Cambia Mendoza que lo llev&oacute; a la Gobernaci&oacute;n. Tambi&eacute;n agradeci&oacute; la presencia de los Intendentes electos con quienes aspira &ldquo;trabajar mancomunadamente, sean del color pol&iacute;tico que sean, quiero contar con ustedes en esta tarea.&rdquo;<\/p>\n<p>Cornejo se&ntilde;al&oacute; la necesidad de contar con una buena administraci&oacute;n e indic&oacute; que &ldquo;Mendoza necesita de una buena administraci&oacute;n. Los mendocinos saben que he heredado un Estado en situaci&oacute;n tr&aacute;gica, no se han terminado de pagar a&uacute;n los sueldos de noviembre&rdquo; sin embargo el Gobernador&nbsp; se mostr&oacute; optimista y dijo tener mucha fe en su equipo &ldquo;econ&oacute;mico econ&oacute;mico y sobre todo en el nuevo Gobierno Nacional.&rdquo;<\/p>\n<p>&ldquo;Necesitamos que el Estado funcione bien, que hayan buenos administradores porque administramos los recursos de todos los mendocinos&rdquo; afirm&oacute; Cornejo en medio de la ovaci&oacute;n de los presentes y asegur&oacute; tener metas muy peque&ntilde;as como lograr que &ldquo;cada ni&ntilde;o pueda salir de la primaria sabiendo leer y escribir y que los j&oacute;venes no abandonen la secundaria.&rdquo;<\/p>\n<p>Tras anunciar que &ldquo;no vamos a aumentar impuestos, ni tampoco vamos a echar gente, simplemente vamos a hacer lo que hicimos en Godoy Cruz&rdquo; el Gobernador asever&oacute; &ldquo;voy a ser muy exigente con mis funcionarios, no voy a aceptar ning&uacute;n caso de corrupci&oacute;n.&rdquo;<\/p>\n<p>&ldquo;Se acabaron los piquetes, no deben haber m&aacute;s atropellos, cualquier reclamo leg&iacute;timo no tiene porqu&eacute; afectar al resto de los ciudadanos&rdquo; y finaliz&oacute; solicit&aacute;ndole a los mendocinos que lo ayuden en &ldquo;este proceso de cambio cultural, ay&uacute;denme a gobernar bien a Mendoza, yo soy un empleado p&uacute;blico y la patronal son ustedes, los casi los 2 millones de mendocinos.&rdquo;<\/p>\n<p><strong>Jura de Ministros<\/strong><\/p>\n<p><a href=\"https:\/\/www.mendoza.gov.ar\/prensa\/wp-content\/uploads\/sites\/23\/ministros.jpg\"><img loading=\"lazy\" class=\"alignnone wp-image-43959 img-responsive center-block\" src=\"https:\/\/www.mendoza.gov.ar\/prensa\/wp-content\/uploads\/sites\/23\/ministros.jpg\" alt=\"\" width=\"650\" height=\"433\"><\/a><\/p>\n<p>Con la presencia de autoridades nacionales y provinciales, el presidente de la C&aacute;mara de Diputados, Emilio Monz&oacute;, y la vicegobernadora Laura Montero, Alfredo Cornejo dio inicio a la toma de juramentos de los ministros que integran el flamante Gabinete provincial.<\/p>\n<p>El nombramiento de cada Ministro despert&oacute; aplausos entre los diferentes sectores que ocuparon la explanada de Casa de Gobierno desde tempranas horas de la tarde. En este espacio, estilo plaza seca y frente a las escalinatas del palacio de gobierno, se ubicaron los invitados especiales, de los cuales muchos ya integraron gobiernos provinciales en gestiones del mismo color pol&iacute;tico.<\/p>\n<p>Juraron ante la escribana General de Gobierno: Dalmiro Garay como ministro de Gobierno, Justicia y trabajo;&nbsp;&nbsp;Gianni Venier &nbsp;a cargo del ministerio de Seguridad; Pedro Mart&iacute;n Kerchner nuevo ministro de Hacienda y Finanzas; Rub&eacute;n Giacchi, ministro de Salud, Desarrollo Social y Deportes; Enrique Vaqui&eacute; ministro de Econom&iacute;a, Infraestructura y Energ&iacute;a, y Jaime Correas a cargo de &nbsp;la Direcci&oacute;n de Escuelas.<\/p>\n<p><strong>Instant&aacute;neas de la asunci&oacute;n<\/strong><\/p>\n<p><strong>&ldquo;Escuchar a quienes me votaron&rdquo;<\/strong><\/p>\n<p>Este fue de los puntos del discurso de Cornejo m&aacute;s aplaudido. Remarc&oacute; especialmente la necesidad de escuchar a quienes no lo votaron &ldquo;porque seguramente tienen mucho que decir&rdquo;.<\/p>\n<p>Otro tramo del discurso diferenciador fue el pedido de ayuda a los empleados p&uacute;blicos, los maestros, empresarios, personal de seguridad.<\/p>\n<p><strong>Violeta es el color<\/strong><\/p>\n<p>Contrastando con un cielo gris del atardecer, los leds violetas iluminaron el contorno y las columnas del palacio de la Casa de Gobierno. El violeta es el color protag&oacute;nico de la nueva gesti&oacute;n provincial. De hecho los banners y pendones que &ldquo;vistieron&rdquo; el palacio del Ejecutivo Provincial lo confirmaron. Este fondo p&uacute;rpura enmarc&oacute; la nueva marca: el escudo provincial, simplificado, acompa&ntilde;ado por el texto de bajada del &ldquo;nuevo gobierno&rdquo;.<\/p>\n<p><strong>Nombramientos<\/strong>&nbsp;<strong>de ministros<\/strong><\/p>\n<p>Este momento despert&oacute; aplausos en los distintos sectores. La explanada frente a las escalinatas, donde se ubicaron invitados especiales, de los cuales muchos ya integraron gobiernos provinciales en gestiones anteriores del mismo color pol&iacute;tico, estall&oacute; en la manifestaci&oacute;n apoyando incondicionalmente al grupo reducido de ministros &ndash;muchos menos que en la gesti&oacute;n anterior-.<\/p>\n<p>Detr&aacute;s y frente a la Casa de Gobierno se situ&oacute; la militancia. Identificable f&aacute;cilmente con sus banderas rojas y blancas, as&iacute; como blancas y celestes, indicaban el lugar el lugar de la militancia que al cierre del acto se llen&oacute; de fuegos artificiales y puro festejo.<\/p>\n<p><strong>El escenario<\/strong><\/p>\n<p>Las escalinatas de Casa de Gobierno tuvieron dos palcos y en el medio se abr&iacute;a la escalinata para que el Gobernador y sus Ministros estuvieran cerca&nbsp; de fot&oacute;grafos, periodistas e invitados especiales.<\/p>\n<p><strong>Drones y lenguaje de se&ntilde;as<\/strong><\/p>\n<p>Mientras un multic&oacute;ptero&nbsp; que transporta una peque&ntilde;a camara para realizar tomas&nbsp;a&eacute;reas, fue uno de los rasgos de color del acto. Y desde el escenario un experto traduc&iacute;a los discursos en lenguaje de se&ntilde;as.<\/p>\n<p><strong>El clima y el perfume<\/strong><\/p>\n<p>Una brisa c&aacute;lida desde el Parque C&iacute;vico trajo hasta la explanada de Casa de Gobierno el aroma de los tilos de enfrente. Este perfume apacible de los inmensos &aacute;rboles fue el contrapunto de la vehemencia e intensidad con las que el Gobernador plante&oacute; las metas de su gesti&oacute;n.<\/p>\n<\/body><\/html>\n","protected":false},"excerpt":{"rendered":"Durante unos 50 minutos, el nuevo Gobernador anticip\u00f3 cu\u00e1les ser\u00e1n sus pol\u00edticas de gesti\u00f3n durante los pr\u00f3ximos cuatro a\u00f1os. Previamente, le tom\u00f3 juramento a los nuevos ministros.","protected":false},"author":3,"featured_media":43958,"comment_status":"open","ping_status":"open","sticky":false,"template":"","format":"standard","meta":[],"categories":[19],"tags":[],"_links":{"self":[{"href":"https:\/\/www.mendoza.gov.ar\/prensa\/wp-json\/wp\/v2\/posts\/43953"}],"collection":[{"href":"https:\/\/www.mendoza.gov.ar\/prensa\/wp-json\/wp\/v2\/posts"}],"about":[{"href":"https:\/\/www.mendoza.gov.ar\/prensa\/wp-json\/wp\/v2\/types\/post"}],"author":[{"embeddable":true,"href":"https:\/\/www.mendoza.gov.ar\/prensa\/wp-json\/wp\/v2\/users\/3"}],"replies":[{"embeddable":true,"href":"https:\/\/www.mendoza.gov.ar\/prensa\/wp-json\/wp\/v2\/comments?post=43953"}],"version-history":[{"count":1,"href":"https:\/\/www.mendoza.gov.ar\/prensa\/wp-json\/wp\/v2\/posts\/43953\/revisions"}],"predecessor-version":[{"id":386250,"href":"https:\/\/www.mendoza.gov.ar\/prensa\/wp-json\/wp\/v2\/posts\/43953\/revisions\/386250"}],"wp:featuredmedia":[{"embeddable":true,"href":"https:\/\/www.mendoza.gov.ar\/prensa\/wp-json\/wp\/v2\/media\/43958"}],"wp:attachment":[{"href":"https:\/\/www.mendoza.gov.ar\/prensa\/wp-json\/wp\/v2\/media?parent=43953"}],"wp:term":[{"taxonomy":"category","embeddable":true,"href":"https:\/\/www.mendoza.gov.ar\/prensa\/wp-json\/wp\/v2\/categories?post=43953"},{"taxonomy":"post_tag","embeddable":true,"href":"https:\/\/www.mendoza.gov.ar\/prensa\/wp-json\/wp\/v2\/tags?post=43953"}],"curies":[{"name":"wp","href":"https:\/\/api.w.org\/{rel}","templated":true}]}}