{"id":43971,"date":"2015-12-10T12:46:59","date_gmt":"2015-12-10T15:46:59","guid":{"rendered":"http:\/\/prensa.mendoza.gov.ar\/?p=43971"},"modified":"2015-12-10T12:46:59","modified_gmt":"2015-12-10T15:46:59","slug":"montero-y-kerchner-se-reunieron-esta-manana-con-el-titular-de-la-auditoria-general-de-la-nacion","status":"publish","type":"post","link":"https:\/\/www.mendoza.gov.ar\/prensa\/montero-y-kerchner-se-reunieron-esta-manana-con-el-titular-de-la-auditoria-general-de-la-nacion\/","title":{"rendered":"Montero y Kerchner se reunieron con el titular de la Auditor\u00eda General de la Naci\u00f3n"},"content":{"rendered":"<!DOCTYPE html PUBLIC \"-\/\/W3C\/\/DTD HTML 4.0 Transitional\/\/EN\" \"http:\/\/www.w3.org\/TR\/REC-html40\/loose.dtd\">\n<html><body><p>Alfredo Cornejo y Laura Montero, hab&iacute;an solicitado el pasado 29 de julio tanto a la Auditor&iacute;a General de la Naci&oacute;n y&nbsp;a la Comisi&oacute;n Bicameral Parlamentaria Mixta Revisora de Cuentas que la AGN, como &oacute;rgano competente de acuerdo a las facultades conferidas por el art&iacute;culo 85 de la Constituci&oacute;n Nacional y por la Ley N&ordm; 24.156, realizar una Auditoria de Corte &nbsp;que incluyera las transferencias provenientes tanto de fuentes internas (por ejemplo, Tesoro Nacional, Recursos con Afectaci&oacute;n Espec&iacute;fica, etc.) como de externas (cr&eacute;ditos de organismos multilaterales).<\/p>\n<p>&ldquo;El encuentro sirvi&oacute; para comenzar a coordinar el trabajo de los auditores en Mendoza despu&eacute;s del 10 de diciembre, ya que la AGN aprob&oacute; la auditoria en la provincia. Hemos establecido los puntos m&aacute;s importantes a fin de tener&nbsp;precisiones sobre la situaci&oacute;n&nbsp;del Estado Provincial, sus organismos y empresas&nbsp;al momento de asumir la gesti&oacute;n. El equipo de auditores ya designado que nos va a acompa&ntilde;ar tienen sobrada experiencia en la tarea solicitada&rdquo;&nbsp;se&ntilde;al&oacute; Laura Montero, vicegobernadora a cargo de la gobernaci&oacute;n.<\/p>\n<p>&nbsp;<\/p>\n<p><a href=\"https:\/\/www.mendoza.gov.ar\/prensa\/wp-content\/uploads\/sites\/23\/DSC_1491.jpg\"><img loading=\"lazy\" class=\"alignnone wp-image-43977 img-responsive center-block\" src=\"https:\/\/www.mendoza.gov.ar\/prensa\/wp-content\/uploads\/sites\/23\/DSC_1491.jpg\" alt=\"Laura Montero\" width=\"480\" height=\"319\"><\/a><\/p>\n<p>Adem&aacute;s indic&oacute; que durante la reuni&oacute;n se habl&oacute; &ldquo;de la situaci&oacute;n que viven los municipios de Guaymall&eacute;n, Las Heras, General Alvear y Malarg&uuml;e,&nbsp; los que requieren tambi&eacute;n del trabajo de los auditores para brindar un buen an&aacute;lisis de situaci&oacute;n de cara a las nuevas administraciones. Insisto en que este proceso que estamos implementando en Mendoza pueda sentar precedentes y sea algo normal cada vez haya un cambio de gobierno&rdquo;.<\/p>\n<p>&ldquo;Lo que le hemos pedido a la Auditoria General de la Naci&oacute;n es que nos ayude en este proceso de corte a los funcionarios entrantes&rdquo; aclar&oacute; Mart&iacute;n Kerchner quien inform&oacute; que &ldquo;la tarea de auditor&iacute;a va&nbsp;&nbsp;a durar 48 horas y va a afectar a todos los organismos de Estado incluidos aquellos descentralizados como el Instituto de Juegos y Casinos, IPV y OSEP, adem&aacute;s de todos los ministerios y poderes del Estado&rdquo;.<\/p>\n<p>&ldquo;El objetivo principal de esto es determinar cu&aacute;l es el inventario de problemas que nos est&aacute; dejando la gesti&oacute;n anterior para saber cu&aacute;l va a ser la prioridad&rdquo; marc&oacute; el Ministro tras denunciar que &ldquo;nos hemos enterado que ayer se han hecho pagos muy importantes en la OSEP sin conocimiento de la autoridad de entrante, son m&aacute;s de 30 millones de pesos. Justamente por esos pagos la caja ha quedado pr&aacute;cticamente en cero.&rdquo;<\/p>\n<p>&ldquo;Nos vamos a comunicar con el Banco Naci&oacute;n para ver qu&eacute; medida podemos tomar para comenzar a partir de esta tarde o ma&ntilde;ana a cancelar algunos municipios que est&aacute;n con muchos problemas financieros como es el caso de Guaymall&eacute;n y Las Heras&nbsp;e ir terminando de cancelar los sueldos de empleados estatales de noviembre&rdquo; concluy&oacute; Kerchner.<\/p>\n<p><strong>&nbsp;<\/strong><\/p>\n<p><strong>&nbsp;<\/strong><\/p>\n<\/body><\/html>\n","protected":false},"excerpt":{"rendered":"La vicegobernadora a cargo de la gobernaci\u00f3n, Laura Montero y el Ministro de Hacienda y Finanzas, Mart\u00edn Kerchner mantuvieron hoy una reuni\u00f3n con el titular de la Auditor\u00eda General de la Naci\u00f3n, Leandro Despouy y parte del equipo de auditores con el fin de comenzar, tal como se prometi\u00f3 durante la campa\u00f1a,\u00a0 con la revisi\u00f3n exhaustiva de las transferencias de fondos para financiar gastos corrientes y de capital, realizadas por el Gobierno nacional a la provincia de Mendoza y a sus municipios durante los ejercicios 2014 y 2015.","protected":false},"author":3,"featured_media":43972,"comment_status":"open","ping_status":"open","sticky":false,"template":"","format":"standard","meta":[],"categories":[19,21],"tags":[],"_links":{"self":[{"href":"https:\/\/www.mendoza.gov.ar\/prensa\/wp-json\/wp\/v2\/posts\/43971"}],"collection":[{"href":"https:\/\/www.mendoza.gov.ar\/prensa\/wp-json\/wp\/v2\/posts"}],"about":[{"href":"https:\/\/www.mendoza.gov.ar\/prensa\/wp-json\/wp\/v2\/types\/post"}],"author":[{"embeddable":true,"href":"https:\/\/www.mendoza.gov.ar\/prensa\/wp-json\/wp\/v2\/users\/3"}],"replies":[{"embeddable":true,"href":"https:\/\/www.mendoza.gov.ar\/prensa\/wp-json\/wp\/v2\/comments?post=43971"}],"version-history":[{"count":0,"href":"https:\/\/www.mendoza.gov.ar\/prensa\/wp-json\/wp\/v2\/posts\/43971\/revisions"}],"wp:featuredmedia":[{"embeddable":true,"href":"https:\/\/www.mendoza.gov.ar\/prensa\/wp-json\/wp\/v2\/media\/43972"}],"wp:attachment":[{"href":"https:\/\/www.mendoza.gov.ar\/prensa\/wp-json\/wp\/v2\/media?parent=43971"}],"wp:term":[{"taxonomy":"category","embeddable":true,"href":"https:\/\/www.mendoza.gov.ar\/prensa\/wp-json\/wp\/v2\/categories?post=43971"},{"taxonomy":"post_tag","embeddable":true,"href":"https:\/\/www.mendoza.gov.ar\/prensa\/wp-json\/wp\/v2\/tags?post=43971"}],"curies":[{"name":"wp","href":"https:\/\/api.w.org\/{rel}","templated":true}]}}