{"id":439815,"date":"2024-11-06T15:07:26","date_gmt":"2024-11-06T18:07:26","guid":{"rendered":"https:\/\/www.mendoza.gov.ar\/prensa\/?p=439815"},"modified":"2024-11-06T16:23:03","modified_gmt":"2024-11-06T19:23:03","slug":"mendoza-expuso-sobre-transicion-energetica-y-politicas-hidrocarburiferas-en-el-seminario-anual-del-iae-general-mosconi","status":"publish","type":"post","link":"https:\/\/www.mendoza.gov.ar\/prensa\/mendoza-expuso-sobre-transicion-energetica-y-politicas-hidrocarburiferas-en-el-seminario-anual-del-iae-general-mosconi\/","title":{"rendered":"Mendoza expuso sobre transici\u00f3n energ\u00e9tica y pol\u00edticas hidrocarbur\u00edferas en el Seminario Anual del Instituto General Mosconi"},"content":{"rendered":"<!DOCTYPE html PUBLIC \"-\/\/W3C\/\/DTD HTML 4.0 Transitional\/\/EN\" \"http:\/\/www.w3.org\/TR\/REC-html40\/loose.dtd\">\n<html><body><h5>La ministra de Energ&iacute;a y Ambiente, Jimena Latorre, dio detalles sobre las acciones que lleva adelante la provincia hacia energ&iacute;as limpias, adem&aacute;s de la importancia de minerales clave para su desarrollo. Por su parte, el presidente de Emesa, Pablo Magistocchi, expuso sobre las pol&iacute;ticas para la atracci&oacute;n de inversiones en el sector de hidrocarburos.<\/h5>\n\n\n\n<p>La ministra de Energ&iacute;a y Ambiente, Jimena Latorre, y el presidente de la Empresa Mendocina de Energ&iacute;a (Emesa), Pablo Magistocchi, fueron invitados por el Instituto Argentino de la Energ&iacute;a General Mosconi a exponer las pol&iacute;ticas energ&eacute;ticas que lleva adelante Mendoza. Fue en el seminario que cada a&ntilde;o organiza la instituci&oacute;n y que re&uacute;ne a los referentes m&aacute;s destacados del sector.<\/p>\n\n\n\n<p>El encuentro, que se realiz&oacute; en el Consejo Profesional de Ingenier&iacute;a Mec&aacute;nica y Electricista en Buenos Aires, se centr&oacute; en la energ&iacute;a como motor de la recuperaci&oacute;n econ&oacute;mica, adem&aacute;s de los desaf&iacute;os y las estrategias para la transici&oacute;n energ&eacute;tica.<\/p>\n\n\n\n<p>&ldquo;Hablamos del gran potencial de Mendoza y San Juan, y de la Argentina en su conjunto en materia de miner&iacute;a. Ser&iacute;a il&oacute;gico pensar que nosotros vamos a generar nuestra transici&oacute;n energ&eacute;tica a partir de los minerales que nosotros mismos produzcamos&rdquo;, afirm&oacute; la ministra.<\/p>\n\n\n\n<p>&ldquo;Para ponernos al d&iacute;a con las obras en las que estamos atrasados, para modernizar y cambiar nuestro parque m&oacute;vil y electrificar tambi&eacute;n nuestra movilidad, necesitamos una reactivaci&oacute;n econ&oacute;mica que, sin duda, puede venir de la mano de esa gran ventana de oportunidad que se genera sobre todo en las provincias andinas que tienen este potencial en los minerales cr&iacute;ticos&rdquo;, asegur&oacute;.<\/p>\n\n\n\n<p>Latorre destac&oacute; la importancia del cobre y la creciente demanda para la energ&iacute;a del futuro. &ldquo;Las cinco fajas del cintur&oacute;n del Pac&iacute;fico ingresan en la cordillera en la provincia de Mendoza. La semana que viene, el Senado de Mendoza tratar&aacute; las 34 declaraciones de impacto ambiental del proyecto denominado Malarg&uuml;e Distrito Minero Occidental&rdquo;, record&oacute;. Adem&aacute;s, destac&oacute; que el inicio de las exploraciones ser&aacute; &ldquo;un gran aporte&rdquo; no solo para la provincia sino tambi&eacute;n para todo el pa&iacute;s.<\/p>\n\n\n\n<p>Por su parte, Pablo Magistocchi describi&oacute; las iniciativas de Emesa, que trabaja en pol&iacute;ticas p&uacute;blicas de energ&iacute;as renovables y en hidrocarburos para atraer inversi&oacute;n privada.<\/p>\n\n\n\n<p>Cabe recordar que Mendoza, adem&aacute;s de transparencia y marco regulatorio claro, ha implementado asociaciones p&uacute;blico-privadas (APP) desde Emesa, una exitosa estrategia que ha permitido reactivar pozos maduros y constituir alianzas que han dado como resultado una clara reducci&oacute;n en la declinaci&oacute;n hist&oacute;rica que arrastraba la provincia.<\/p>\n\n\n\n<p>Emesa tambi&eacute;n promueve pr&aacute;cticas responsables y sostenibles en la extracci&oacute;n de hidrocarburos, incentivando el uso de tecnolog&iacute;as que minimicen el impacto ambiental, adem&aacute;s del desarrollo de infraestructura clave para el transporte y distribuci&oacute;n de hidrocarburos.<\/p>\n\n\n\n<figure class=\"wp-block-gallery columns-3\"><ul class=\"blocks-gallery-grid\"><li class=\"blocks-gallery-item\"><figure><a href=\"https:\/\/www.mendoza.gov.ar\/wp-content\/uploads\/sites\/5\/2024\/11\/WhatsApp-Image-2024-11-06-at-14.51.55-1.jpeg\"><img loading=\"lazy\" width=\"700\" height=\"933\" src=\"https:\/\/www.mendoza.gov.ar\/wp-content\/uploads\/sites\/5\/2024\/11\/WhatsApp-Image-2024-11-06-at-14.51.55-1-700x933.jpeg\" alt=\"\" data-id=\"439819\" data-full-url=\"https:\/\/www.mendoza.gov.ar\/wp-content\/uploads\/sites\/5\/2024\/11\/WhatsApp-Image-2024-11-06-at-14.51.55-1.jpeg\" data-link=\"https:\/\/www.mendoza.gov.ar\/prensa\/?attachment_id=439819\" class=\"wp-image-439819 img-responsive center-block\" srcset=\"https:\/\/www.mendoza.gov.ar\/wp-content\/uploads\/sites\/5\/2024\/11\/WhatsApp-Image-2024-11-06-at-14.51.55-1-700x933.jpeg 700w, https:\/\/www.mendoza.gov.ar\/wp-content\/uploads\/sites\/5\/2024\/11\/WhatsApp-Image-2024-11-06-at-14.51.55-1-250x333.jpeg 250w, https:\/\/www.mendoza.gov.ar\/wp-content\/uploads\/sites\/5\/2024\/11\/WhatsApp-Image-2024-11-06-at-14.51.55-1-768x1024.jpeg 768w, https:\/\/www.mendoza.gov.ar\/wp-content\/uploads\/sites\/5\/2024\/11\/WhatsApp-Image-2024-11-06-at-14.51.55-1-1152x1536.jpeg 1152w, https:\/\/www.mendoza.gov.ar\/wp-content\/uploads\/sites\/5\/2024\/11\/WhatsApp-Image-2024-11-06-at-14.51.55-1-120x160.jpeg 120w, https:\/\/www.mendoza.gov.ar\/wp-content\/uploads\/sites\/5\/2024\/11\/WhatsApp-Image-2024-11-06-at-14.51.55-1.jpeg 1200w\" sizes=\"(max-width: 700px) 100vw, 700px\"><\/a><\/figure><\/li><li class=\"blocks-gallery-item\"><figure><a href=\"https:\/\/www.mendoza.gov.ar\/wp-content\/uploads\/sites\/5\/2024\/11\/WhatsApp-Image-2024-11-06-at-14.51.55.jpeg\"><img loading=\"lazy\" width=\"700\" height=\"1244\" src=\"https:\/\/www.mendoza.gov.ar\/wp-content\/uploads\/sites\/5\/2024\/11\/WhatsApp-Image-2024-11-06-at-14.51.55-700x1244.jpeg\" alt=\"\" data-id=\"439820\" data-full-url=\"https:\/\/www.mendoza.gov.ar\/wp-content\/uploads\/sites\/5\/2024\/11\/WhatsApp-Image-2024-11-06-at-14.51.55.jpeg\" data-link=\"https:\/\/www.mendoza.gov.ar\/prensa\/?attachment_id=439820\" class=\"wp-image-439820 img-responsive center-block\" srcset=\"https:\/\/www.mendoza.gov.ar\/wp-content\/uploads\/sites\/5\/2024\/11\/WhatsApp-Image-2024-11-06-at-14.51.55-700x1244.jpeg 700w, https:\/\/www.mendoza.gov.ar\/wp-content\/uploads\/sites\/5\/2024\/11\/WhatsApp-Image-2024-11-06-at-14.51.55-250x444.jpeg 250w, https:\/\/www.mendoza.gov.ar\/wp-content\/uploads\/sites\/5\/2024\/11\/WhatsApp-Image-2024-11-06-at-14.51.55-120x213.jpeg 120w, https:\/\/www.mendoza.gov.ar\/wp-content\/uploads\/sites\/5\/2024\/11\/WhatsApp-Image-2024-11-06-at-14.51.55.jpeg 720w\" sizes=\"(max-width: 700px) 100vw, 700px\"><\/a><\/figure><\/li><li class=\"blocks-gallery-item\"><figure><a href=\"https:\/\/www.mendoza.gov.ar\/wp-content\/uploads\/sites\/5\/2024\/11\/WhatsApp-Image-2024-11-06-at-14.51.30-1.jpeg\"><img loading=\"lazy\" width=\"700\" height=\"315\" src=\"https:\/\/www.mendoza.gov.ar\/wp-content\/uploads\/sites\/5\/2024\/11\/WhatsApp-Image-2024-11-06-at-14.51.30-1-700x315.jpeg\" alt=\"\" data-id=\"439821\" data-full-url=\"https:\/\/www.mendoza.gov.ar\/wp-content\/uploads\/sites\/5\/2024\/11\/WhatsApp-Image-2024-11-06-at-14.51.30-1.jpeg\" data-link=\"https:\/\/www.mendoza.gov.ar\/prensa\/?attachment_id=439821\" class=\"wp-image-439821 img-responsive center-block\" srcset=\"https:\/\/www.mendoza.gov.ar\/wp-content\/uploads\/sites\/5\/2024\/11\/WhatsApp-Image-2024-11-06-at-14.51.30-1-700x315.jpeg 700w, https:\/\/www.mendoza.gov.ar\/wp-content\/uploads\/sites\/5\/2024\/11\/WhatsApp-Image-2024-11-06-at-14.51.30-1-250x113.jpeg 250w, https:\/\/www.mendoza.gov.ar\/wp-content\/uploads\/sites\/5\/2024\/11\/WhatsApp-Image-2024-11-06-at-14.51.30-1-768x346.jpeg 768w, https:\/\/www.mendoza.gov.ar\/wp-content\/uploads\/sites\/5\/2024\/11\/WhatsApp-Image-2024-11-06-at-14.51.30-1-1536x691.jpeg 1536w, https:\/\/www.mendoza.gov.ar\/wp-content\/uploads\/sites\/5\/2024\/11\/WhatsApp-Image-2024-11-06-at-14.51.30-1-120x54.jpeg 120w, https:\/\/www.mendoza.gov.ar\/wp-content\/uploads\/sites\/5\/2024\/11\/WhatsApp-Image-2024-11-06-at-14.51.30-1.jpeg 1600w\" sizes=\"(max-width: 700px) 100vw, 700px\"><\/a><\/figure><\/li><li class=\"blocks-gallery-item\"><figure><a href=\"https:\/\/www.mendoza.gov.ar\/wp-content\/uploads\/sites\/5\/2024\/11\/WhatsApp-Image-2024-11-06-at-14.51.30.jpeg\"><img src=\"https:\/\/www.mendoza.gov.ar\/wp-content\/uploads\/sites\/5\/2024\/11\/WhatsApp-Image-2024-11-06-at-14.51.30-700x1556.jpeg\" alt=\"\" data-id=\"439822\" data-full-url=\"https:\/\/www.mendoza.gov.ar\/wp-content\/uploads\/sites\/5\/2024\/11\/WhatsApp-Image-2024-11-06-at-14.51.30.jpeg\" data-link=\"https:\/\/www.mendoza.gov.ar\/prensa\/?attachment_id=439822\" class=\"wp-image-439822 img-responsive center-block\"><\/a><\/figure><\/li><\/ul><\/figure>\n<\/body><\/html>\n","protected":false},"excerpt":{"rendered":"La ministra de Energ&iacute;a y Ambiente, Jimena Latorre, dio detalles sobre las acciones que lleva adelante la provincia hacia energ&iacute;as limpias, adem&aacute;s de la importancia de minerales clave para su desarrollo. Por su parte, el presidente de Emesa, Pablo Magistocchi, expuso sobre las pol&iacute;ticas para la atracci&oacute;n de inversiones en el sector de hidrocarburos. La&#8230; <a class=\"view-article\" href=\"https:\/\/www.mendoza.gov.ar\/prensa\/mendoza-expuso-sobre-transicion-energetica-y-politicas-hidrocarburiferas-en-el-seminario-anual-del-iae-general-mosconi\/\"><\/a>","protected":false},"author":63,"featured_media":439822,"comment_status":"open","ping_status":"open","sticky":false,"template":"","format":"standard","meta":[],"categories":[3,3038,3062],"tags":[],"_links":{"self":[{"href":"https:\/\/www.mendoza.gov.ar\/prensa\/wp-json\/wp\/v2\/posts\/439815"}],"collection":[{"href":"https:\/\/www.mendoza.gov.ar\/prensa\/wp-json\/wp\/v2\/posts"}],"about":[{"href":"https:\/\/www.mendoza.gov.ar\/prensa\/wp-json\/wp\/v2\/types\/post"}],"author":[{"embeddable":true,"href":"https:\/\/www.mendoza.gov.ar\/prensa\/wp-json\/wp\/v2\/users\/63"}],"replies":[{"embeddable":true,"href":"https:\/\/www.mendoza.gov.ar\/prensa\/wp-json\/wp\/v2\/comments?post=439815"}],"version-history":[{"count":8,"href":"https:\/\/www.mendoza.gov.ar\/prensa\/wp-json\/wp\/v2\/posts\/439815\/revisions"}],"predecessor-version":[{"id":439831,"href":"https:\/\/www.mendoza.gov.ar\/prensa\/wp-json\/wp\/v2\/posts\/439815\/revisions\/439831"}],"wp:featuredmedia":[{"embeddable":true,"href":"https:\/\/www.mendoza.gov.ar\/prensa\/wp-json\/wp\/v2\/media\/439822"}],"wp:attachment":[{"href":"https:\/\/www.mendoza.gov.ar\/prensa\/wp-json\/wp\/v2\/media?parent=439815"}],"wp:term":[{"taxonomy":"category","embeddable":true,"href":"https:\/\/www.mendoza.gov.ar\/prensa\/wp-json\/wp\/v2\/categories?post=439815"},{"taxonomy":"post_tag","embeddable":true,"href":"https:\/\/www.mendoza.gov.ar\/prensa\/wp-json\/wp\/v2\/tags?post=439815"}],"curies":[{"name":"wp","href":"https:\/\/api.w.org\/{rel}","templated":true}]}}