{"id":44005,"date":"2015-12-11T15:19:21","date_gmt":"2015-12-11T18:19:21","guid":{"rendered":"http:\/\/prensa.mendoza.gov.ar\/?p=44005"},"modified":"2015-12-11T15:19:21","modified_gmt":"2015-12-11T18:19:21","slug":"cornejo-y-montero-asistieron-a-la-asunciones-de-iglesias-y-orozco","status":"publish","type":"post","link":"https:\/\/www.mendoza.gov.ar\/prensa\/cornejo-y-montero-asistieron-a-la-asunciones-de-iglesias-y-orozco\/","title":{"rendered":"Cornejo y Montero asistieron a la asunciones de Iglesias y Orozco"},"content":{"rendered":"<!DOCTYPE html PUBLIC \"-\/\/W3C\/\/DTD HTML 4.0 Transitional\/\/EN\" \"http:\/\/www.w3.org\/TR\/REC-html40\/loose.dtd\">\n<html><body><p>El departamento m&aacute;s poblado de la provincia qued&oacute; bajo el mando de Marcelino Iglesias luego de haber sido gobernado durante a&ntilde;os por el peronismo. Con el acompa&ntilde;amiento de Alfredo Cornejo y Laura Montero, Iglesias jur&oacute; como intendente ante la presencia de su gabinete de trabajo, vecinos y&nbsp; trabajadores municipales.<\/p>\n<p>&ldquo;Mi gesti&oacute;n va a estar enmarcada en la mayor austeridad, al igual que la de Alfredo Cornejo&rdquo;, asegur&oacute; Iglesias tras se&ntilde;alar que &ldquo;en campa&ntilde;a no promet&iacute; obras, s&iacute; promet&iacute; recuperar los valores que se han perdido en la administraci&oacute;n p&uacute;blica.&rdquo;<\/p>\n<p>Bajo el lema &ldquo;hoy Guaymall&eacute;n renace&rdquo;, el mandatario anunci&oacute; su deseo de &ldquo;transformar el municipio en una empresa de servicios&rdquo; luego de denunciar que Guaymall&eacute;n posee una &ldquo;deuda de 96 millones de pesos&rdquo; y de prometer que buscar&aacute; ordenar &ldquo;las cuentas p&uacute;blicas e investigar las irregularidades cometidas por Luis Lobos&rdquo;.<\/p>\n<p><a href=\"https:\/\/www.mendoza.gov.ar\/prensa\/wp-content\/uploads\/sites\/23\/guay-152.jpg\"><img loading=\"lazy\" class=\"alignnone wp-image-44015 img-responsive center-block\" src=\"https:\/\/www.mendoza.gov.ar\/prensa\/wp-content\/uploads\/sites\/23\/guay-152.jpg\" alt=\"\" width=\"650\" height=\"432\"><\/a><\/p>\n<p>&nbsp;<\/p>\n<p>&ldquo;Guaymall&eacute;n necesitaba un Intendente como Marcelino Iglesias&rdquo;, se&ntilde;al&oacute; el Gobernador al dirigirse a los presentes, durante el acto de asunci&oacute;n luego de que la vicegobernadora le agradeciera &ldquo;a los vecinos por tanto afecto.&rdquo;<\/p>\n<p>Pasado el medio d&iacute;a, Cornejo y Montero se dirigieron a en la plaza departamental &ldquo;Marcos Burgos&rdquo; para acompa&ntilde;ar a Daniel Orozco quien recibi&oacute; la intendencia de manos del Presidente del Concejo Deliberante, a cargo de la intendencia, Jos&eacute; Luis Ginnaneschi.<\/p>\n<p><a href=\"https:\/\/www.mendoza.gov.ar\/prensa\/wp-content\/uploads\/sites\/23\/cornejo-orozco-1.jpg\"><img loading=\"lazy\" class=\"alignnone wp-image-44017 img-responsive center-block\" src=\"https:\/\/www.mendoza.gov.ar\/prensa\/wp-content\/uploads\/sites\/23\/cornejo-orozco-1.jpg\" alt=\"\" width=\"650\" height=\"432\"><\/a><\/p>\n<p>En el departamento de Las Heras, desde 1987 no ganaba otro partido que no fuera el peronismo. Sin embargo, en estas elecciones triunf&oacute; el Frente Cambia Mendoza. En este contexto y ante una multitud, Orozco, que supo cultivar durante la campa&ntilde;a un perfil de pac&iacute;fico y conciliador, asumi&oacute; la intendencia del municipio.<\/p>\n<p>&ldquo;Hace un a&ntilde;o nadie pensaba que esto podr&iacute;a estar pasando. Voy a gobernar con austeridad y transparencia&rdquo;, declar&oacute; Orozco quien aspira a que en el 2017, a&ntilde;o del Bicentenario del departamento, &ldquo;Mauricio Macri venga al campo hist&oacute;rico de Las Heras&rdquo; y asegur&oacute; que &ldquo;nunca m&aacute;s vamos a tener diferencias al cruzar el zanj&oacute;n de Los Ciruelos, de Capital a Las Heras&rdquo;.<\/p>\n<p><a href=\"https:\/\/www.mendoza.gov.ar\/prensa\/wp-content\/uploads\/sites\/23\/cornejo-orozco.jpg\"><img loading=\"lazy\" class=\"alignnone wp-image-44018 img-responsive center-block\" src=\"https:\/\/www.mendoza.gov.ar\/prensa\/wp-content\/uploads\/sites\/23\/cornejo-orozco.jpg\" alt=\"\" width=\"650\" height=\"432\"><\/a><\/p>\n<p>&ldquo;La gente de Las Heras eligi&oacute; a alguien que los acompa&ntilde;e codo a codo. Vamos a mejorar las comuna paulatinamente&rdquo;, asever&oacute; Cornejo, y resalt&oacute; el hecho de que es necesario trabajar para que &ldquo;los hombres y mujeres del departamento vivan cada d&iacute;a mejor. Vamos a cuidar lo que en Las Heras se hizo bien y cambiar lo que se hizo mal.&rdquo;<\/p>\n<p>Por su parte, la vicegobernadora manifest&oacute; estar viviendo &ldquo;una incre&iacute;ble fiesta c&iacute;vica en Las Heras&rdquo; y se mostr&oacute; &ldquo;orgullosa por el equipo femenino&rdquo; que formar&aacute; parte del nuevo gabinete del intendente Orozco.<\/p>\n<\/body><\/html>\n","protected":false},"excerpt":{"rendered":"El gobernador Alfredo Cornejo y la vicegobernadora, Laura Montero, participaron de los actos de asunci\u00f3n de Marcelino Iglesias y Daniel Orozco durante la ma\u00f1ana de este viernes. Por la tarde asistir\u00e1n a los actos protocolares de capital y Rivadavia.","protected":false},"author":3,"featured_media":44007,"comment_status":"open","ping_status":"open","sticky":false,"template":"","format":"standard","meta":[],"categories":[19],"tags":[],"_links":{"self":[{"href":"https:\/\/www.mendoza.gov.ar\/prensa\/wp-json\/wp\/v2\/posts\/44005"}],"collection":[{"href":"https:\/\/www.mendoza.gov.ar\/prensa\/wp-json\/wp\/v2\/posts"}],"about":[{"href":"https:\/\/www.mendoza.gov.ar\/prensa\/wp-json\/wp\/v2\/types\/post"}],"author":[{"embeddable":true,"href":"https:\/\/www.mendoza.gov.ar\/prensa\/wp-json\/wp\/v2\/users\/3"}],"replies":[{"embeddable":true,"href":"https:\/\/www.mendoza.gov.ar\/prensa\/wp-json\/wp\/v2\/comments?post=44005"}],"version-history":[{"count":0,"href":"https:\/\/www.mendoza.gov.ar\/prensa\/wp-json\/wp\/v2\/posts\/44005\/revisions"}],"wp:featuredmedia":[{"embeddable":true,"href":"https:\/\/www.mendoza.gov.ar\/prensa\/wp-json\/wp\/v2\/media\/44007"}],"wp:attachment":[{"href":"https:\/\/www.mendoza.gov.ar\/prensa\/wp-json\/wp\/v2\/media?parent=44005"}],"wp:term":[{"taxonomy":"category","embeddable":true,"href":"https:\/\/www.mendoza.gov.ar\/prensa\/wp-json\/wp\/v2\/categories?post=44005"},{"taxonomy":"post_tag","embeddable":true,"href":"https:\/\/www.mendoza.gov.ar\/prensa\/wp-json\/wp\/v2\/tags?post=44005"}],"curies":[{"name":"wp","href":"https:\/\/api.w.org\/{rel}","templated":true}]}}